{"id":18792,"date":"2023-05-30T13:47:00","date_gmt":"2023-05-30T16:47:00","guid":{"rendered":"https:\/\/www.infomoney.com.br\/?p=2147944"},"modified":"2023-05-30T13:47:00","modified_gmt":"2023-05-30T16:47:00","slug":"para-tebet-bc-ja-teria-condicoes-de-reduzir-juros-a-partir-de-agosto","status":"publish","type":"post","link":"https:\/\/sindaopcpb.org.br\/index.php\/2023\/05\/30\/para-tebet-bc-ja-teria-condicoes-de-reduzir-juros-a-partir-de-agosto\/","title":{"rendered":"Para Tebet, BC j\u00e1 teria condi\u00e7\u00f5es de reduzir juros a partir de agosto"},"content":{"rendered":"<p><img loading=\"lazy\" width=\"300\" height=\"200\" src=\"https:\/\/www.infomoney.com.br\/wp-content\/uploads\/2023\/04\/52851037229_61f27b441c_c.jpg?fit=300%2C200&amp;quality=70&amp;strip=all\" class=\"attachment-medium size-medium wp-post-image\" alt=\"\" decoding=\"async\" style=\"float:right; margin:0 0 10px 10px;\" srcset=\"https:\/\/www.infomoney.com.br\/wp-content\/uploads\/2023\/04\/52851037229_61f27b441c_c.jpg?w=799&amp;quality=70&amp;strip=all 799w, https:\/\/www.infomoney.com.br\/wp-content\/uploads\/2023\/04\/52851037229_61f27b441c_c.jpg?w=300&amp;quality=70&amp;strip=all 300w, https:\/\/www.infomoney.com.br\/wp-content\/uploads\/2023\/04\/52851037229_61f27b441c_c.jpg?w=768&amp;quality=70&amp;strip=all 768w, https:\/\/www.infomoney.com.br\/wp-content\/uploads\/2023\/04\/52851037229_61f27b441c_c.jpg?w=150&amp;quality=70&amp;strip=all 150w\" sizes=\"auto, (max-width: 300px) 100vw, 300px\" data-attachment-id=\"2119319\" data-permalink=\"https:\/\/www.infomoney.com.br\/politica\/no-senado-tebet-diz-que-visoes-de-governo-e-bc-nao-sao-contraditorias-e-defende-que-juros-inflacao-e-crescimento-andem-juntos\/attachment\/52851037229_61f27b441c_c\/\" data-orig-file=\"https:\/\/www.infomoney.com.br\/wp-content\/uploads\/2023\/04\/52851037229_61f27b441c_c.jpg?fit=799%2C533&amp;quality=70&amp;strip=all\" data-orig-size=\"799,533\" data-comments-opened=\"0\" data-image-meta=\"{&quot;aperture&quot;:&quot;0&quot;,&quot;credit&quot;:&quot;Edilson Rodrigues\\\/Ag\\u00eancia Senad&quot;,&quot;camera&quot;:&quot;&quot;,&quot;caption&quot;:&quot;&quot;,&quot;created_timestamp&quot;:&quot;0&quot;,&quot;copyright&quot;:&quot;Senado Federal do Brasil&quot;,&quot;focal_length&quot;:&quot;0&quot;,&quot;iso&quot;:&quot;0&quot;,&quot;shutter_speed&quot;:&quot;0&quot;,&quot;title&quot;:&quot;&quot;,&quot;orientation&quot;:&quot;0&quot;}\" data-image-title=\"Simone Tebet\" data-image-description=\"\" data-image-caption=\"&lt;p&gt;A ministra do Planejamento e Or\u00e7amento, Simone Tebet (MDB), em sess\u00e3o de debate no Senado Federal (Foto: Edilson Rodrigues\/Ag\u00eancia Senado)&lt;\/p&gt;\n\" data-medium-file=\"https:\/\/www.infomoney.com.br\/wp-content\/uploads\/2023\/04\/52851037229_61f27b441c_c.jpg?fit=300%2C200&amp;quality=70&amp;strip=all\" data-large-file=\"https:\/\/www.infomoney.com.br\/wp-content\/uploads\/2023\/04\/52851037229_61f27b441c_c.jpg?fit=799%2C533&amp;quality=70&amp;strip=all\" title=\"\"><\/p>\n<p>A ministra do Planejamento, Simone Tebet, avaliou nesta ter\u00e7a-feira (30), que diante das condi\u00e7\u00f5es atuais o Banco Central j\u00e1 teria condi\u00e7\u00f5es de reduzir a taxa b\u00e1sica de juros em agosto, citando um corte de 0,25 ponto porcentual. &#8220;Todos os fatores macroecon\u00f4micos internos, arcabou\u00e7o, estimativa para PIB, desacelera\u00e7\u00e3o para infla\u00e7\u00e3o, tudo s\u00e3o fatores distintos dos que levaram de forma correta BC a elevar juros (no passado). T\u00ednhamos crise institucional no Brasil, isso impactava na economia&#8221;, disse Tebet, em live promovida pelo <i>O Globo<\/i> e <i>Valor Econ\u00f4mico<\/i>.<\/p>\n<p>Apesar de responder que n\u00e3o seria &#8220;necessariamente um erro&#8221; o Banco Central decidir pela manuten\u00e7\u00e3o da taxa na reuni\u00e3o de junho, destacando ser a favor da autonomia da institui\u00e7\u00e3o, Tebet defendeu que n\u00e3o haveria justificativa para a autarquia n\u00e3o baixar a Selic no segundo semestre.<\/p>\n<p>&#8220;Por isso ouso dizer que n\u00e3o h\u00e1 justificativa no semestre, em agosto, a n\u00e3o ser que fato relevante novo surja, de n\u00e3o pelo menos sinalizar uma queda de taxa de juros a m\u00e9dio prazo, por exemplo, j\u00e1 diminuindo em 0,25 na reuni\u00e3o do Copom de agosto deste ano&#8221;, disse Tebet.<\/p>\n<p>A ministra ainda pontuou que o BC est\u00e1 ligado \u00e0 m\u00e1quina p\u00fablica e que seus comunicados t\u00eam impacto pol\u00edtico.<\/p>\n<p>Segundo ela, esse documento e a ata divulgada pela institui\u00e7\u00e3o s\u00e3o um passo &#8220;t\u00e3o importante&#8221; quanto uma efetiva redu\u00e7\u00e3o da taxa. &#8220;Estava fazendo aquela cr\u00edtica, ora, se n\u00e3o dava para baixar juros, dava ao menos para sinalizar&#8230; Como depois na ata seguinte sinalizaram uma boa vontade t\u00e9cnica com equipe econ\u00f4mica e o governo&#8221;, disse.<\/p>\n<p>The post <a rel=\"nofollow noopener\" href=\"https:\/\/www.infomoney.com.br\/politica\/para-tebet-bc-ja-teria-condicoes-de-reduzir-juros-a-partir-de-agosto\/\" target=\"_blank\">Para Tebet, BC j\u00e1 teria condi\u00e7\u00f5es de reduzir juros a partir de agosto<\/a> appeared first on <a rel=\"nofollow noopener\" href=\"https:\/\/www.infomoney.com.br\/\" target=\"_blank\">InfoMoney<\/a>.<\/p>\n","protected":false},"excerpt":{"rendered":"<p><img loading=\"lazy\" decoding=\"async\" width=\"300\" height=\"200\" src=\"https:\/\/www.infomoney.com.br\/wp-content\/uploads\/2023\/04\/52851037229_61f27b441c_c.jpg?fit=300%2C200&amp;quality=70&amp;strip=all\" class=\"attachment-medium size-medium wp-post-image\" alt=\"\" data-attachment-id=\"2119319\" data-permalink=\"https:\/\/www.infomoney.com.br\/politica\/no-senado-tebet-diz-que-visoes-de-governo-e-bc-nao-sao-contraditorias-e-defende-que-juros-inflacao-e-crescimento-andem-juntos\/attachment\/52851037229_61f27b441c_c\/\" data-orig-file=\"https:\/\/www.infomoney.com.br\/wp-content\/uploads\/2023\/04\/52851037229_61f27b441c_c.jpg?fit=799%2C533&amp;quality=70&amp;strip=all\" data-orig-size=\"799,533\" data-comments-opened=\"0\" data-image-meta='{\"aperture\":\"0\",\"credit\":\"Edilson Rodrigues\\\/Ag\\u00eancia Senad\",\"camera\":\"\",\"caption\":\"\",\"created_timestamp\":\"0\",\"copyright\":\"Senado Federal do Brasil\",\"focal_length\":\"0\",\"iso\":\"0\",\"shutter_speed\":\"0\",\"title\":\"\",\"orientation\":\"0\"}' data-image-title=\"Simone Tebet\" data-image-description=\"\" data-image-caption=\"&lt;p&gt;A ministra do Planejamento e Or\u00e7amento, Simone Tebet (MDB), em sess\u00e3o de debate no Senado Federal (Foto: Edilson Rodrigues\/Ag\u00eancia Senado)&lt;\/p&gt;\n\" data-medium-file=\"https:\/\/www.infomoney.com.br\/wp-content\/uploads\/2023\/04\/52851037229_61f27b441c_c.jpg?fit=300%2C200&amp;quality=70&amp;strip=all\" data-large-file=\"https:\/\/www.infomoney.com.br\/wp-content\/uploads\/2023\/04\/52851037229_61f27b441c_c.jpg?fit=799%2C533&amp;quality=70&amp;strip=all\">Ministra ainda pontuou que a institui\u00e7\u00e3o est\u00e1 ligada \u00e0 m\u00e1quina p\u00fablica e que seus comunicados t\u00eam impacto pol\u00edtico<\/p>\n<p>The post <a rel=\"nofollow\" href=\"https:\/\/www.infomoney.com.br\/politica\/para-tebet-bc-ja-teria-condicoes-de-reduzir-juros-a-partir-de-agosto\/\">Para Tebet, BC j\u00e1 teria condi\u00e7\u00f5es de reduzir juros a partir de agosto<\/a> appeared first on <a rel=\"nofollow\" href=\"https:\/\/www.infomoney.com.br\/\">InfoMoney<\/a>.<\/p>\n","protected":false},"author":43,"featured_media":0,"comment_status":"closed","ping_status":"closed","sticky":false,"template":"","format":"standard","meta":{"advgb_blocks_editor_width":"","advgb_blocks_columns_visual_guide":"","footnotes":""},"categories":[279,34,47,360],"tags":[35],"class_list":["post-18792","post","type-post","status-publish","format-standard","hentry","category-banco-central","category-g1","category-politica","category-simone-tebet","tag-g1"],"author_meta":{"display_name":"Estad\u00e3o Conte\u00fado","author_link":"https:\/\/sindaopcpb.org.br\/author\/estadao-conteudo\/"},"featured_img":null,"coauthors":[],"tax_additional":{"categories":{"linked":["<a href=\"https:\/\/sindaopcpb.org.br\/banco-central\/\" class=\"advgb-post-tax-term\">Banco Central<\/a>","<a href=\"https:\/\/sindaopcpb.org.br\/g1\/\" class=\"advgb-post-tax-term\">G1<\/a>","<a href=\"https:\/\/sindaopcpb.org.br\/politica\/\" class=\"advgb-post-tax-term\">POLITICA<\/a>","<a href=\"https:\/\/sindaopcpb.org.br\/simone-tebet\/\" class=\"advgb-post-tax-term\">Simone Tebet<\/a>"],"unlinked":["<span class=\"advgb-post-tax-term\">Banco Central<\/span>","<span class=\"advgb-post-tax-term\">G1<\/span>","<span class=\"advgb-post-tax-term\">POLITICA<\/span>","<span class=\"advgb-post-tax-term\">Simone Tebet<\/span>"]},"tags":{"linked":["<a href=\"https:\/\/sindaopcpb.org.br\/simone-tebet\/\" class=\"advgb-post-tax-term\">g1<\/a>"],"unlinked":["<span class=\"advgb-post-tax-term\">g1<\/span>"]}},"comment_count":"0","relative_dates":{"created":"Publicado 3 anos atr\u00e1s","modified":"Atualizado 3 anos atr\u00e1s"},"absolute_dates":{"created":"Publicado em 30 de maio de 2023","modified":"Atualizado em 30 de maio de 2023"},"absolute_dates_time":{"created":"Publicado em 30 de maio de 2023 13:47","modified":"Atualizado em 30 de maio de 2023 13:47"},"featured_img_caption":"","series_order":"","_links":{"self":[{"href":"https:\/\/sindaopcpb.org.br\/index.php\/wp-json\/wp\/v2\/posts\/18792","targetHints":{"allow":["GET"]}}],"collection":[{"href":"https:\/\/sindaopcpb.org.br\/index.php\/wp-json\/wp\/v2\/posts"}],"about":[{"href":"https:\/\/sindaopcpb.org.br\/index.php\/wp-json\/wp\/v2\/types\/post"}],"author":[{"embeddable":true,"href":"https:\/\/sindaopcpb.org.br\/index.php\/wp-json\/wp\/v2\/users\/43"}],"replies":[{"embeddable":true,"href":"https:\/\/sindaopcpb.org.br\/index.php\/wp-json\/wp\/v2\/comments?post=18792"}],"version-history":[{"count":2,"href":"https:\/\/sindaopcpb.org.br\/index.php\/wp-json\/wp\/v2\/posts\/18792\/revisions"}],"predecessor-version":[{"id":18811,"href":"https:\/\/sindaopcpb.org.br\/index.php\/wp-json\/wp\/v2\/posts\/18792\/revisions\/18811"}],"wp:attachment":[{"href":"https:\/\/sindaopcpb.org.br\/index.php\/wp-json\/wp\/v2\/media?parent=18792"}],"wp:term":[{"taxonomy":"category","embeddable":true,"href":"https:\/\/sindaopcpb.org.br\/index.php\/wp-json\/wp\/v2\/categories?post=18792"},{"taxonomy":"post_tag","embeddable":true,"href":"https:\/\/sindaopcpb.org.br\/index.php\/wp-json\/wp\/v2\/tags?post=18792"}],"curies":[{"name":"wp","href":"https:\/\/api.w.org\/{rel}","templated":true}]}}