{"id":18779,"date":"2023-05-30T12:10:38","date_gmt":"2023-05-30T15:10:38","guid":{"rendered":"https:\/\/www.infomoney.com.br\/?p=2147682"},"modified":"2023-05-30T12:10:38","modified_gmt":"2023-05-30T15:10:38","slug":"tebet-preve-que-debate-sobre-reforma-tributaria-dure-ate-o-fim-do-ano-no-senado","status":"publish","type":"post","link":"https:\/\/sindaopcpb.org.br\/index.php\/2023\/05\/30\/tebet-preve-que-debate-sobre-reforma-tributaria-dure-ate-o-fim-do-ano-no-senado\/","title":{"rendered":"Tebet prev\u00ea que debate sobre reforma tribut\u00e1ria dure at\u00e9 o fim do ano no Senado"},"content":{"rendered":"<p><img loading=\"lazy\" width=\"300\" height=\"200\" src=\"https:\/\/www.infomoney.com.br\/wp-content\/uploads\/2023\/04\/52621591439_4403bdf32b_c.jpg?fit=300%2C200&amp;quality=70&amp;strip=all\" class=\"attachment-medium size-medium wp-post-image\" alt=\"\" decoding=\"async\" style=\"float:right; margin:0 0 10px 10px;\" srcset=\"https:\/\/www.infomoney.com.br\/wp-content\/uploads\/2023\/04\/52621591439_4403bdf32b_c.jpg?w=799&amp;quality=70&amp;strip=all 799w, https:\/\/www.infomoney.com.br\/wp-content\/uploads\/2023\/04\/52621591439_4403bdf32b_c.jpg?w=300&amp;quality=70&amp;strip=all 300w, https:\/\/www.infomoney.com.br\/wp-content\/uploads\/2023\/04\/52621591439_4403bdf32b_c.jpg?w=768&amp;quality=70&amp;strip=all 768w, https:\/\/www.infomoney.com.br\/wp-content\/uploads\/2023\/04\/52621591439_4403bdf32b_c.jpg?w=150&amp;quality=70&amp;strip=all 150w\" sizes=\"auto, (max-width: 300px) 100vw, 300px\" data-attachment-id=\"2109715\" data-permalink=\"https:\/\/www.infomoney.com.br\/politica\/simone-tebet-projeto-de-lei-diretrizes-orcamentarias-deficit-zero-2024-ao-vivo\/attachment\/52621591439_4403bdf32b_c\/\" data-orig-file=\"https:\/\/www.infomoney.com.br\/wp-content\/uploads\/2023\/04\/52621591439_4403bdf32b_c.jpg?fit=799%2C533&amp;quality=70&amp;strip=all\" data-orig-size=\"799,533\" data-comments-opened=\"0\" data-image-meta=\"{&quot;aperture&quot;:&quot;0&quot;,&quot;credit&quot;:&quot;&quot;,&quot;camera&quot;:&quot;&quot;,&quot;caption&quot;:&quot;&quot;,&quot;created_timestamp&quot;:&quot;0&quot;,&quot;copyright&quot;:&quot;&quot;,&quot;focal_length&quot;:&quot;0&quot;,&quot;iso&quot;:&quot;0&quot;,&quot;shutter_speed&quot;:&quot;0&quot;,&quot;title&quot;:&quot;&quot;,&quot;orientation&quot;:&quot;0&quot;}\" data-image-title=\"Simone Tebet\" data-image-description=\"\" data-image-caption=\"&lt;p&gt;A ministra do Planejamento e Or\u00e7amento, Simone Tebet (MDB), durante entrevista coletiva (FOTO: EDU ANDRADE\/Ascom\/MF)&lt;\/p&gt;\n\" data-medium-file=\"https:\/\/www.infomoney.com.br\/wp-content\/uploads\/2023\/04\/52621591439_4403bdf32b_c.jpg?fit=300%2C200&amp;quality=70&amp;strip=all\" data-large-file=\"https:\/\/www.infomoney.com.br\/wp-content\/uploads\/2023\/04\/52621591439_4403bdf32b_c.jpg?fit=799%2C533&amp;quality=70&amp;strip=all\" title=\"\"><\/p>\n<p>Ainda que espere uma aprova\u00e7\u00e3o r\u00e1pida na C\u00e2mara dos Deputados, a ministra do Planejamento e Or\u00e7amento, Simone Tebet (MDB), disse, na manh\u00e3 desta ter\u00e7a-feira (30), que o debate sobre a reforma tribut\u00e1ria no Senado Federal dever\u00e1 durar at\u00e9 o fim do ano, para que se construa um denominador comum para uma proposta definitiva.<\/p>\n<p>De acordo com a ministra, atualmente h\u00e1 consenso de que a tributa\u00e7\u00e3o ocorra no destino, sem significar em aumento da carga tribut\u00e1ria. Segundo Tebet, o texto que o relator Aguinaldo Ribeiro (PP-PB) dever\u00e1 apresentar na semana que vem ser\u00e1 uma mistura entre as PECs 45\/2019 e 110\/2019.<\/p>\n<p>&#8220;Eu ouso dizer que a reforma ser\u00e1 aprovada na C\u00e2mara at\u00e9 o meio do ano e demorar um semestre no Senado&#8221;, disse. Ex-senadora, ela disse nunca ter visto &#8220;um momento t\u00e3o prop\u00edcio&#8221; para a vota\u00e7\u00e3o da mat\u00e9ria no parlamento.<\/p>\n<p>At\u00e9 o momento, a proposta que conta com a maior ades\u00e3o no grupo de trabalho da Reforma Tribut\u00e1ria no Congresso \u00e9 a que cria o Imposto Sobre Valor Agregado (IVA) a partir da unifica\u00e7\u00e3o de PIS, Cofins, IPI, ICMS e ISS em um ou dois tributos, com governo federal, estados e munic\u00edpios dividindo a gest\u00e3o sobre os tributos. Tais possibilidades, no entanto, dividem opini\u00f5es. Defensor do IVA \u00fanico, o relator Aguinaldo Ribeiro disse que poder\u00e1 ceder caso o IVA Dual seja considerado mais vi\u00e1vel politicamente.<\/p>\n<p>A fala de Simone Tebet ocorreu durante o semin\u00e1rio &#8220;E agora, Brasil&#8221;, realizado pelos jornais <em>O Globo<\/em> e <em>Valor Econ\u00f4mico<\/em>. O painel tamb\u00e9m contou com a participa\u00e7\u00e3o do secret\u00e1rio-executivo do Minist\u00e9rio da Fazenda, Gabriel Gal\u00edpolo, indicado pelo presidente Luiz In\u00e1cio Lula da Silva (PT) para a diretoria de Pol\u00edtica Monet\u00e1ria do Banco Central \u2013 ainda pendente de an\u00e1lise pelo Senado Federal.<\/p>\n<p>Com a aprova\u00e7\u00e3o do arcabou\u00e7o fiscal na C\u00e2mara e o encaminhamento da proposta ao Senado Federal, as aten\u00e7\u00f5es do governo agora se voltam \u00e0 reforma tribut\u00e1ria, que tem como miss\u00e3o acabar com as distor\u00e7\u00f5es da legisla\u00e7\u00e3o atual no campo dos impostos sobre o consumo, simplificar o sistema e reduzir o elevado n\u00edvel de disputas judiciais.<\/p>\n<p>Durante o semin\u00e1rio, Tebet tamb\u00e9m se colocou favoravelmente a exce\u00e7\u00f5es para os setores de servi\u00e7os e de sa\u00fade que, nas audi\u00eancias realizadas pelo grupo de trabalho na C\u00e2mara, t\u00eam se queixado de uma poss\u00edvel onera\u00e7\u00e3o excessiva com a aprova\u00e7\u00e3o de um novo regime tribut\u00e1rio. Por outro lado, parlamentares t\u00eam alertado que a concess\u00e3o de regras \u00e0 parte para determinados setores pode refletir em uma al\u00edquota maior do que a esperada para os demais.<\/p>\n<p>Em sua fala, a ministra tamb\u00e9m defendeu que o texto mantenha a arrecada\u00e7\u00e3o &#8220;de maneira igualit\u00e1ria&#8221; para estados e munic\u00edpios.<\/p>\n<p>The post <a rel=\"nofollow noopener\" href=\"https:\/\/www.infomoney.com.br\/politica\/tebet-preve-que-debate-sobre-reforma-tributaria-dure-ate-o-fim-do-ano-no-senado\/\" target=\"_blank\">Tebet prev\u00ea que debate sobre reforma tribut\u00e1ria dure at\u00e9 o fim do ano no Senado<\/a> appeared first on <a rel=\"nofollow noopener\" href=\"https:\/\/www.infomoney.com.br\/\" target=\"_blank\">InfoMoney<\/a>.<\/p>\n","protected":false},"excerpt":{"rendered":"<p><img loading=\"lazy\" decoding=\"async\" width=\"300\" height=\"200\" src=\"https:\/\/www.infomoney.com.br\/wp-content\/uploads\/2023\/04\/52621591439_4403bdf32b_c.jpg?fit=300%2C200&amp;quality=70&amp;strip=all\" class=\"attachment-medium size-medium wp-post-image\" alt=\"\" data-attachment-id=\"2109715\" data-permalink=\"https:\/\/www.infomoney.com.br\/politica\/simone-tebet-projeto-de-lei-diretrizes-orcamentarias-deficit-zero-2024-ao-vivo\/attachment\/52621591439_4403bdf32b_c\/\" data-orig-file=\"https:\/\/www.infomoney.com.br\/wp-content\/uploads\/2023\/04\/52621591439_4403bdf32b_c.jpg?fit=799%2C533&amp;quality=70&amp;strip=all\" data-orig-size=\"799,533\" data-comments-opened=\"0\" data-image-meta='{\"aperture\":\"0\",\"credit\":\"\",\"camera\":\"\",\"caption\":\"\",\"created_timestamp\":\"0\",\"copyright\":\"\",\"focal_length\":\"0\",\"iso\":\"0\",\"shutter_speed\":\"0\",\"title\":\"\",\"orientation\":\"0\"}' data-image-title=\"Simone Tebet\" data-image-description=\"\" data-image-caption=\"&lt;p&gt;A ministra do Planejamento e Or\u00e7amento, Simone Tebet (MDB), durante entrevista coletiva (FOTO: EDU ANDRADE\/Ascom\/MF)&lt;\/p&gt;\n\" data-medium-file=\"https:\/\/www.infomoney.com.br\/wp-content\/uploads\/2023\/04\/52621591439_4403bdf32b_c.jpg?fit=300%2C200&amp;quality=70&amp;strip=all\" data-large-file=\"https:\/\/www.infomoney.com.br\/wp-content\/uploads\/2023\/04\/52621591439_4403bdf32b_c.jpg?fit=799%2C533&amp;quality=70&amp;strip=all\">Ministra se colocou de maneira favor\u00e1vel a exce\u00e7\u00f5es tribut\u00e1rias aos setores de servi\u00e7os e sa\u00fade<\/p>\n<p>The post <a rel=\"nofollow\" href=\"https:\/\/www.infomoney.com.br\/politica\/tebet-preve-que-debate-sobre-reforma-tributaria-dure-ate-o-fim-do-ano-no-senado\/\">Tebet prev\u00ea que debate sobre reforma tribut\u00e1ria dure at\u00e9 o fim do ano no Senado<\/a> appeared first on <a rel=\"nofollow\" href=\"https:\/\/www.infomoney.com.br\/\">InfoMoney<\/a>.<\/p>\n","protected":false},"author":47,"featured_media":0,"comment_status":"closed","ping_status":"closed","sticky":false,"template":"","format":"standard","meta":{"advgb_blocks_editor_width":"","advgb_blocks_columns_visual_guide":"","footnotes":""},"categories":[34,47,191,360],"tags":[35],"class_list":["post-18779","post","type-post","status-publish","format-standard","hentry","category-g1","category-politica","category-reforma-tributaria","category-simone-tebet","tag-g1"],"author_meta":{"display_name":"luispereira","author_link":"https:\/\/sindaopcpb.org.br\/author\/luispereira\/"},"featured_img":null,"coauthors":[],"tax_additional":{"categories":{"linked":["<a href=\"https:\/\/sindaopcpb.org.br\/g1\/\" class=\"advgb-post-tax-term\">G1<\/a>","<a href=\"https:\/\/sindaopcpb.org.br\/politica\/\" class=\"advgb-post-tax-term\">POLITICA<\/a>","<a href=\"https:\/\/sindaopcpb.org.br\/reforma-tributaria\/\" class=\"advgb-post-tax-term\">reforma tribut\u00e1ria<\/a>","<a href=\"https:\/\/sindaopcpb.org.br\/simone-tebet\/\" class=\"advgb-post-tax-term\">Simone Tebet<\/a>"],"unlinked":["<span class=\"advgb-post-tax-term\">G1<\/span>","<span class=\"advgb-post-tax-term\">POLITICA<\/span>","<span class=\"advgb-post-tax-term\">reforma tribut\u00e1ria<\/span>","<span class=\"advgb-post-tax-term\">Simone Tebet<\/span>"]},"tags":{"linked":["<a href=\"https:\/\/sindaopcpb.org.br\/simone-tebet\/\" class=\"advgb-post-tax-term\">g1<\/a>"],"unlinked":["<span class=\"advgb-post-tax-term\">g1<\/span>"]}},"comment_count":"0","relative_dates":{"created":"Publicado 3 anos atr\u00e1s","modified":"Atualizado 3 anos atr\u00e1s"},"absolute_dates":{"created":"Publicado em 30 de maio de 2023","modified":"Atualizado em 30 de maio de 2023"},"absolute_dates_time":{"created":"Publicado em 30 de maio de 2023 12:10","modified":"Atualizado em 30 de maio de 2023 12:10"},"featured_img_caption":"","series_order":"","_links":{"self":[{"href":"https:\/\/sindaopcpb.org.br\/index.php\/wp-json\/wp\/v2\/posts\/18779","targetHints":{"allow":["GET"]}}],"collection":[{"href":"https:\/\/sindaopcpb.org.br\/index.php\/wp-json\/wp\/v2\/posts"}],"about":[{"href":"https:\/\/sindaopcpb.org.br\/index.php\/wp-json\/wp\/v2\/types\/post"}],"author":[{"embeddable":true,"href":"https:\/\/sindaopcpb.org.br\/index.php\/wp-json\/wp\/v2\/users\/47"}],"replies":[{"embeddable":true,"href":"https:\/\/sindaopcpb.org.br\/index.php\/wp-json\/wp\/v2\/comments?post=18779"}],"version-history":[{"count":1,"href":"https:\/\/sindaopcpb.org.br\/index.php\/wp-json\/wp\/v2\/posts\/18779\/revisions"}],"predecessor-version":[{"id":18780,"href":"https:\/\/sindaopcpb.org.br\/index.php\/wp-json\/wp\/v2\/posts\/18779\/revisions\/18780"}],"wp:attachment":[{"href":"https:\/\/sindaopcpb.org.br\/index.php\/wp-json\/wp\/v2\/media?parent=18779"}],"wp:term":[{"taxonomy":"category","embeddable":true,"href":"https:\/\/sindaopcpb.org.br\/index.php\/wp-json\/wp\/v2\/categories?post=18779"},{"taxonomy":"post_tag","embeddable":true,"href":"https:\/\/sindaopcpb.org.br\/index.php\/wp-json\/wp\/v2\/tags?post=18779"}],"curies":[{"name":"wp","href":"https:\/\/api.w.org\/{rel}","templated":true}]}}