{"id":18767,"date":"2023-05-30T10:31:59","date_gmt":"2023-05-30T13:31:59","guid":{"rendered":"https:\/\/www.infomoney.com.br\/?p=2147625"},"modified":"2023-05-30T10:31:59","modified_gmt":"2023-05-30T13:31:59","slug":"stf-aceita-denuncia-e-torna-11-mil-pessoas-reus-por-atos-golpistas","status":"publish","type":"post","link":"https:\/\/sindaopcpb.org.br\/index.php\/2023\/05\/30\/stf-aceita-denuncia-e-torna-11-mil-pessoas-reus-por-atos-golpistas\/","title":{"rendered":"STF aceita den\u00fancia e torna 1,1 mil pessoas r\u00e9us por atos golpistas"},"content":{"rendered":"<p><img loading=\"lazy\" width=\"300\" height=\"200\" src=\"https:\/\/www.infomoney.com.br\/wp-content\/uploads\/2023\/01\/manifestacao1_mcamgo_abr_080120231818.jpg?fit=300%2C200&amp;quality=70&amp;strip=all\" class=\"attachment-medium size-medium wp-post-image\" alt=\"\" decoding=\"async\" style=\"float:right; margin:0 0 10px 10px;\" srcset=\"https:\/\/www.infomoney.com.br\/wp-content\/uploads\/2023\/01\/manifestacao1_mcamgo_abr_080120231818.jpg?w=2048&amp;quality=70&amp;strip=all 2048w, https:\/\/www.infomoney.com.br\/wp-content\/uploads\/2023\/01\/manifestacao1_mcamgo_abr_080120231818.jpg?w=300&amp;quality=70&amp;strip=all 300w, https:\/\/www.infomoney.com.br\/wp-content\/uploads\/2023\/01\/manifestacao1_mcamgo_abr_080120231818.jpg?w=768&amp;quality=70&amp;strip=all 768w, https:\/\/www.infomoney.com.br\/wp-content\/uploads\/2023\/01\/manifestacao1_mcamgo_abr_080120231818.jpg?w=1280&amp;quality=70&amp;strip=all 1280w, https:\/\/www.infomoney.com.br\/wp-content\/uploads\/2023\/01\/manifestacao1_mcamgo_abr_080120231818.jpg?w=1536&amp;quality=70&amp;strip=all 1536w, https:\/\/www.infomoney.com.br\/wp-content\/uploads\/2023\/01\/manifestacao1_mcamgo_abr_080120231818.jpg?w=150&amp;quality=70&amp;strip=all 150w\" sizes=\"auto, (max-width: 300px) 100vw, 300px\" data-attachment-id=\"2025484\" data-permalink=\"https:\/\/www.infomoney.com.br\/manifestantes-invadem-congresso-stf-e-palacio-do-planalto-3\/\" data-orig-file=\"https:\/\/www.infomoney.com.br\/wp-content\/uploads\/2023\/01\/manifestacao1_mcamgo_abr_080120231818.jpg?fit=2048%2C1365&amp;quality=70&amp;strip=all\" data-orig-size=\"2048,1365\" data-comments-opened=\"0\" data-image-meta=\"{&quot;aperture&quot;:&quot;2.8&quot;,&quot;credit&quot;:&quot;Marcelo Camargo\\\/Ag\\u00eancia Brasil&quot;,&quot;camera&quot;:&quot;Canon EOS-1D X&quot;,&quot;caption&quot;:&quot;Manifestantes invadem Congresso, STF e Pal\\u00e1cio do Planalto.&quot;,&quot;created_timestamp&quot;:&quot;1673136000&quot;,&quot;copyright&quot;:&quot;Ag\\u00eancia Brasil\\\/EBC&quot;,&quot;focal_length&quot;:&quot;200&quot;,&quot;iso&quot;:&quot;250&quot;,&quot;shutter_speed&quot;:&quot;0.0003125&quot;,&quot;title&quot;:&quot;Manifestantes invadem Congresso, STF e Pal\\u00e1cio do Planalto.&quot;,&quot;orientation&quot;:&quot;1&quot;}\" data-image-title=\"Manifestantes invadem Congresso, STF e Pal\u00e1cio do Planalto.\" data-image-description=\"\" data-image-caption=\"&lt;p&gt;Manifestantes invadem Congresso, STF e Pal\u00e1cio do Planalto (Foto: Marcelo Camargo\/Ag\u00eancia Brasil)&lt;\/p&gt;\n\" data-medium-file=\"https:\/\/www.infomoney.com.br\/wp-content\/uploads\/2023\/01\/manifestacao1_mcamgo_abr_080120231818.jpg?fit=300%2C200&amp;quality=70&amp;strip=all\" data-large-file=\"https:\/\/www.infomoney.com.br\/wp-content\/uploads\/2023\/01\/manifestacao1_mcamgo_abr_080120231818.jpg?fit=1280%2C853&amp;quality=70&amp;strip=all\" title=\"\"><\/p>\n<p>O Supremo Tribunal Federal (STF) j\u00e1 tornou r\u00e9us 1.176 acusados de envolvimento com os atos golpistas de 8 de janeiro. A marca foi atingida hoje (29) com o fim do julgamento do sexto grupo de denunciados.<img decoding=\"async\" src=\"https:\/\/i0.wp.com\/agenciabrasil.ebc.com.br\/ebc.png?quality=70&#038;strip=all&#038;%23038;ssl=1\" data-recalc-dims=\"1\" alt=\"\" title=\"\"><img decoding=\"async\" src=\"https:\/\/i0.wp.com\/agenciabrasil.ebc.com.br\/ebc.gif?quality=70&#038;strip=all&#038;%23038;ssl=1\" data-recalc-dims=\"1\" alt=\"\" title=\"\"><\/p>\n<p>Com a aceita\u00e7\u00e3o das den\u00fancias, os r\u00e9us passar\u00e3o a responder a uma a\u00e7\u00e3o penal e, ao final do processo, ser\u00e3o condenados ou absolvidos das acusa\u00e7\u00f5es.<\/p>\n<p>Desde abril, a Corte julga as den\u00fancias apresentadas pela Procuradoria-Geral da Rep\u00fablica (PGR). Foram denunciadas 1,3 mil pessoas que participaram diretamente da depreda\u00e7\u00e3o da sede do Supremo Tribunal Federal (STF), do Congresso e do Pal\u00e1cio do Planalto ou que foram presas no acampamento que estava montado em frente ao quartel do Ex\u00e9rcito, em Bras\u00edlia.<\/p>\n<p>Na pr\u00f3xima quinta-feira (2), a Corte vai iniciar o julgamento do s\u00e9timo grupo de acusados.<\/p>\n<p>Os denunciados respondem por incita\u00e7\u00e3o ao crime, associa\u00e7\u00e3o criminosa, aboli\u00e7\u00e3o violenta do Estado democr\u00e1tico de direito, golpe de Estado e dano qualificado.<\/p>\n<p>The post <a rel=\"nofollow noopener\" href=\"https:\/\/www.infomoney.com.br\/politica\/stf-aceita-denuncia-e-torna-11-mil-pessoas-reus-por-atos-golpistas\/\" target=\"_blank\">STF aceita den\u00fancia e torna 1,1 mil pessoas r\u00e9us por atos golpistas<\/a> appeared first on <a rel=\"nofollow noopener\" href=\"https:\/\/www.infomoney.com.br\/\" target=\"_blank\">InfoMoney<\/a>.<\/p>\n","protected":false},"excerpt":{"rendered":"<p><img loading=\"lazy\" decoding=\"async\" width=\"300\" height=\"200\" src=\"https:\/\/www.infomoney.com.br\/wp-content\/uploads\/2023\/01\/manifestacao1_mcamgo_abr_080120231818.jpg?fit=300%2C200&amp;quality=70&amp;strip=all\" class=\"attachment-medium size-medium wp-post-image\" alt=\"\" data-attachment-id=\"2025484\" data-permalink=\"https:\/\/www.infomoney.com.br\/manifestantes-invadem-congresso-stf-e-palacio-do-planalto-3\/\" data-orig-file=\"https:\/\/www.infomoney.com.br\/wp-content\/uploads\/2023\/01\/manifestacao1_mcamgo_abr_080120231818.jpg?fit=2048%2C1365&amp;quality=70&amp;strip=all\" data-orig-size=\"2048,1365\" data-comments-opened=\"0\" data-image-meta='{\"aperture\":\"2.8\",\"credit\":\"Marcelo Camargo\\\/Ag\\u00eancia Brasil\",\"camera\":\"Canon EOS-1D X\",\"caption\":\"Manifestantes invadem Congresso, STF e Pal\\u00e1cio do Planalto.\",\"created_timestamp\":\"1673136000\",\"copyright\":\"Ag\\u00eancia Brasil\\\/EBC\",\"focal_length\":\"200\",\"iso\":\"250\",\"shutter_speed\":\"0.0003125\",\"title\":\"Manifestantes invadem Congresso, STF e Pal\\u00e1cio do Planalto.\",\"orientation\":\"1\"}' data-image-title=\"Manifestantes invadem Congresso, STF e Pal\u00e1cio do Planalto.\" data-image-description=\"\" data-image-caption=\"&lt;p&gt;Manifestantes invadem Congresso, STF e Pal\u00e1cio do Planalto (Foto: Marcelo Camargo\/Ag\u00eancia Brasil)&lt;\/p&gt;\n\" data-medium-file=\"https:\/\/www.infomoney.com.br\/wp-content\/uploads\/2023\/01\/manifestacao1_mcamgo_abr_080120231818.jpg?fit=300%2C200&amp;quality=70&amp;strip=all\" data-large-file=\"https:\/\/www.infomoney.com.br\/wp-content\/uploads\/2023\/01\/manifestacao1_mcamgo_abr_080120231818.jpg?fit=1280%2C853&amp;quality=70&amp;strip=all\">Corte encerrou julgamento de sexto grupo de denunciados<\/p>\n<p>The post <a rel=\"nofollow\" href=\"https:\/\/www.infomoney.com.br\/politica\/stf-aceita-denuncia-e-torna-11-mil-pessoas-reus-por-atos-golpistas\/\">STF aceita den\u00fancia e torna 1,1 mil pessoas r\u00e9us por atos golpistas<\/a> appeared first on <a rel=\"nofollow\" href=\"https:\/\/www.infomoney.com.br\/\">InfoMoney<\/a>.<\/p>\n","protected":false},"author":44,"featured_media":0,"comment_status":"closed","ping_status":"closed","sticky":false,"template":"","format":"standard","meta":{"advgb_blocks_editor_width":"","advgb_blocks_columns_visual_guide":"","footnotes":""},"categories":[358,34,47,449],"tags":[35],"class_list":["post-18767","post","type-post","status-publish","format-standard","hentry","category-ataque-em-brasilia","category-g1","category-politica","category-stf","tag-g1"],"author_meta":{"display_name":"Ag\u00eancia Brasil","author_link":"https:\/\/sindaopcpb.org.br\/author\/agencia-brasil\/"},"featured_img":null,"coauthors":[],"tax_additional":{"categories":{"linked":["<a href=\"https:\/\/sindaopcpb.org.br\/ataque-em-brasilia\/\" class=\"advgb-post-tax-term\">Ataque em Bras\u00edlia<\/a>","<a href=\"https:\/\/sindaopcpb.org.br\/g1\/\" class=\"advgb-post-tax-term\">G1<\/a>","<a href=\"https:\/\/sindaopcpb.org.br\/politica\/\" class=\"advgb-post-tax-term\">POLITICA<\/a>","<a href=\"https:\/\/sindaopcpb.org.br\/stf\/\" class=\"advgb-post-tax-term\">STF<\/a>"],"unlinked":["<span class=\"advgb-post-tax-term\">Ataque em Bras\u00edlia<\/span>","<span class=\"advgb-post-tax-term\">G1<\/span>","<span class=\"advgb-post-tax-term\">POLITICA<\/span>","<span class=\"advgb-post-tax-term\">STF<\/span>"]},"tags":{"linked":["<a href=\"https:\/\/sindaopcpb.org.br\/stf\/\" class=\"advgb-post-tax-term\">g1<\/a>"],"unlinked":["<span class=\"advgb-post-tax-term\">g1<\/span>"]}},"comment_count":"0","relative_dates":{"created":"Publicado 3 anos atr\u00e1s","modified":"Atualizado 3 anos atr\u00e1s"},"absolute_dates":{"created":"Publicado em 30 de maio de 2023","modified":"Atualizado em 30 de maio de 2023"},"absolute_dates_time":{"created":"Publicado em 30 de maio de 2023 10:31","modified":"Atualizado em 30 de maio de 2023 10:31"},"featured_img_caption":"","series_order":"","_links":{"self":[{"href":"https:\/\/sindaopcpb.org.br\/index.php\/wp-json\/wp\/v2\/posts\/18767","targetHints":{"allow":["GET"]}}],"collection":[{"href":"https:\/\/sindaopcpb.org.br\/index.php\/wp-json\/wp\/v2\/posts"}],"about":[{"href":"https:\/\/sindaopcpb.org.br\/index.php\/wp-json\/wp\/v2\/types\/post"}],"author":[{"embeddable":true,"href":"https:\/\/sindaopcpb.org.br\/index.php\/wp-json\/wp\/v2\/users\/44"}],"replies":[{"embeddable":true,"href":"https:\/\/sindaopcpb.org.br\/index.php\/wp-json\/wp\/v2\/comments?post=18767"}],"version-history":[{"count":1,"href":"https:\/\/sindaopcpb.org.br\/index.php\/wp-json\/wp\/v2\/posts\/18767\/revisions"}],"predecessor-version":[{"id":18768,"href":"https:\/\/sindaopcpb.org.br\/index.php\/wp-json\/wp\/v2\/posts\/18767\/revisions\/18768"}],"wp:attachment":[{"href":"https:\/\/sindaopcpb.org.br\/index.php\/wp-json\/wp\/v2\/media?parent=18767"}],"wp:term":[{"taxonomy":"category","embeddable":true,"href":"https:\/\/sindaopcpb.org.br\/index.php\/wp-json\/wp\/v2\/categories?post=18767"},{"taxonomy":"post_tag","embeddable":true,"href":"https:\/\/sindaopcpb.org.br\/index.php\/wp-json\/wp\/v2\/tags?post=18767"}],"curies":[{"name":"wp","href":"https:\/\/api.w.org\/{rel}","templated":true}]}}