{"id":18739,"date":"2023-05-30T09:59:28","date_gmt":"2023-05-30T12:59:28","guid":{"rendered":"https:\/\/www.infomoney.com.br\/?p=2147533"},"modified":"2023-05-30T09:59:28","modified_gmt":"2023-05-30T12:59:28","slug":"povo-guarani-bloqueia-rodovia-em-sao-paulo-contra-marco-temporal","status":"publish","type":"post","link":"https:\/\/sindaopcpb.org.br\/index.php\/2023\/05\/30\/povo-guarani-bloqueia-rodovia-em-sao-paulo-contra-marco-temporal\/","title":{"rendered":"Povo guarani bloqueia rodovia em S\u00e3o Paulo contra marco temporal"},"content":{"rendered":"<p><img loading=\"lazy\" width=\"300\" height=\"249\" src=\"https:\/\/www.infomoney.com.br\/wp-content\/uploads\/2019\/06\/ohl-brasil-14-rodovia-caminhoes.jpg?fit=300%2C249&amp;quality=70&amp;strip=all\" class=\"attachment-medium size-medium wp-post-image\" alt=\"\" decoding=\"async\" style=\"float:right; margin:0 0 10px 10px;\" srcset=\"https:\/\/www.infomoney.com.br\/wp-content\/uploads\/2019\/06\/ohl-brasil-14-rodovia-caminhoes.jpg?w=1982&amp;quality=70&amp;strip=all 1982w, https:\/\/www.infomoney.com.br\/wp-content\/uploads\/2019\/06\/ohl-brasil-14-rodovia-caminhoes.jpg?w=300&amp;quality=70&amp;strip=all 300w, https:\/\/www.infomoney.com.br\/wp-content\/uploads\/2019\/06\/ohl-brasil-14-rodovia-caminhoes.jpg?w=768&amp;quality=70&amp;strip=all 768w, https:\/\/www.infomoney.com.br\/wp-content\/uploads\/2019\/06\/ohl-brasil-14-rodovia-caminhoes.jpg?w=1233&amp;quality=70&amp;strip=all 1233w, https:\/\/www.infomoney.com.br\/wp-content\/uploads\/2019\/06\/ohl-brasil-14-rodovia-caminhoes.jpg?w=1536&amp;quality=70&amp;strip=all 1536w, https:\/\/www.infomoney.com.br\/wp-content\/uploads\/2019\/06\/ohl-brasil-14-rodovia-caminhoes.jpg?w=150&amp;quality=70&amp;strip=all 150w\" sizes=\"auto, (max-width: 300px) 100vw, 300px\" data-attachment-id=\"722\" data-permalink=\"https:\/\/www.infomoney.com.br\/ohl-brasil-14-rodovia-caminhoes\/\" data-orig-file=\"https:\/\/www.infomoney.com.br\/wp-content\/uploads\/2019\/06\/ohl-brasil-14-rodovia-caminhoes.jpg?fit=1982%2C1646&amp;quality=70&amp;strip=all\" data-orig-size=\"1982,1646\" data-comments-opened=\"1\" data-image-meta=\"{&quot;aperture&quot;:&quot;0&quot;,&quot;credit&quot;:&quot;&quot;,&quot;camera&quot;:&quot;&quot;,&quot;caption&quot;:&quot;&quot;,&quot;created_timestamp&quot;:&quot;0&quot;,&quot;copyright&quot;:&quot;&quot;,&quot;focal_length&quot;:&quot;0&quot;,&quot;iso&quot;:&quot;0&quot;,&quot;shutter_speed&quot;:&quot;0&quot;,&quot;title&quot;:&quot;&quot;,&quot;orientation&quot;:&quot;0&quot;}\" data-image-title=\"ohl-brasil-14-rodovia-caminhoes\" data-image-description=\"\" data-image-caption=\"\" data-medium-file=\"https:\/\/www.infomoney.com.br\/wp-content\/uploads\/2019\/06\/ohl-brasil-14-rodovia-caminhoes.jpg?fit=300%2C249&amp;quality=70&amp;strip=all\" data-large-file=\"https:\/\/www.infomoney.com.br\/wp-content\/uploads\/2019\/06\/ohl-brasil-14-rodovia-caminhoes.jpg?fit=1233%2C1024&amp;quality=70&amp;strip=all\" title=\"\"><\/p>\n<p>Guaranis da Terra Ind\u00edgena Jaragu\u00e1, em S\u00e3o Paulo, bloqueiam neste momento a Rodovia dos Bandeirantes, no sentido S\u00e3o Paulo, contra a vota\u00e7\u00e3o do PL 490\/2007, que pretende estabelecer um marco temporal para a demarca\u00e7\u00e3o de terras ind\u00edgenas.<\/p>\n<p>De acordo com a concession\u00e1ria Autoban, a rodovia est\u00e1 interditada no quil\u00f4metro (km) 20 devido \u00e0 manifesta\u00e7\u00e3o. A alternativa \u00e9 a Anhanguera. Pelo menos cinco quil\u00f4metros de filas de carros j\u00e1 se formam na estrada.<\/p>\n<p>Ontem (29), os guaranis de S\u00e3o Paulo fizeram atos no Largo S\u00e3o Francisco, na regi\u00e3o central da cidade, e uma grande vig\u00edlia na Terra Ind\u00edgena Jaragu\u00e1 come\u00e7ou no fim da tarde. Segundo eles, novos atos devem ser realizados em todo o pa\u00eds para que essa lei n\u00e3o seja aprovada.<\/p>\n<p>A urg\u00eancia sobre a vota\u00e7\u00e3o do PL 490 foi aprovada no dia 24 deste m\u00eas, o que acelerou a tramita\u00e7\u00e3o do projeto de lei. Se aprovado pela C\u00e2mara, o texto segue para o Senado.<\/p>\n<h2><strong>ONU<\/strong><\/h2>\n<p>O escrit\u00f3rio da Organiza\u00e7\u00e3o das Na\u00e7\u00f5es Unidas (ONU) para Direitos Humanos na Am\u00e9rica do Sul manifestou, nessa segunda-feira (29), preocupa\u00e7\u00e3o com projetos do Congresso Nacional que podem afetar as causas ind\u00edgenas. Cobrou as autoridades brasileiras sobre \u201cmedidas urgentes em prol dessas popula\u00e7\u00f5es, conforme as normas internacionais de direitos humanos\u201d.<\/p>\n<p>Segundo a ONU, as iniciativas legislativas do Congresso Nacional \u201carriscam enfraquecer a prote\u00e7\u00e3o dos povos ind\u00edgenas no Brasil\u201d.<\/p>\n<p>A aprova\u00e7\u00e3o do projeto preocupa tamb\u00e9m institui\u00e7\u00f5es de defesa dos direitos humanos, como a Human Rights Watch, e religiosas, como o Conselho Nacional de Igrejas Crist\u00e3s e a Alian\u00e7a Crist\u00e3 Evang\u00e9lica.<\/p>\n<p>The post <a rel=\"nofollow noopener\" href=\"https:\/\/www.infomoney.com.br\/politica\/povo-guarani-bloqueia-rodovia-em-sao-paulo-contra-marco-temporal\/\" target=\"_blank\">Povo guarani bloqueia rodovia em S\u00e3o Paulo contra marco temporal<\/a> appeared first on <a rel=\"nofollow noopener\" href=\"https:\/\/www.infomoney.com.br\/\" target=\"_blank\">InfoMoney<\/a>.<\/p>\n","protected":false},"excerpt":{"rendered":"<p><img loading=\"lazy\" decoding=\"async\" width=\"300\" height=\"249\" src=\"https:\/\/www.infomoney.com.br\/wp-content\/uploads\/2019\/06\/ohl-brasil-14-rodovia-caminhoes.jpg?fit=300%2C249&amp;quality=70&amp;strip=all\" class=\"attachment-medium size-medium wp-post-image\" alt=\"\" data-attachment-id=\"722\" data-permalink=\"https:\/\/www.infomoney.com.br\/ohl-brasil-14-rodovia-caminhoes\/\" data-orig-file=\"https:\/\/www.infomoney.com.br\/wp-content\/uploads\/2019\/06\/ohl-brasil-14-rodovia-caminhoes.jpg?fit=1982%2C1646&amp;quality=70&amp;strip=all\" data-orig-size=\"1982,1646\" data-comments-opened=\"1\" data-image-meta='{\"aperture\":\"0\",\"credit\":\"\",\"camera\":\"\",\"caption\":\"\",\"created_timestamp\":\"0\",\"copyright\":\"\",\"focal_length\":\"0\",\"iso\":\"0\",\"shutter_speed\":\"0\",\"title\":\"\",\"orientation\":\"0\"}' data-image-title=\"ohl-brasil-14-rodovia-caminhoes\" data-image-description=\"\" data-image-caption=\"\" data-medium-file=\"https:\/\/www.infomoney.com.br\/wp-content\/uploads\/2019\/06\/ohl-brasil-14-rodovia-caminhoes.jpg?fit=300%2C249&amp;quality=70&amp;strip=all\" data-large-file=\"https:\/\/www.infomoney.com.br\/wp-content\/uploads\/2019\/06\/ohl-brasil-14-rodovia-caminhoes.jpg?fit=1233%2C1024&amp;quality=70&amp;strip=all\">H\u00e1 pelo menos 5 km de filas de carros na estrada<\/p>\n<p>The post <a rel=\"nofollow\" href=\"https:\/\/www.infomoney.com.br\/politica\/povo-guarani-bloqueia-rodovia-em-sao-paulo-contra-marco-temporal\/\">Povo guarani bloqueia rodovia em S\u00e3o Paulo contra marco temporal<\/a> appeared first on <a rel=\"nofollow\" href=\"https:\/\/www.infomoney.com.br\/\">InfoMoney<\/a>.<\/p>\n","protected":false},"author":44,"featured_media":0,"comment_status":"closed","ping_status":"closed","sticky":false,"template":"","format":"standard","meta":{"advgb_blocks_editor_width":"","advgb_blocks_columns_visual_guide":"","footnotes":""},"categories":[34,277,47],"tags":[35],"class_list":["post-18739","post","type-post","status-publish","format-standard","hentry","category-g1","category-indigenas","category-politica","tag-g1"],"author_meta":{"display_name":"Ag\u00eancia Brasil","author_link":"https:\/\/sindaopcpb.org.br\/author\/agencia-brasil\/"},"featured_img":null,"coauthors":[],"tax_additional":{"categories":{"linked":["<a href=\"https:\/\/sindaopcpb.org.br\/g1\/\" class=\"advgb-post-tax-term\">G1<\/a>","<a href=\"https:\/\/sindaopcpb.org.br\/indigenas\/\" class=\"advgb-post-tax-term\">ind\u00edgenas<\/a>","<a href=\"https:\/\/sindaopcpb.org.br\/politica\/\" class=\"advgb-post-tax-term\">POLITICA<\/a>"],"unlinked":["<span class=\"advgb-post-tax-term\">G1<\/span>","<span class=\"advgb-post-tax-term\">ind\u00edgenas<\/span>","<span class=\"advgb-post-tax-term\">POLITICA<\/span>"]},"tags":{"linked":["<a href=\"https:\/\/sindaopcpb.org.br\/politica\/\" class=\"advgb-post-tax-term\">g1<\/a>"],"unlinked":["<span class=\"advgb-post-tax-term\">g1<\/span>"]}},"comment_count":"0","relative_dates":{"created":"Publicado 3 anos atr\u00e1s","modified":"Atualizado 3 anos atr\u00e1s"},"absolute_dates":{"created":"Publicado em 30 de maio de 2023","modified":"Atualizado em 30 de maio de 2023"},"absolute_dates_time":{"created":"Publicado em 30 de maio de 2023 09:59","modified":"Atualizado em 30 de maio de 2023 09:59"},"featured_img_caption":"","series_order":"","_links":{"self":[{"href":"https:\/\/sindaopcpb.org.br\/index.php\/wp-json\/wp\/v2\/posts\/18739","targetHints":{"allow":["GET"]}}],"collection":[{"href":"https:\/\/sindaopcpb.org.br\/index.php\/wp-json\/wp\/v2\/posts"}],"about":[{"href":"https:\/\/sindaopcpb.org.br\/index.php\/wp-json\/wp\/v2\/types\/post"}],"author":[{"embeddable":true,"href":"https:\/\/sindaopcpb.org.br\/index.php\/wp-json\/wp\/v2\/users\/44"}],"replies":[{"embeddable":true,"href":"https:\/\/sindaopcpb.org.br\/index.php\/wp-json\/wp\/v2\/comments?post=18739"}],"version-history":[{"count":1,"href":"https:\/\/sindaopcpb.org.br\/index.php\/wp-json\/wp\/v2\/posts\/18739\/revisions"}],"predecessor-version":[{"id":18740,"href":"https:\/\/sindaopcpb.org.br\/index.php\/wp-json\/wp\/v2\/posts\/18739\/revisions\/18740"}],"wp:attachment":[{"href":"https:\/\/sindaopcpb.org.br\/index.php\/wp-json\/wp\/v2\/media?parent=18739"}],"wp:term":[{"taxonomy":"category","embeddable":true,"href":"https:\/\/sindaopcpb.org.br\/index.php\/wp-json\/wp\/v2\/categories?post=18739"},{"taxonomy":"post_tag","embeddable":true,"href":"https:\/\/sindaopcpb.org.br\/index.php\/wp-json\/wp\/v2\/tags?post=18739"}],"curies":[{"name":"wp","href":"https:\/\/api.w.org\/{rel}","templated":true}]}}