{"id":18737,"date":"2023-05-30T10:05:54","date_gmt":"2023-05-30T13:05:54","guid":{"rendered":"https:\/\/www.infomoney.com.br\/?p=2147552"},"modified":"2023-05-30T10:05:54","modified_gmt":"2023-05-30T13:05:54","slug":"recuar-para-nos-nao-e-opcao-diz-indigena-sobre-marco-temporal","status":"publish","type":"post","link":"https:\/\/sindaopcpb.org.br\/index.php\/2023\/05\/30\/recuar-para-nos-nao-e-opcao-diz-indigena-sobre-marco-temporal\/","title":{"rendered":"\u201cRecuar, para n\u00f3s, n\u00e3o \u00e9 op\u00e7\u00e3o\u201d, diz ind\u00edgena sobre marco temporal"},"content":{"rendered":"<p><img loading=\"lazy\" width=\"300\" height=\"200\" src=\"https:\/\/www.infomoney.com.br\/wp-content\/uploads\/2019\/06\/amazonia-1.jpg?fit=300%2C200&amp;quality=70&amp;strip=all\" class=\"attachment-medium size-medium wp-post-image\" alt=\"\" decoding=\"async\" style=\"float:right; margin:0 0 10px 10px;\" srcset=\"https:\/\/www.infomoney.com.br\/wp-content\/uploads\/2019\/06\/amazonia-1.jpg?w=900&amp;quality=70&amp;strip=all 900w, https:\/\/www.infomoney.com.br\/wp-content\/uploads\/2019\/06\/amazonia-1.jpg?w=300&amp;quality=70&amp;strip=all 300w, https:\/\/www.infomoney.com.br\/wp-content\/uploads\/2019\/06\/amazonia-1.jpg?w=768&amp;quality=70&amp;strip=all 768w, https:\/\/www.infomoney.com.br\/wp-content\/uploads\/2019\/06\/amazonia-1.jpg?w=150&amp;quality=70&amp;strip=all 150w\" sizes=\"auto, (max-width: 300px) 100vw, 300px\" data-attachment-id=\"50826\" data-permalink=\"https:\/\/www.infomoney.com.br\/amazonia-1\/\" data-orig-file=\"https:\/\/www.infomoney.com.br\/wp-content\/uploads\/2019\/06\/amazonia-1.jpg?fit=900%2C600&amp;quality=70&amp;strip=all\" data-orig-size=\"900,600\" data-comments-opened=\"1\" data-image-meta=\"{&quot;aperture&quot;:&quot;0&quot;,&quot;credit&quot;:&quot;&quot;,&quot;camera&quot;:&quot;&quot;,&quot;caption&quot;:&quot;&quot;,&quot;created_timestamp&quot;:&quot;0&quot;,&quot;copyright&quot;:&quot;&quot;,&quot;focal_length&quot;:&quot;0&quot;,&quot;iso&quot;:&quot;0&quot;,&quot;shutter_speed&quot;:&quot;0&quot;,&quot;title&quot;:&quot;&quot;,&quot;orientation&quot;:&quot;0&quot;}\" data-image-title=\"amazonia-1\" data-image-description=\"\" data-image-caption=\"\" data-medium-file=\"https:\/\/www.infomoney.com.br\/wp-content\/uploads\/2019\/06\/amazonia-1.jpg?fit=300%2C200&amp;quality=70&amp;strip=all\" data-large-file=\"https:\/\/www.infomoney.com.br\/wp-content\/uploads\/2019\/06\/amazonia-1.jpg?fit=900%2C600&amp;quality=70&amp;strip=all\" title=\"\"><\/p>\n<p>O plen\u00e1rio da C\u00e2mara dos Deputados deve votar nesta ter\u00e7a-feira (30) o projeto de lei do marco temporal de demarca\u00e7\u00e3o de terras ind\u00edgenas (PL 490\/2007). Para lideran\u00e7as ind\u00edgenas, o projeto representa \u201cgrande amea\u00e7a\u201d \u00e0 sua vida e por isso eles se dizem dispostos a lutar e resistir contra a aprova\u00e7\u00e3o. Na manh\u00e3 de hoje (30), ind\u00edgenas guarani, que vivem no Pico do Jaragu\u00e1, em S\u00e3o Paulo, bloqueiam a Rodovia dos Bandeirantes, na altura do km 20, no sentido S\u00e3o Paulo, para protestar.<\/p>\n<p>\u201cN\u00e3o sei dizer se vamos conseguir impedir essa vota\u00e7\u00e3o. Mas o que posso afirmar \u00e9 que n\u00f3s estamos cansados de sofrer essa viol\u00eancia. Estamos cansados de ser amea\u00e7ados e de ter nossa vida sob todo esse impacto que o n\u00e3o ind\u00edgena nos traz\u201d, disse Thiago Karai Djekupe, uma das lideran\u00e7as da terra ind\u00edgena Jaragu\u00e1, em S\u00e3o Paulo, em entrevista nessa segunda-feira (29) \u00e0 Ag\u00eancia Brasil.<\/p>\n<p>\u201cRecuar, para n\u00f3s, n\u00e3o \u00e9 uma op\u00e7\u00e3o. Vamos resistir, vamos nos posicionar e, se tentarem fazer reintegra\u00e7\u00e3o de posse a qualquer terra ind\u00edgena, \u00e9 necess\u00e1rio entender que v\u00e3o precisar tirar nossa vida. O territ\u00f3rio \u00e9 o que n\u00f3s somos. Se tiver que resistir, se tiver que lutar, se tiver que tombar para que outros continuem erguidos na luta, vamos faz\u00ea-lo. Recuar, para n\u00f3s, n\u00e3o \u00e9 op\u00e7\u00e3o. Independentemente de qualquer amea\u00e7a que se coloque \u00e0 nossa vida, s\u00e3o mais de 500 anos sob essa viol\u00eancia, s\u00e3o mais de 500 anos dessa ignor\u00e2ncia e n\u00e3o vai ser nessa gera\u00e7\u00e3o, na minha gera\u00e7\u00e3o, que vamos nos curvar\u201d, acrescentou Karai Djekupe.<\/p>\n<p>Segundo ele, os povos origin\u00e1rios est\u00e3o mobilizados em todo o pa\u00eds para acompanhar a vota\u00e7\u00e3o no Congresso. Ontem (29), por exemplo, os guaranis de S\u00e3o Paulo fizeram atos no Largo S\u00e3o Francisco, na capital paulista, e uma grande vig\u00edlia na terra ind\u00edgena Jaragu\u00e1. Hoje (30), novos atos devem ser realizados em todo o pa\u00eds cobrando para que a lei n\u00e3o seja aprovada. \u201cO Brasil todo estar\u00e1 se mobilizando e n\u00f3s vamos nos mobilizar aqui em nossa base, nosso territ\u00f3rio\u201d, disse o l\u00edder ind\u00edgena.<\/p>\n<p>O projeto de lei que cria o chamado marco temporal estabelece que ser\u00e3o consideradas terras ind\u00edgenas os lugares ocupados por povos tradicionais at\u00e9 o dia 5 de outubro de 1988, data da promulga\u00e7\u00e3o da Constitui\u00e7\u00e3o. A Carta Magna n\u00e3o prev\u00ea esse marco como crit\u00e9rio, j\u00e1 que ind\u00edgenas s\u00e3o povos origin\u00e1rios que est\u00e3o presentes no pa\u00eds muito antes da coloniza\u00e7\u00e3o europeia. Mas o tema tamb\u00e9m \u00e9 objeto de an\u00e1lise pelo Supremo Tribunal Federal (STF), que deve decidir, no pr\u00f3ximo dia 7 de junho, se a tese do marco temporal \u00e9 v\u00e1lida ou n\u00e3o.<\/p>\n<p>\u201cSe isso acontecer [a tese do marco temporal for aprovada], significa que v\u00e1rias terras e povos ind\u00edgenas, que n\u00e3o t\u00eam como comprovar o processo de demarca\u00e7\u00e3o conforme esse marco exige, v\u00e3o sofrer a expuls\u00e3o e a viol\u00eancia de seus territ\u00f3rios &#8211; e essa viol\u00eancia estar\u00e1 legitimada por uma a\u00e7\u00e3o de reintegra\u00e7\u00e3o de posse baseada na tese do marco temporal\u201d, afirmou Karai Djekupe. \u201c[Esse projeto de lei \u00e9] para fragilizar nossas vidas, para tomar nossos territ\u00f3rios, para fazer reintegra\u00e7\u00e3o de posse e para cometer viol\u00eancia\u201d, acrescentou.<\/p>\n<p>\u201cN\u00f3s, povos ind\u00edgenas, vamos resistir porque somos nossos territ\u00f3rios. Nosso entendimento de pertencimento \u00e0 terra \u00e9 diferente do entendimento do n\u00e3o ind\u00edgena. O que vai acontecer se o marco temporal for aprovado \u00e9 isso: eles v\u00e3o iniciar o processo de reintegra\u00e7\u00e3o de posse e n\u00f3s iremos resistir a essas reintegra\u00e7\u00f5es\u201d.<\/p>\n<p>A vota\u00e7\u00e3o do marco temporal n\u00e3o preocupa somente os povos origin\u00e1rios. Nessa segunda-feira (29), o escrit\u00f3rio da Organiza\u00e7\u00e3o das Na\u00e7\u00f5es Unidas (ONU) para Direitos Humanos na Am\u00e9rica do Sul divulgou alerta cobrando das autoridades brasileiras \u201cmedidas urgentes em prol dessas popula\u00e7\u00f5es, conforme as normas internacionais de direitos humanos\u201d. Segundo o \u00f3rg\u00e3o, iniciativas como essa, do Congresso Nacional, \u201carriscam a prote\u00e7\u00e3o dos povos ind\u00edgenas no pa\u00eds\u201d.<\/p>\n<p>\u201cAprovar o projeto conhecido como marco temporal seria um grave retrocesso para os direitos desses povos, contr\u00e1rio \u00e0s normas internacionais de direitos humanos\u201d, disse Jan Jarab. chefe da ONU Direitos Humanos na Am\u00e9rica do Sul. \u201cA posse das terras existentes em 1988, ap\u00f3s o expansionismo da ditadura militar, n\u00e3o representa a rela\u00e7\u00e3o tradicional forjada durante s\u00e9culos pelos povos com o seu entorno, ignorando arbitrariamente os direitos territoriais e o valor ancestral das terras para o seu modo de viver\u201d, diz a nota.<\/p>\n<p>A organiza\u00e7\u00e3o internacional Human Rights Watch tamb\u00e9m manifestou grande preocupa\u00e7\u00e3o com a vota\u00e7\u00e3o do marco temporal. Em comunicado, a organiza\u00e7\u00e3o disse que \u201co Congresso brasileiro deveria rejeitar um projeto de lei que adota marco temporal arbitr\u00e1rio para o reconhecimento de terras ind\u00edgenas\u201d.<\/p>\n<p>\u201cO direito de povos ind\u00edgenas a seus territ\u00f3rios n\u00e3o come\u00e7a e nem termina em uma data arbitr\u00e1ria\u201d, disse Maria Laura Canineu, diretora da Human Rights Watch no Brasil. \u201cAprovar esse projeto de lei seria um retrocesso inconceb\u00edvel, violaria os direitos humanos e sinalizaria que o Brasil n\u00e3o est\u00e1 honrando seu compromisso de defender aqueles que comprovadamente melhor protegem nossas florestas\u201d, acrescentou.<\/p>\n<p>The post <a rel=\"nofollow noopener\" href=\"https:\/\/www.infomoney.com.br\/politica\/recuar-para-nos-nao-e-opcao-diz-indigena-sobre-marco-temporal\/\" target=\"_blank\">\u201cRecuar, para n\u00f3s, n\u00e3o \u00e9 op\u00e7\u00e3o\u201d, diz ind\u00edgena sobre marco temporal<\/a> appeared first on <a rel=\"nofollow noopener\" href=\"https:\/\/www.infomoney.com.br\/\" target=\"_blank\">InfoMoney<\/a>.<\/p>\n","protected":false},"excerpt":{"rendered":"<p><img loading=\"lazy\" decoding=\"async\" width=\"300\" height=\"200\" src=\"https:\/\/www.infomoney.com.br\/wp-content\/uploads\/2019\/06\/amazonia-1.jpg?fit=300%2C200&amp;quality=70&amp;strip=all\" class=\"attachment-medium size-medium wp-post-image\" alt=\"\" data-attachment-id=\"50826\" data-permalink=\"https:\/\/www.infomoney.com.br\/amazonia-1\/\" data-orig-file=\"https:\/\/www.infomoney.com.br\/wp-content\/uploads\/2019\/06\/amazonia-1.jpg?fit=900%2C600&amp;quality=70&amp;strip=all\" data-orig-size=\"900,600\" data-comments-opened=\"1\" data-image-meta='{\"aperture\":\"0\",\"credit\":\"\",\"camera\":\"\",\"caption\":\"\",\"created_timestamp\":\"0\",\"copyright\":\"\",\"focal_length\":\"0\",\"iso\":\"0\",\"shutter_speed\":\"0\",\"title\":\"\",\"orientation\":\"0\"}' data-image-title=\"amazonia-1\" data-image-description=\"\" data-image-caption=\"\" data-medium-file=\"https:\/\/www.infomoney.com.br\/wp-content\/uploads\/2019\/06\/amazonia-1.jpg?fit=300%2C200&amp;quality=70&amp;strip=all\" data-large-file=\"https:\/\/www.infomoney.com.br\/wp-content\/uploads\/2019\/06\/amazonia-1.jpg?fit=900%2C600&amp;quality=70&amp;strip=all\">Projeto de demarca\u00e7\u00e3o de terras ind\u00edgenas deve ser votado nesta ter\u00e7a<\/p>\n<p>The post <a rel=\"nofollow\" href=\"https:\/\/www.infomoney.com.br\/politica\/recuar-para-nos-nao-e-opcao-diz-indigena-sobre-marco-temporal\/\">\u201cRecuar, para n\u00f3s, n\u00e3o \u00e9 op\u00e7\u00e3o\u201d, diz ind\u00edgena sobre marco temporal<\/a> appeared first on <a rel=\"nofollow\" href=\"https:\/\/www.infomoney.com.br\/\">InfoMoney<\/a>.<\/p>\n","protected":false},"author":44,"featured_media":0,"comment_status":"closed","ping_status":"closed","sticky":false,"template":"","format":"standard","meta":{"advgb_blocks_editor_width":"","advgb_blocks_columns_visual_guide":"","footnotes":""},"categories":[359,34,277,47],"tags":[35],"class_list":["post-18737","post","type-post","status-publish","format-standard","hentry","category-congresso-nacional","category-g1","category-indigenas","category-politica","tag-g1"],"author_meta":{"display_name":"Ag\u00eancia Brasil","author_link":"https:\/\/sindaopcpb.org.br\/author\/agencia-brasil\/"},"featured_img":null,"coauthors":[],"tax_additional":{"categories":{"linked":["<a href=\"https:\/\/sindaopcpb.org.br\/congresso-nacional\/\" class=\"advgb-post-tax-term\">Congresso Nacional<\/a>","<a href=\"https:\/\/sindaopcpb.org.br\/g1\/\" class=\"advgb-post-tax-term\">G1<\/a>","<a href=\"https:\/\/sindaopcpb.org.br\/indigenas\/\" class=\"advgb-post-tax-term\">ind\u00edgenas<\/a>","<a href=\"https:\/\/sindaopcpb.org.br\/politica\/\" class=\"advgb-post-tax-term\">POLITICA<\/a>"],"unlinked":["<span class=\"advgb-post-tax-term\">Congresso Nacional<\/span>","<span class=\"advgb-post-tax-term\">G1<\/span>","<span class=\"advgb-post-tax-term\">ind\u00edgenas<\/span>","<span class=\"advgb-post-tax-term\">POLITICA<\/span>"]},"tags":{"linked":["<a href=\"https:\/\/sindaopcpb.org.br\/politica\/\" class=\"advgb-post-tax-term\">g1<\/a>"],"unlinked":["<span class=\"advgb-post-tax-term\">g1<\/span>"]}},"comment_count":"0","relative_dates":{"created":"Publicado 3 anos atr\u00e1s","modified":"Atualizado 3 anos atr\u00e1s"},"absolute_dates":{"created":"Publicado em 30 de maio de 2023","modified":"Atualizado em 30 de maio de 2023"},"absolute_dates_time":{"created":"Publicado em 30 de maio de 2023 10:05","modified":"Atualizado em 30 de maio de 2023 10:05"},"featured_img_caption":"","series_order":"","_links":{"self":[{"href":"https:\/\/sindaopcpb.org.br\/index.php\/wp-json\/wp\/v2\/posts\/18737","targetHints":{"allow":["GET"]}}],"collection":[{"href":"https:\/\/sindaopcpb.org.br\/index.php\/wp-json\/wp\/v2\/posts"}],"about":[{"href":"https:\/\/sindaopcpb.org.br\/index.php\/wp-json\/wp\/v2\/types\/post"}],"author":[{"embeddable":true,"href":"https:\/\/sindaopcpb.org.br\/index.php\/wp-json\/wp\/v2\/users\/44"}],"replies":[{"embeddable":true,"href":"https:\/\/sindaopcpb.org.br\/index.php\/wp-json\/wp\/v2\/comments?post=18737"}],"version-history":[{"count":1,"href":"https:\/\/sindaopcpb.org.br\/index.php\/wp-json\/wp\/v2\/posts\/18737\/revisions"}],"predecessor-version":[{"id":18738,"href":"https:\/\/sindaopcpb.org.br\/index.php\/wp-json\/wp\/v2\/posts\/18737\/revisions\/18738"}],"wp:attachment":[{"href":"https:\/\/sindaopcpb.org.br\/index.php\/wp-json\/wp\/v2\/media?parent=18737"}],"wp:term":[{"taxonomy":"category","embeddable":true,"href":"https:\/\/sindaopcpb.org.br\/index.php\/wp-json\/wp\/v2\/categories?post=18737"},{"taxonomy":"post_tag","embeddable":true,"href":"https:\/\/sindaopcpb.org.br\/index.php\/wp-json\/wp\/v2\/tags?post=18737"}],"curies":[{"name":"wp","href":"https:\/\/api.w.org\/{rel}","templated":true}]}}