{"id":18702,"date":"2023-05-29T19:12:11","date_gmt":"2023-05-29T22:12:11","guid":{"rendered":"https:\/\/www.infomoney.com.br\/?p=2146995"},"modified":"2023-05-29T19:12:11","modified_gmt":"2023-05-29T22:12:11","slug":"senado-avaliacao-de-incentivos-fiscais-volta-a-pauta-na-terca","status":"publish","type":"post","link":"https:\/\/sindaopcpb.org.br\/index.php\/2023\/05\/29\/senado-avaliacao-de-incentivos-fiscais-volta-a-pauta-na-terca\/","title":{"rendered":"Senado: avalia\u00e7\u00e3o de incentivos fiscais volta \u00e0 pauta na ter\u00e7a"},"content":{"rendered":"<p><img loading=\"lazy\" width=\"300\" height=\"200\" src=\"https:\/\/www.infomoney.com.br\/wp-content\/uploads\/2022\/12\/Senado_plenario.jpg?fit=300%2C200&amp;quality=70&amp;strip=all\" class=\"attachment-medium size-medium wp-post-image\" alt=\"\" decoding=\"async\" style=\"float:right; margin:0 0 10px 10px;\" srcset=\"https:\/\/www.infomoney.com.br\/wp-content\/uploads\/2022\/12\/Senado_plenario.jpg?w=799&amp;quality=70&amp;strip=all 799w, https:\/\/www.infomoney.com.br\/wp-content\/uploads\/2022\/12\/Senado_plenario.jpg?w=300&amp;quality=70&amp;strip=all 300w, https:\/\/www.infomoney.com.br\/wp-content\/uploads\/2022\/12\/Senado_plenario.jpg?w=768&amp;quality=70&amp;strip=all 768w, https:\/\/www.infomoney.com.br\/wp-content\/uploads\/2022\/12\/Senado_plenario.jpg?w=150&amp;quality=70&amp;strip=all 150w\" sizes=\"auto, (max-width: 300px) 100vw, 300px\" data-attachment-id=\"2003149\" data-permalink=\"https:\/\/www.infomoney.com.br\/politica\/pec-da-transicao-tem-dispositivo-que-permite-liberacao-de-recursos-do-orcamento-secreto-ainda-em-2022-e-pode-ajudar-bolsonaro-a-fechar-contas\/attachment\/senado_plenario-2\/\" data-orig-file=\"https:\/\/www.infomoney.com.br\/wp-content\/uploads\/2022\/12\/Senado_plenario.jpg?fit=799%2C533&amp;quality=70&amp;strip=all\" data-orig-size=\"799,533\" data-comments-opened=\"0\" data-image-meta=\"{&quot;aperture&quot;:&quot;0&quot;,&quot;credit&quot;:&quot;Jonas Pereira\\\/Ag\\u00eancia Senado&quot;,&quot;camera&quot;:&quot;&quot;,&quot;caption&quot;:&quot;&quot;,&quot;created_timestamp&quot;:&quot;0&quot;,&quot;copyright&quot;:&quot;Senado Federal do Brasil&quot;,&quot;focal_length&quot;:&quot;0&quot;,&quot;iso&quot;:&quot;0&quot;,&quot;shutter_speed&quot;:&quot;0&quot;,&quot;title&quot;:&quot;&quot;,&quot;orientation&quot;:&quot;0&quot;}\" data-image-title=\"Senado Federal\" data-image-description=\"\" data-image-caption=\"&lt;p&gt;O plen\u00e1rio do Senado Federal em sess\u00e3o deliberativa (Foto: Jonas Pereira\/Ag\u00eancia Senado)&lt;\/p&gt;\n\" data-medium-file=\"https:\/\/www.infomoney.com.br\/wp-content\/uploads\/2022\/12\/Senado_plenario.jpg?fit=300%2C200&amp;quality=70&amp;strip=all\" data-large-file=\"https:\/\/www.infomoney.com.br\/wp-content\/uploads\/2022\/12\/Senado_plenario.jpg?fit=799%2C533&amp;quality=70&amp;strip=all\" title=\"\"><\/p>\n<p>Decorrida uma semana do pedido de adiamento da an\u00e1lise do projeto que define mecanismos de avalia\u00e7\u00e3o e revis\u00e3o dos incentivos fiscais concedidos a empresas pela Uni\u00e3o, e que resultem em diminui\u00e7\u00e3o da arrecada\u00e7\u00e3o ou aumento de despesas, o PLP 41\/2019 retorna \u00e0 pauta do Plen\u00e1rio na ter\u00e7a-feira (30), em sess\u00e3o a partir das 14h.<\/p>\n<p>O adiamento foi solicitado pelo senador Jorge Kajuru (PSB-GO) e pelo l\u00edder do governo no Senado, senador Jaques Wagner (PT-BA). De autoria do senador Esperidi\u00e3o Amin (PP-SC), a mat\u00e9ria \u00e9 relatada pelo senador Oriovisto Guimar\u00e3es (Podemos-PR).<\/p>\n<p>O projeto busca aperfei\u00e7oar a Lei de Responsabilidade Fiscal (LRF) para avaliar o alcance e o impacto dos benef\u00edcios fiscais concedidos pela Uni\u00e3o sobre as contas de estados e munic\u00edpios. Para isso, s\u00e3o apresentados dois eixos principais: a obriga\u00e7\u00e3o de avaliar os benef\u00edcios e incentivos fiscais e a fixa\u00e7\u00e3o de metas para os benef\u00edcios, que n\u00e3o dever\u00e3o ser renovados caso as metas n\u00e3o sejam atingidas.<\/p>\n<h2><strong>Doa\u00e7\u00f5es<\/strong><\/h2>\n<p>Ainda como uma forma de incentivo, est\u00e1 em pauta projeto, do senador Chico Rodrigues (PSB-RR), que permite \u00e0s pessoas f\u00edsicas deduzirem da base de c\u00e1lculo do Imposto de Renda as doa\u00e7\u00f5es a projetos de pesquisa cient\u00edfica e tecnol\u00f3gica.<\/p>\n<p>Enquanto o texto original do PL 776\/2019 estabelecia para as doa\u00e7\u00f5es a pesquisas executadas por institui\u00e7\u00f5es p\u00fablicas ou privadas o mesmo teto de dedu\u00e7\u00e3o do IR permitido para gastos com instru\u00e7\u00e3o do contribuinte e de seus dependentes, hoje no valor de R$ 3.561,50 ao ano, o relator da mat\u00e9ria, senador Fl\u00e1vio Arns (PSB-PR), apresentou substitutivo, aprovado na Comiss\u00e3o de Assuntos Econ\u00f4micos (CAE).<\/p>\n<p>O texto alternativo muda os par\u00e2metros de isen\u00e7\u00e3o. As doa\u00e7\u00f5es a pesquisas poder\u00e3o agora ser deduzidas do imposto devido (e n\u00e3o mais da base de c\u00e1lculo) at\u00e9 o limite de 6% do IR a ser pago.<\/p>\n<p>No entanto, esse limite compreende tamb\u00e9m as doa\u00e7\u00f5es aos Fundos Nacional, Estaduais e Municipais dos Direitos da Crian\u00e7a e do Adolescente e aos Conselhos Municipais, Estaduais e Nacional do Idoso; os patroc\u00ednios ou doa\u00e7\u00f5es a projetos desportivos e paradesportivos; as contribui\u00e7\u00f5es a projetos culturais do Programa Nacional de Apoio \u00e0 Cultura; e os investimentos em atividades audiovisuais. Ou seja, todos esses gastos somados s\u00f3 podem ser abatidos at\u00e9 o limite de 6%.<\/p>\n<h2><strong>Surdocegueira<\/strong><\/h2>\n<p>Outro item da pauta \u00e9 o PL 2.260\/2019, que institui 12 de novembro como o Dia Nacional da Pessoa com Surdocegueira. A mat\u00e9ria foi aprovada com parecer favor\u00e1vel da senadora Zenaide Maia (PROS-RN) na Comiss\u00e3o de Educa\u00e7\u00e3o, Cultura e Esporte (CE).<\/p>\n<p>A\u00a0surdocegueira, gen\u00e9tica ou adquirida, \u00e9 uma condi\u00e7\u00e3o de defici\u00eancia \u00fanica, que compromete total ou parcialmente os sentidos da vis\u00e3o e audi\u00e7\u00e3o.<\/p>\n<h2><strong>Supl\u00eancia<\/strong><\/h2>\n<p>Antes da delibera\u00e7\u00e3o das mat\u00e9rias, o Plen\u00e1rio deve realizar a elei\u00e7\u00e3o da terceira e da quarta supl\u00eancias da Mesa. A primeira suplente \u00e9 a senadora Mara Gabrilli (PSD-SP) e a segunda suplente, a senadora Ivete da Silveira (MDB-SC).<\/p>\n<p>The post <a rel=\"nofollow noopener\" href=\"https:\/\/www.infomoney.com.br\/politica\/senado-avaliacao-de-incentivos-fiscais-volta-a-pauta-na-terca\/\" target=\"_blank\">Senado: avalia\u00e7\u00e3o de incentivos fiscais volta \u00e0 pauta na ter\u00e7a<\/a> appeared first on <a rel=\"nofollow noopener\" href=\"https:\/\/www.infomoney.com.br\/\" target=\"_blank\">InfoMoney<\/a>.<\/p>\n","protected":false},"excerpt":{"rendered":"<p><img loading=\"lazy\" decoding=\"async\" width=\"300\" height=\"200\" src=\"https:\/\/www.infomoney.com.br\/wp-content\/uploads\/2022\/12\/Senado_plenario.jpg?fit=300%2C200&amp;quality=70&amp;strip=all\" class=\"attachment-medium size-medium wp-post-image\" alt=\"\" data-attachment-id=\"2003149\" data-permalink=\"https:\/\/www.infomoney.com.br\/politica\/pec-da-transicao-tem-dispositivo-que-permite-liberacao-de-recursos-do-orcamento-secreto-ainda-em-2022-e-pode-ajudar-bolsonaro-a-fechar-contas\/attachment\/senado_plenario-2\/\" data-orig-file=\"https:\/\/www.infomoney.com.br\/wp-content\/uploads\/2022\/12\/Senado_plenario.jpg?fit=799%2C533&amp;quality=70&amp;strip=all\" data-orig-size=\"799,533\" data-comments-opened=\"0\" data-image-meta='{\"aperture\":\"0\",\"credit\":\"Jonas Pereira\\\/Ag\\u00eancia Senado\",\"camera\":\"\",\"caption\":\"\",\"created_timestamp\":\"0\",\"copyright\":\"Senado Federal do Brasil\",\"focal_length\":\"0\",\"iso\":\"0\",\"shutter_speed\":\"0\",\"title\":\"\",\"orientation\":\"0\"}' data-image-title=\"Senado Federal\" data-image-description=\"\" data-image-caption=\"&lt;p&gt;O plen\u00e1rio do Senado Federal em sess\u00e3o deliberativa (Foto: Jonas Pereira\/Ag\u00eancia Senado)&lt;\/p&gt;\n\" data-medium-file=\"https:\/\/www.infomoney.com.br\/wp-content\/uploads\/2022\/12\/Senado_plenario.jpg?fit=300%2C200&amp;quality=70&amp;strip=all\" data-large-file=\"https:\/\/www.infomoney.com.br\/wp-content\/uploads\/2022\/12\/Senado_plenario.jpg?fit=799%2C533&amp;quality=70&amp;strip=all\">Projeto busca aperfei\u00e7oar a Lei de Responsabilidade Fiscal para avaliar impacto dos benef\u00edcios concedidos pela Uni\u00e3o sobre as contas de estados e munic\u00edpios<\/p>\n<p>The post <a rel=\"nofollow\" href=\"https:\/\/www.infomoney.com.br\/politica\/senado-avaliacao-de-incentivos-fiscais-volta-a-pauta-na-terca\/\">Senado: avalia\u00e7\u00e3o de incentivos fiscais volta \u00e0 pauta na ter\u00e7a<\/a> appeared first on <a rel=\"nofollow\" href=\"https:\/\/www.infomoney.com.br\/\">InfoMoney<\/a>.<\/p>\n","protected":false},"author":47,"featured_media":0,"comment_status":"closed","ping_status":"closed","sticky":false,"template":"","format":"standard","meta":{"advgb_blocks_editor_width":"","advgb_blocks_columns_visual_guide":"","footnotes":""},"categories":[2849,34,47,403],"tags":[35],"class_list":["post-18702","post","type-post","status-publish","format-standard","hentry","category-beneficios","category-g1","category-politica","category-senado","tag-g1"],"author_meta":{"display_name":"luispereira","author_link":"https:\/\/sindaopcpb.org.br\/author\/luispereira\/"},"featured_img":null,"coauthors":[],"tax_additional":{"categories":{"linked":["<a href=\"https:\/\/sindaopcpb.org.br\/beneficios\/\" class=\"advgb-post-tax-term\">Benef\u00edcios<\/a>","<a href=\"https:\/\/sindaopcpb.org.br\/g1\/\" class=\"advgb-post-tax-term\">G1<\/a>","<a href=\"https:\/\/sindaopcpb.org.br\/politica\/\" class=\"advgb-post-tax-term\">POLITICA<\/a>","<a href=\"https:\/\/sindaopcpb.org.br\/senado\/\" class=\"advgb-post-tax-term\">Senado<\/a>"],"unlinked":["<span class=\"advgb-post-tax-term\">Benef\u00edcios<\/span>","<span class=\"advgb-post-tax-term\">G1<\/span>","<span class=\"advgb-post-tax-term\">POLITICA<\/span>","<span class=\"advgb-post-tax-term\">Senado<\/span>"]},"tags":{"linked":["<a href=\"https:\/\/sindaopcpb.org.br\/senado\/\" class=\"advgb-post-tax-term\">g1<\/a>"],"unlinked":["<span class=\"advgb-post-tax-term\">g1<\/span>"]}},"comment_count":"0","relative_dates":{"created":"Publicado 3 anos atr\u00e1s","modified":"Atualizado 3 anos atr\u00e1s"},"absolute_dates":{"created":"Publicado em 29 de maio de 2023","modified":"Atualizado em 29 de maio de 2023"},"absolute_dates_time":{"created":"Publicado em 29 de maio de 2023 19:12","modified":"Atualizado em 29 de maio de 2023 19:12"},"featured_img_caption":"","series_order":"","_links":{"self":[{"href":"https:\/\/sindaopcpb.org.br\/index.php\/wp-json\/wp\/v2\/posts\/18702","targetHints":{"allow":["GET"]}}],"collection":[{"href":"https:\/\/sindaopcpb.org.br\/index.php\/wp-json\/wp\/v2\/posts"}],"about":[{"href":"https:\/\/sindaopcpb.org.br\/index.php\/wp-json\/wp\/v2\/types\/post"}],"author":[{"embeddable":true,"href":"https:\/\/sindaopcpb.org.br\/index.php\/wp-json\/wp\/v2\/users\/47"}],"replies":[{"embeddable":true,"href":"https:\/\/sindaopcpb.org.br\/index.php\/wp-json\/wp\/v2\/comments?post=18702"}],"version-history":[{"count":1,"href":"https:\/\/sindaopcpb.org.br\/index.php\/wp-json\/wp\/v2\/posts\/18702\/revisions"}],"predecessor-version":[{"id":18703,"href":"https:\/\/sindaopcpb.org.br\/index.php\/wp-json\/wp\/v2\/posts\/18702\/revisions\/18703"}],"wp:attachment":[{"href":"https:\/\/sindaopcpb.org.br\/index.php\/wp-json\/wp\/v2\/media?parent=18702"}],"wp:term":[{"taxonomy":"category","embeddable":true,"href":"https:\/\/sindaopcpb.org.br\/index.php\/wp-json\/wp\/v2\/categories?post=18702"},{"taxonomy":"post_tag","embeddable":true,"href":"https:\/\/sindaopcpb.org.br\/index.php\/wp-json\/wp\/v2\/tags?post=18702"}],"curies":[{"name":"wp","href":"https:\/\/api.w.org\/{rel}","templated":true}]}}