{"id":18685,"date":"2023-05-29T17:46:07","date_gmt":"2023-05-29T20:46:07","guid":{"rendered":"https:\/\/www.infomoney.com.br\/?p=2147008"},"modified":"2023-05-29T17:46:07","modified_gmt":"2023-05-29T20:46:07","slug":"stf-anula-condenacao-de-eduardo-cunha-a-prisao-pela-lava-jato","status":"publish","type":"post","link":"https:\/\/sindaopcpb.org.br\/index.php\/2023\/05\/29\/stf-anula-condenacao-de-eduardo-cunha-a-prisao-pela-lava-jato\/","title":{"rendered":"STF anula condena\u00e7\u00e3o de Eduardo Cunha \u00e0 pris\u00e3o pela Lava Jato"},"content":{"rendered":"<p><img loading=\"lazy\" width=\"300\" height=\"153\" src=\"https:\/\/www.infomoney.com.br\/wp-content\/uploads\/2019\/06\/eduardo-cunha-35.jpg?fit=300%2C153&amp;quality=70&amp;strip=all\" class=\"attachment-medium size-medium wp-post-image\" alt=\"\" decoding=\"async\" style=\"float:right; margin:0 0 10px 10px;\" srcset=\"https:\/\/www.infomoney.com.br\/wp-content\/uploads\/2019\/06\/eduardo-cunha-35.jpg?w=900&amp;quality=70&amp;strip=all 900w, https:\/\/www.infomoney.com.br\/wp-content\/uploads\/2019\/06\/eduardo-cunha-35.jpg?w=300&amp;quality=70&amp;strip=all 300w, https:\/\/www.infomoney.com.br\/wp-content\/uploads\/2019\/06\/eduardo-cunha-35.jpg?w=768&amp;quality=70&amp;strip=all 768w, https:\/\/www.infomoney.com.br\/wp-content\/uploads\/2019\/06\/eduardo-cunha-35.jpg?w=150&amp;quality=70&amp;strip=all 150w\" sizes=\"auto, (max-width: 300px) 100vw, 300px\" data-attachment-id=\"45092\" data-permalink=\"https:\/\/www.infomoney.com.br\/eduardo-cunha-35\/\" data-orig-file=\"https:\/\/www.infomoney.com.br\/wp-content\/uploads\/2019\/06\/eduardo-cunha-35.jpg?fit=900%2C460&amp;quality=70&amp;strip=all\" data-orig-size=\"900,460\" data-comments-opened=\"1\" data-image-meta=\"{&quot;aperture&quot;:&quot;0&quot;,&quot;credit&quot;:&quot;&quot;,&quot;camera&quot;:&quot;&quot;,&quot;caption&quot;:&quot;&quot;,&quot;created_timestamp&quot;:&quot;0&quot;,&quot;copyright&quot;:&quot;&quot;,&quot;focal_length&quot;:&quot;0&quot;,&quot;iso&quot;:&quot;0&quot;,&quot;shutter_speed&quot;:&quot;0&quot;,&quot;title&quot;:&quot;&quot;,&quot;orientation&quot;:&quot;0&quot;}\" data-image-title=\"eduardo-cunha-35\" data-image-description=\"\" data-image-caption=\"\" data-medium-file=\"https:\/\/www.infomoney.com.br\/wp-content\/uploads\/2019\/06\/eduardo-cunha-35.jpg?fit=300%2C153&amp;quality=70&amp;strip=all\" data-large-file=\"https:\/\/www.infomoney.com.br\/wp-content\/uploads\/2019\/06\/eduardo-cunha-35.jpg?fit=900%2C460&amp;quality=70&amp;strip=all\" title=\"\"><\/p>\n<p>O Supremo Tribunal Federal (STF) anulou a condena\u00e7\u00e3o a quase 16 anos de pris\u00e3o do ex-presidente da C\u00e2mara dos Deputados, Eduardo Cunha (PTB), por suposto recebimento de propina em contratos de dois navios-sonda da Petrobras, no \u00e2mbito da Opera\u00e7\u00e3o Lava Jato.<\/p>\n<p>Realizado em sess\u00e3o virtual da Segunda Turma, o julgamento terminou em 3 votos a 2 a favor da anula\u00e7\u00e3o da senten\u00e7a. N\u00e3o foi analisado o m\u00e9rito da quest\u00e3o pelos magistrados.<\/p>\n<p>Os ministros Nunes Marques, Andr\u00e9 Mendon\u00e7a e Gilmar Mendes entenderam que o processo deveria ter sido conduzido pela Justi\u00e7a Eleitoral, e n\u00e3o pela Justi\u00e7a Federal em Curitiba. Edson Fachin e Ricardo Lewandowski, j\u00e1 aposentado, votaram a favor da condena\u00e7\u00e3o do ex-deputado.<\/p>\n<p>A decis\u00e3o, na interpreta\u00e7\u00e3o da maioria dos magistrados que votaram, se ampara em entendimento formado pelo plen\u00e1rio do STF em 2019, de que a Justi\u00e7a Eleitoral teria preval\u00eancia sobre a Justi\u00e7a comum para analisar casos de crimes eleitorais conexos.<\/p>\n<p>Cunha chegou a concorrer nas elei\u00e7\u00f5es de 2022, mas acabou n\u00e3o conquistando votos suficientes para voltar \u00e0 C\u00e2mara dos Deputados. Na \u00e9poca, o Tribunal Regional Eleitoral de S\u00e3o Paulo deferiu o pedido de registro de candidatura, por entender que Cunha n\u00e3o estava ineleg\u00edvel no momento do registro da candidatura, apesar de ter o mandato anterior cassado, em 2016, por quebra de decoro parlamentar.<\/p>\n<p>Com a decis\u00e3o colegiada divulgada pelo STF nesta segunda-feira (29), o processo ser\u00e1 encaminhado \u00e0 Justi\u00e7a Eleitoral do Paran\u00e1. Caber\u00e1 ao novo juiz respons\u00e1vel pelo caso decidir se aceita a validade das provas produzidas e se restabelece a condena\u00e7\u00e3o do pol\u00edtico.<\/p>\n<p>O Minist\u00e9rio P\u00fablico Federal (MPF) alega que Cunha teria sido beneficiado por um suposto pagamento de propina relacionada a contratos de constru\u00e7\u00e3o de navios-sonda da Petrobras celebrados entre a estatal e o estaleiro Samsung Heavy Industries.<\/p>\n<p>Em 2021, em outra decis\u00e3o sobre compet\u00eancia, a Segunda Turma enviou para a Justi\u00e7a Eleitoral outra condena\u00e7\u00e3o de Cunha. Nesse caso, tratava-se de uma senten\u00e7a a 15 anos e 4 meses de pris\u00e3o pelo ent\u00e3o juiz S\u00e9rgio Moro pelos crimes de corrup\u00e7\u00e3o, lavagem de dinheiro e evas\u00e3o de divisas.<\/p>\n<p>Em nota, a defesa do ex-parlamentar disse que a decis\u00e3o do STF confirma a &#8220;persegui\u00e7\u00e3o contra Cunha&#8221;.<\/p>\n<p>&#8220;A decis\u00e3o do Supremo fez justi\u00e7a e confirma aquilo que a defesa sustenta desde o in\u00edcio do processo e que agora est\u00e1 ficando claro para todo o pa\u00eds: Eduardo Cunha, assim como outros in\u00fameros r\u00e9us, foi v\u00edtima de um processo de persegui\u00e7\u00e3o abusivo, parcial e ilegal e julgado por uma inst\u00e2ncia manifestamente incompetente&#8221;, disseram os advogados do pol\u00edtico.<\/p>\n<p>(Com Ag\u00eancia Brasil)<\/p>\n<p>The post <a rel=\"nofollow noopener\" href=\"https:\/\/www.infomoney.com.br\/politica\/stf-anula-condenacao-de-eduardo-cunha-a-prisao-pela-lava-jato\/\" target=\"_blank\">STF anula condena\u00e7\u00e3o de Eduardo Cunha \u00e0 pris\u00e3o pela Lava Jato<\/a> appeared first on <a rel=\"nofollow noopener\" href=\"https:\/\/www.infomoney.com.br\/\" target=\"_blank\">InfoMoney<\/a>.<\/p>\n","protected":false},"excerpt":{"rendered":"<p><img loading=\"lazy\" decoding=\"async\" width=\"300\" height=\"153\" src=\"https:\/\/www.infomoney.com.br\/wp-content\/uploads\/2019\/06\/eduardo-cunha-35.jpg?fit=300%2C153&amp;quality=70&amp;strip=all\" class=\"attachment-medium size-medium wp-post-image\" alt=\"\" data-attachment-id=\"45092\" data-permalink=\"https:\/\/www.infomoney.com.br\/eduardo-cunha-35\/\" data-orig-file=\"https:\/\/www.infomoney.com.br\/wp-content\/uploads\/2019\/06\/eduardo-cunha-35.jpg?fit=900%2C460&amp;quality=70&amp;strip=all\" data-orig-size=\"900,460\" data-comments-opened=\"1\" data-image-meta='{\"aperture\":\"0\",\"credit\":\"\",\"camera\":\"\",\"caption\":\"\",\"created_timestamp\":\"0\",\"copyright\":\"\",\"focal_length\":\"0\",\"iso\":\"0\",\"shutter_speed\":\"0\",\"title\":\"\",\"orientation\":\"0\"}' data-image-title=\"eduardo-cunha-35\" data-image-description=\"\" data-image-caption=\"\" data-medium-file=\"https:\/\/www.infomoney.com.br\/wp-content\/uploads\/2019\/06\/eduardo-cunha-35.jpg?fit=300%2C153&amp;quality=70&amp;strip=all\" data-large-file=\"https:\/\/www.infomoney.com.br\/wp-content\/uploads\/2019\/06\/eduardo-cunha-35.jpg?fit=900%2C460&amp;quality=70&amp;strip=all\">Realizado em sess\u00e3o virtual da Segunda Turma, o julgamento &#8211; que n\u00e3o analisou o m\u00e9rito da quest\u00e3o &#8211; terminou em 3 votos a 2 a favor do pol\u00edtico<\/p>\n<p>The post <a rel=\"nofollow\" href=\"https:\/\/www.infomoney.com.br\/politica\/stf-anula-condenacao-de-eduardo-cunha-a-prisao-pela-lava-jato\/\">STF anula condena\u00e7\u00e3o de Eduardo Cunha \u00e0 pris\u00e3o pela Lava Jato<\/a> appeared first on <a rel=\"nofollow\" href=\"https:\/\/www.infomoney.com.br\/\">InfoMoney<\/a>.<\/p>\n","protected":false},"author":47,"featured_media":0,"comment_status":"closed","ping_status":"closed","sticky":false,"template":"","format":"standard","meta":{"advgb_blocks_editor_width":"","advgb_blocks_columns_visual_guide":"","footnotes":""},"categories":[3810,34,47,449],"tags":[35],"class_list":["post-18685","post","type-post","status-publish","format-standard","hentry","category-eduardo-cunha","category-g1","category-politica","category-stf","tag-g1"],"author_meta":{"display_name":"luispereira","author_link":"https:\/\/sindaopcpb.org.br\/author\/luispereira\/"},"featured_img":null,"coauthors":[],"tax_additional":{"categories":{"linked":["<a href=\"https:\/\/sindaopcpb.org.br\/eduardo-cunha\/\" class=\"advgb-post-tax-term\">eduardo cunha<\/a>","<a href=\"https:\/\/sindaopcpb.org.br\/g1\/\" class=\"advgb-post-tax-term\">G1<\/a>","<a href=\"https:\/\/sindaopcpb.org.br\/politica\/\" class=\"advgb-post-tax-term\">POLITICA<\/a>","<a href=\"https:\/\/sindaopcpb.org.br\/stf\/\" class=\"advgb-post-tax-term\">STF<\/a>"],"unlinked":["<span class=\"advgb-post-tax-term\">eduardo cunha<\/span>","<span class=\"advgb-post-tax-term\">G1<\/span>","<span class=\"advgb-post-tax-term\">POLITICA<\/span>","<span class=\"advgb-post-tax-term\">STF<\/span>"]},"tags":{"linked":["<a href=\"https:\/\/sindaopcpb.org.br\/stf\/\" class=\"advgb-post-tax-term\">g1<\/a>"],"unlinked":["<span class=\"advgb-post-tax-term\">g1<\/span>"]}},"comment_count":"0","relative_dates":{"created":"Publicado 3 anos atr\u00e1s","modified":"Atualizado 3 anos atr\u00e1s"},"absolute_dates":{"created":"Publicado em 29 de maio de 2023","modified":"Atualizado em 29 de maio de 2023"},"absolute_dates_time":{"created":"Publicado em 29 de maio de 2023 17:46","modified":"Atualizado em 29 de maio de 2023 17:46"},"featured_img_caption":"","series_order":"","_links":{"self":[{"href":"https:\/\/sindaopcpb.org.br\/index.php\/wp-json\/wp\/v2\/posts\/18685","targetHints":{"allow":["GET"]}}],"collection":[{"href":"https:\/\/sindaopcpb.org.br\/index.php\/wp-json\/wp\/v2\/posts"}],"about":[{"href":"https:\/\/sindaopcpb.org.br\/index.php\/wp-json\/wp\/v2\/types\/post"}],"author":[{"embeddable":true,"href":"https:\/\/sindaopcpb.org.br\/index.php\/wp-json\/wp\/v2\/users\/47"}],"replies":[{"embeddable":true,"href":"https:\/\/sindaopcpb.org.br\/index.php\/wp-json\/wp\/v2\/comments?post=18685"}],"version-history":[{"count":1,"href":"https:\/\/sindaopcpb.org.br\/index.php\/wp-json\/wp\/v2\/posts\/18685\/revisions"}],"predecessor-version":[{"id":18686,"href":"https:\/\/sindaopcpb.org.br\/index.php\/wp-json\/wp\/v2\/posts\/18685\/revisions\/18686"}],"wp:attachment":[{"href":"https:\/\/sindaopcpb.org.br\/index.php\/wp-json\/wp\/v2\/media?parent=18685"}],"wp:term":[{"taxonomy":"category","embeddable":true,"href":"https:\/\/sindaopcpb.org.br\/index.php\/wp-json\/wp\/v2\/categories?post=18685"},{"taxonomy":"post_tag","embeddable":true,"href":"https:\/\/sindaopcpb.org.br\/index.php\/wp-json\/wp\/v2\/tags?post=18685"}],"curies":[{"name":"wp","href":"https:\/\/api.w.org\/{rel}","templated":true}]}}