{"id":18681,"date":"2023-05-29T18:18:14","date_gmt":"2023-05-29T21:18:14","guid":{"rendered":"https:\/\/www.infomoney.com.br\/?p=2146985"},"modified":"2023-05-29T18:18:14","modified_gmt":"2023-05-29T21:18:14","slug":"minha-casa-minha-vida-comissao-vota-mp-na-quarta","status":"publish","type":"post","link":"https:\/\/sindaopcpb.org.br\/index.php\/2023\/05\/29\/minha-casa-minha-vida-comissao-vota-mp-na-quarta\/","title":{"rendered":"Minha Casa, Minha Vida: comiss\u00e3o vota MP na quarta"},"content":{"rendered":"<p><img loading=\"lazy\" width=\"300\" height=\"200\" src=\"https:\/\/www.infomoney.com.br\/wp-content\/uploads\/2020\/08\/2.jpg?fit=300%2C200&amp;quality=70&amp;strip=all\" class=\"attachment-medium size-medium wp-post-image\" alt=\"Vista a\u00e9rea de casas padronizadas do programa minha casa minha vida do estado de S\u00e3o Paulo, Brasil\" decoding=\"async\" style=\"float:right; margin:0 0 10px 10px;\" srcset=\"https:\/\/www.infomoney.com.br\/wp-content\/uploads\/2020\/08\/2.jpg?w=2121&amp;quality=70&amp;strip=all 2121w, https:\/\/www.infomoney.com.br\/wp-content\/uploads\/2020\/08\/2.jpg?w=300&amp;quality=70&amp;strip=all 300w, https:\/\/www.infomoney.com.br\/wp-content\/uploads\/2020\/08\/2.jpg?w=768&amp;quality=70&amp;strip=all 768w, https:\/\/www.infomoney.com.br\/wp-content\/uploads\/2020\/08\/2.jpg?w=1280&amp;quality=70&amp;strip=all 1280w, https:\/\/www.infomoney.com.br\/wp-content\/uploads\/2020\/08\/2.jpg?w=1536&amp;quality=70&amp;strip=all 1536w, https:\/\/www.infomoney.com.br\/wp-content\/uploads\/2020\/08\/2.jpg?w=2048&amp;quality=70&amp;strip=all 2048w, https:\/\/www.infomoney.com.br\/wp-content\/uploads\/2020\/08\/2.jpg?w=150&amp;quality=70&amp;strip=all 150w\" sizes=\"auto, (max-width: 300px) 100vw, 300px\" data-attachment-id=\"1505840\" data-permalink=\"https:\/\/www.infomoney.com.br\/economia\/governo-anuncia-programa-casa-verde-e-amarela-substituto-do-minha-casa-minha-vida-com-foco-no-nordeste\/attachment\/2-9\/\" data-orig-file=\"https:\/\/www.infomoney.com.br\/wp-content\/uploads\/2020\/08\/2.jpg?fit=2121%2C1414&amp;quality=70&amp;strip=all\" data-orig-size=\"2121,1414\" data-comments-opened=\"1\" data-image-meta=\"{&quot;aperture&quot;:&quot;0&quot;,&quot;credit&quot;:&quot;&quot;,&quot;camera&quot;:&quot;&quot;,&quot;caption&quot;:&quot;&quot;,&quot;created_timestamp&quot;:&quot;0&quot;,&quot;copyright&quot;:&quot;&quot;,&quot;focal_length&quot;:&quot;0&quot;,&quot;iso&quot;:&quot;0&quot;,&quot;shutter_speed&quot;:&quot;0&quot;,&quot;title&quot;:&quot;&quot;,&quot;orientation&quot;:&quot;0&quot;}\" data-image-title=\"Vista a\u00e9rea de casas padronizadas do programa minha casa minha vida do estado de S\u00e3o Paulo, Brasil\" data-image-description=\"\" data-image-caption=\"&lt;p&gt;(Alfribeiro\/GettyImages)&lt;\/p&gt;\n\" data-medium-file=\"https:\/\/www.infomoney.com.br\/wp-content\/uploads\/2020\/08\/2.jpg?fit=300%2C200&amp;quality=70&amp;strip=all\" data-large-file=\"https:\/\/www.infomoney.com.br\/wp-content\/uploads\/2020\/08\/2.jpg?fit=1280%2C853&amp;quality=70&amp;strip=all\" title=\"\"><\/p>\n<p>A comiss\u00e3o mista respons\u00e1vel pela an\u00e1lise da Medida Provis\u00f3ria (MP) 1162\/23, que retoma o Programa Minha Casa, Minha Vida, vota na quarta-feira (31), \u00e0s 10h, o relat\u00f3rio do deputado Marangoni (Uni\u00e3o-SP). A reuni\u00e3o ser\u00e1 na sala 15 da Ala Senador Alexandre Costa.<\/p>\n<p>Criado em 2009, o programa volta com mudan\u00e7as. A principal delas \u00e9 o retorno da Faixa 1, que atende as fam\u00edlias de menor renda. Em audi\u00eancia no in\u00edcio do m\u00eas, Marangoni disse que deve incluir em seu parecer medidas para garantir a melhoria de moradias j\u00e1 existentes. O alvo s\u00e3o constru\u00e7\u00f5es prec\u00e1rias, principalmente nos bairros da periferia.<\/p>\n<p>Depois de ser analisada e votada pela comiss\u00e3o, presidida pelo senador Eduardo Braga (MDB-AM), a MP ainda ser\u00e1 submetida aos Plen\u00e1rios da C\u00e2mara e do Senado.<\/p>\n<p>The post <a rel=\"nofollow noopener\" href=\"https:\/\/www.infomoney.com.br\/politica\/minha-casa-minha-vida-comissao-vota-mp-na-quarta\/\" target=\"_blank\">Minha Casa, Minha Vida: comiss\u00e3o vota MP na quarta<\/a> appeared first on <a rel=\"nofollow noopener\" href=\"https:\/\/www.infomoney.com.br\/\" target=\"_blank\">InfoMoney<\/a>.<\/p>\n","protected":false},"excerpt":{"rendered":"<p><img loading=\"lazy\" decoding=\"async\" width=\"300\" height=\"200\" src=\"https:\/\/www.infomoney.com.br\/wp-content\/uploads\/2020\/08\/2.jpg?fit=300%2C200&amp;quality=70&amp;strip=all\" class=\"attachment-medium size-medium wp-post-image\" alt=\"Vista a\u00e9rea de casas padronizadas do programa minha casa minha vida do estado de S\u00e3o Paulo, Brasil\" data-attachment-id=\"1505840\" data-permalink=\"https:\/\/www.infomoney.com.br\/economia\/governo-anuncia-programa-casa-verde-e-amarela-substituto-do-minha-casa-minha-vida-com-foco-no-nordeste\/attachment\/2-9\/\" data-orig-file=\"https:\/\/www.infomoney.com.br\/wp-content\/uploads\/2020\/08\/2.jpg?fit=2121%2C1414&amp;quality=70&amp;strip=all\" data-orig-size=\"2121,1414\" data-comments-opened=\"1\" data-image-meta='{\"aperture\":\"0\",\"credit\":\"\",\"camera\":\"\",\"caption\":\"\",\"created_timestamp\":\"0\",\"copyright\":\"\",\"focal_length\":\"0\",\"iso\":\"0\",\"shutter_speed\":\"0\",\"title\":\"\",\"orientation\":\"0\"}' data-image-title=\"Vista a\u00e9rea de casas padronizadas do programa minha casa minha vida do estado de S\u00e3o Paulo, Brasil\" data-image-description=\"\" data-image-caption=\"&lt;p&gt;(Alfribeiro\/GettyImages)&lt;\/p&gt;\n\" data-medium-file=\"https:\/\/www.infomoney.com.br\/wp-content\/uploads\/2020\/08\/2.jpg?fit=300%2C200&amp;quality=70&amp;strip=all\" data-large-file=\"https:\/\/www.infomoney.com.br\/wp-content\/uploads\/2020\/08\/2.jpg?fit=1280%2C853&amp;quality=70&amp;strip=all\">Texto, cuja relatoria \u00e9 do deputado Marangoni, ainda ser\u00e1 submetido aos Plen\u00e1rios da C\u00e2mara e do Senado<\/p>\n<p>The post <a rel=\"nofollow\" href=\"https:\/\/www.infomoney.com.br\/politica\/minha-casa-minha-vida-comissao-vota-mp-na-quarta\/\">Minha Casa, Minha Vida: comiss\u00e3o vota MP na quarta<\/a> appeared first on <a rel=\"nofollow\" href=\"https:\/\/www.infomoney.com.br\/\">InfoMoney<\/a>.<\/p>\n","protected":false},"author":47,"featured_media":0,"comment_status":"closed","ping_status":"closed","sticky":false,"template":"","format":"standard","meta":{"advgb_blocks_editor_width":"","advgb_blocks_columns_visual_guide":"","footnotes":""},"categories":[34,432,446,47],"tags":[35],"class_list":["post-18681","post","type-post","status-publish","format-standard","hentry","category-g1","category-medida-provisoria","category-minha-casa-minha-vida","category-politica","tag-g1"],"author_meta":{"display_name":"luispereira","author_link":"https:\/\/sindaopcpb.org.br\/author\/luispereira\/"},"featured_img":null,"coauthors":[],"tax_additional":{"categories":{"linked":["<a href=\"https:\/\/sindaopcpb.org.br\/g1\/\" class=\"advgb-post-tax-term\">G1<\/a>","<a href=\"https:\/\/sindaopcpb.org.br\/medida-provisoria\/\" class=\"advgb-post-tax-term\">Medida Provis\u00f3ria<\/a>","<a href=\"https:\/\/sindaopcpb.org.br\/minha-casa-minha-vida\/\" class=\"advgb-post-tax-term\">Minha Casa Minha Vida<\/a>","<a href=\"https:\/\/sindaopcpb.org.br\/politica\/\" class=\"advgb-post-tax-term\">POLITICA<\/a>"],"unlinked":["<span class=\"advgb-post-tax-term\">G1<\/span>","<span class=\"advgb-post-tax-term\">Medida Provis\u00f3ria<\/span>","<span class=\"advgb-post-tax-term\">Minha Casa Minha Vida<\/span>","<span class=\"advgb-post-tax-term\">POLITICA<\/span>"]},"tags":{"linked":["<a href=\"https:\/\/sindaopcpb.org.br\/politica\/\" class=\"advgb-post-tax-term\">g1<\/a>"],"unlinked":["<span class=\"advgb-post-tax-term\">g1<\/span>"]}},"comment_count":"0","relative_dates":{"created":"Publicado 3 anos atr\u00e1s","modified":"Atualizado 3 anos atr\u00e1s"},"absolute_dates":{"created":"Publicado em 29 de maio de 2023","modified":"Atualizado em 29 de maio de 2023"},"absolute_dates_time":{"created":"Publicado em 29 de maio de 2023 18:18","modified":"Atualizado em 29 de maio de 2023 18:18"},"featured_img_caption":"","series_order":"","_links":{"self":[{"href":"https:\/\/sindaopcpb.org.br\/index.php\/wp-json\/wp\/v2\/posts\/18681","targetHints":{"allow":["GET"]}}],"collection":[{"href":"https:\/\/sindaopcpb.org.br\/index.php\/wp-json\/wp\/v2\/posts"}],"about":[{"href":"https:\/\/sindaopcpb.org.br\/index.php\/wp-json\/wp\/v2\/types\/post"}],"author":[{"embeddable":true,"href":"https:\/\/sindaopcpb.org.br\/index.php\/wp-json\/wp\/v2\/users\/47"}],"replies":[{"embeddable":true,"href":"https:\/\/sindaopcpb.org.br\/index.php\/wp-json\/wp\/v2\/comments?post=18681"}],"version-history":[{"count":1,"href":"https:\/\/sindaopcpb.org.br\/index.php\/wp-json\/wp\/v2\/posts\/18681\/revisions"}],"predecessor-version":[{"id":18682,"href":"https:\/\/sindaopcpb.org.br\/index.php\/wp-json\/wp\/v2\/posts\/18681\/revisions\/18682"}],"wp:attachment":[{"href":"https:\/\/sindaopcpb.org.br\/index.php\/wp-json\/wp\/v2\/media?parent=18681"}],"wp:term":[{"taxonomy":"category","embeddable":true,"href":"https:\/\/sindaopcpb.org.br\/index.php\/wp-json\/wp\/v2\/categories?post=18681"},{"taxonomy":"post_tag","embeddable":true,"href":"https:\/\/sindaopcpb.org.br\/index.php\/wp-json\/wp\/v2\/tags?post=18681"}],"curies":[{"name":"wp","href":"https:\/\/api.w.org\/{rel}","templated":true}]}}