{"id":18679,"date":"2023-05-29T18:28:00","date_gmt":"2023-05-29T21:28:00","guid":{"rendered":"https:\/\/www.infomoney.com.br\/?p=2147115"},"modified":"2023-05-29T18:28:00","modified_gmt":"2023-05-29T21:28:00","slug":"tebet-diz-que-foi-convidada-com-haddad-para-reuniao-na-quinta-feira-com-pacheco-sobre-arcabouco","status":"publish","type":"post","link":"https:\/\/sindaopcpb.org.br\/index.php\/2023\/05\/29\/tebet-diz-que-foi-convidada-com-haddad-para-reuniao-na-quinta-feira-com-pacheco-sobre-arcabouco\/","title":{"rendered":"Tebet diz que foi convidada com Haddad para reuni\u00e3o na quinta-feira com Pacheco sobre arcabou\u00e7o"},"content":{"rendered":"<p><img loading=\"lazy\" width=\"300\" height=\"200\" src=\"https:\/\/www.infomoney.com.br\/wp-content\/uploads\/2023\/03\/52621767145_544494f92f_c.jpg?fit=300%2C200&amp;quality=70&amp;strip=all\" class=\"attachment-medium size-medium wp-post-image\" alt=\"\" decoding=\"async\" style=\"float:right; margin:0 0 10px 10px;\" srcset=\"https:\/\/www.infomoney.com.br\/wp-content\/uploads\/2023\/03\/52621767145_544494f92f_c.jpg?w=799&amp;quality=70&amp;strip=all 799w, https:\/\/www.infomoney.com.br\/wp-content\/uploads\/2023\/03\/52621767145_544494f92f_c.jpg?w=300&amp;quality=70&amp;strip=all 300w, https:\/\/www.infomoney.com.br\/wp-content\/uploads\/2023\/03\/52621767145_544494f92f_c.jpg?w=768&amp;quality=70&amp;strip=all 768w, https:\/\/www.infomoney.com.br\/wp-content\/uploads\/2023\/03\/52621767145_544494f92f_c.jpg?w=150&amp;quality=70&amp;strip=all 150w\" sizes=\"auto, (max-width: 300px) 100vw, 300px\" data-attachment-id=\"2094193\" data-permalink=\"https:\/\/www.infomoney.com.br\/politica\/reforma-tributaria-e-a-salvacao-da-lavoura-a-unica-bala-de-prata-que-temos-afirma-tebet\/attachment\/52621767145_544494f92f_c\/\" data-orig-file=\"https:\/\/www.infomoney.com.br\/wp-content\/uploads\/2023\/03\/52621767145_544494f92f_c.jpg?fit=799%2C533&amp;quality=70&amp;strip=all\" data-orig-size=\"799,533\" data-comments-opened=\"0\" data-image-meta=\"{&quot;aperture&quot;:&quot;0&quot;,&quot;credit&quot;:&quot;&quot;,&quot;camera&quot;:&quot;&quot;,&quot;caption&quot;:&quot;&quot;,&quot;created_timestamp&quot;:&quot;0&quot;,&quot;copyright&quot;:&quot;&quot;,&quot;focal_length&quot;:&quot;0&quot;,&quot;iso&quot;:&quot;0&quot;,&quot;shutter_speed&quot;:&quot;0&quot;,&quot;title&quot;:&quot;&quot;,&quot;orientation&quot;:&quot;0&quot;}\" data-image-title=\"Simone Tebet\" data-image-description=\"\" data-image-caption=\"&lt;p&gt;A ministra do Planejamento e Or\u00e7amento, Simone Tebet (MDB), em an\u00fancio da pasta (Foto: Edu Andrade\/Ascom\/MF)&lt;\/p&gt;\n\" data-medium-file=\"https:\/\/www.infomoney.com.br\/wp-content\/uploads\/2023\/03\/52621767145_544494f92f_c.jpg?fit=300%2C200&amp;quality=70&amp;strip=all\" data-large-file=\"https:\/\/www.infomoney.com.br\/wp-content\/uploads\/2023\/03\/52621767145_544494f92f_c.jpg?fit=799%2C533&amp;quality=70&amp;strip=all\" title=\"\"><\/p>\n<p>A ministra do Planejamento e Or\u00e7amento, Simone Tebet, disse que ela e o ministro da Fazenda, Fernando Haddad, foram convidados para participar de uma reuni\u00e3o com senadores na quinta-feira, 1\u00ba de junho, pelo presidente do Senado, Rodrigo Pacheco (PSD-MG). O tema do encontro ser\u00e1 o arcabou\u00e7o fiscal.<\/p>\n<p>&#8220;Acabei de ser informada pelo ministro Haddad que o presidente do Senado nos convidou para estar na reuni\u00e3o de l\u00edderes na quinta-feira. O convite \u00e9 pra discutir arcabou\u00e7o fiscal&#8221;, disse Tebet perto do fim da tarde desta segunda-feira, 29, ao deixar o Minist\u00e9rio da Fazenda.<\/p>\n<p>Questionada sobre a possibilidade de uma tramita\u00e7\u00e3o c\u00e9lere do arcabou\u00e7o fiscal no Senado, a ministra lembrou que h\u00e1 projetos que passam pelas sess\u00f5es da Comiss\u00e3o de Assuntos Econ\u00f4micos (CAE) pela manh\u00e3 e s\u00e3o votados no mesmo dia ou na semana seguinte em plen\u00e1rio.<\/p>\n<p>Ela frisou que a decis\u00e3o de levar o tema diretamente ao plen\u00e1rio ou passando pelas comiss\u00f5es ser\u00e1 dos senadores, mas avaliou que n\u00e3o h\u00e1 problemas em passar pela CAE.<\/p>\n<p>Tamb\u00e9m disse que, com sua experi\u00eancia como senadora, \u00e9 natural que participe das mobiliza\u00e7\u00f5es e articula\u00e7\u00f5es naquela Casa, inclusive para tirar d\u00favidas sobre as medidas provis\u00f3rias que ser\u00e3o votadas.<\/p>\n<h2><b>Reuni\u00e3o de rotina<\/b><\/h2>\n<p>Tebet esteve na Fazenda para uma reuni\u00e3o com a equipe econ\u00f4mica, incluindo tamb\u00e9m a Receita Federal, para discutir temas como or\u00e7amento, arcabou\u00e7o fiscal, reforma tribut\u00e1ria e o projeto para carros populares. No que classificou como uma reuni\u00e3o de rotina, disse que o tema de mudan\u00e7a da meta da infla\u00e7\u00e3o do modelo de ano calend\u00e1rio para meta cont\u00ednua no pr\u00f3ximo encontro do Conselho Monet\u00e1rio Nacional (CMN) n\u00e3o foi tratado.<\/p>\n<p>Em rela\u00e7\u00e3o aos carros populares, Tebet disse que aguarda que a Fazenda finalize os estudos t\u00e9cnicos, sobre compensa\u00e7\u00e3o e prazo, para que a Secretaria de Or\u00e7amento Federal fa\u00e7a a sua parte.<\/p>\n<h2><b>Bloqueios no or\u00e7amento<\/b><\/h2>\n<p>Tebet tamb\u00e9m disse que a Junta de Execu\u00e7\u00e3o Or\u00e7ament\u00e1ria (JEO) j\u00e1 definiu quais ser\u00e3o as pastas que ter\u00e3o recursos bloqueados para que o governo possa fazer o ajuste de R$ 1,7 bilh\u00e3o sinalizado no \u00faltimo relat\u00f3rio bimestral de despesas e receitas.<\/p>\n<p>&#8220;Posso adiantar que os minist\u00e9rios com menores or\u00e7amentos, Educa\u00e7\u00e3o e Sa\u00fade estar\u00e3o preservados. Lembrando s\u00f3 que \u00e9 um bloqueio tempor\u00e1rio, e com incremento da receita no pr\u00f3ximo relat\u00f3rio j\u00e1 pode desbloquear. Isso n\u00e3o vai atrapalhar a continuidade das pol\u00edticas p\u00fablicas, que \u00e9 a grande preocupa\u00e7\u00e3o&#8221;, disse.<\/p>\n<h2><b>Configura\u00e7\u00e3o da Esplanada<\/b><\/h2>\n<p>Tebet tamb\u00e9m respondeu sobre a medida provis\u00f3ria (MP) dos Minist\u00e9rios, j\u00e1 que o relat\u00f3rio apresentado pelo seu correligion\u00e1rio, o deputado Isnaldo Bulh\u00f5es (MDB-AL), &#8220;esvaziou&#8221; algumas pastas, como Meio Ambiente e Povos Origin\u00e1rios.<\/p>\n<p>A ministra contemporizou e disse que foi um relat\u00f3rio aprovado, que ainda n\u00e3o \u00e9 um texto definitivo que ter\u00e1 de passar pelo crivo do plen\u00e1rio do Congresso. &#8220;Isnaldo \u00e9 um homem de di\u00e1logo. Acredito que ele foi no relat\u00f3rio dele at\u00e9 onde podia para transacionar e aprovar o texto. N\u00e3o significa que o texto aprovado na comiss\u00e3o ser\u00e1 o aprovado no Plen\u00e1rio&#8221;, disse.<\/p>\n<p>Ela ainda disse que agora \u00e9 o momento de cada minist\u00e9rio procurar a Casa Civil e que as mudan\u00e7as depender\u00e3o dessa articula\u00e7\u00e3o pol\u00edtica.<\/p>\n<p>The post <a rel=\"nofollow noopener\" href=\"https:\/\/www.infomoney.com.br\/politica\/tebet-diz-que-foi-convidada-com-haddad-para-reuniao-na-quinta-feira-com-pacheco-sobre-arcabouco\/\" target=\"_blank\">Tebet diz que foi convidada com Haddad para reuni\u00e3o na quinta-feira com Pacheco sobre arcabou\u00e7o<\/a> appeared first on <a rel=\"nofollow noopener\" href=\"https:\/\/www.infomoney.com.br\/\" target=\"_blank\">InfoMoney<\/a>.<\/p>\n","protected":false},"excerpt":{"rendered":"<p><img loading=\"lazy\" decoding=\"async\" width=\"300\" height=\"200\" src=\"https:\/\/www.infomoney.com.br\/wp-content\/uploads\/2023\/03\/52621767145_544494f92f_c.jpg?fit=300%2C200&amp;quality=70&amp;strip=all\" class=\"attachment-medium size-medium wp-post-image\" alt=\"\" data-attachment-id=\"2094193\" data-permalink=\"https:\/\/www.infomoney.com.br\/politica\/reforma-tributaria-e-a-salvacao-da-lavoura-a-unica-bala-de-prata-que-temos-afirma-tebet\/attachment\/52621767145_544494f92f_c\/\" data-orig-file=\"https:\/\/www.infomoney.com.br\/wp-content\/uploads\/2023\/03\/52621767145_544494f92f_c.jpg?fit=799%2C533&amp;quality=70&amp;strip=all\" data-orig-size=\"799,533\" data-comments-opened=\"0\" data-image-meta='{\"aperture\":\"0\",\"credit\":\"\",\"camera\":\"\",\"caption\":\"\",\"created_timestamp\":\"0\",\"copyright\":\"\",\"focal_length\":\"0\",\"iso\":\"0\",\"shutter_speed\":\"0\",\"title\":\"\",\"orientation\":\"0\"}' data-image-title=\"Simone Tebet\" data-image-description=\"\" data-image-caption=\"&lt;p&gt;A ministra do Planejamento e Or\u00e7amento, Simone Tebet (MDB), em an\u00fancio da pasta (Foto: Edu Andrade\/Ascom\/MF)&lt;\/p&gt;\n\" data-medium-file=\"https:\/\/www.infomoney.com.br\/wp-content\/uploads\/2023\/03\/52621767145_544494f92f_c.jpg?fit=300%2C200&amp;quality=70&amp;strip=all\" data-large-file=\"https:\/\/www.infomoney.com.br\/wp-content\/uploads\/2023\/03\/52621767145_544494f92f_c.jpg?fit=799%2C533&amp;quality=70&amp;strip=all\">Ministra esteve em encontro com a equipe econ\u00f4mica para discutir reforma tribut\u00e1ria e o projeto para carros populares, al\u00e9m da nova regra fiscal<\/p>\n<p>The post <a rel=\"nofollow\" href=\"https:\/\/www.infomoney.com.br\/politica\/tebet-diz-que-foi-convidada-com-haddad-para-reuniao-na-quinta-feira-com-pacheco-sobre-arcabouco\/\">Tebet diz que foi convidada com Haddad para reuni\u00e3o na quinta-feira com Pacheco sobre arcabou\u00e7o<\/a> appeared first on <a rel=\"nofollow\" href=\"https:\/\/www.infomoney.com.br\/\">InfoMoney<\/a>.<\/p>\n","protected":false},"author":43,"featured_media":0,"comment_status":"closed","ping_status":"closed","sticky":false,"template":"","format":"standard","meta":{"advgb_blocks_editor_width":"","advgb_blocks_columns_visual_guide":"","footnotes":""},"categories":[34,47,589,360],"tags":[35],"class_list":["post-18679","post","type-post","status-publish","format-standard","hentry","category-g1","category-politica","category-rodrigo-pacheco","category-simone-tebet","tag-g1"],"author_meta":{"display_name":"Estad\u00e3o Conte\u00fado","author_link":"https:\/\/sindaopcpb.org.br\/author\/estadao-conteudo\/"},"featured_img":null,"coauthors":[],"tax_additional":{"categories":{"linked":["<a href=\"https:\/\/sindaopcpb.org.br\/g1\/\" class=\"advgb-post-tax-term\">G1<\/a>","<a href=\"https:\/\/sindaopcpb.org.br\/politica\/\" class=\"advgb-post-tax-term\">POLITICA<\/a>","<a href=\"https:\/\/sindaopcpb.org.br\/rodrigo-pacheco\/\" class=\"advgb-post-tax-term\">Rodrigo Pacheco<\/a>","<a href=\"https:\/\/sindaopcpb.org.br\/simone-tebet\/\" class=\"advgb-post-tax-term\">Simone Tebet<\/a>"],"unlinked":["<span class=\"advgb-post-tax-term\">G1<\/span>","<span class=\"advgb-post-tax-term\">POLITICA<\/span>","<span class=\"advgb-post-tax-term\">Rodrigo Pacheco<\/span>","<span class=\"advgb-post-tax-term\">Simone Tebet<\/span>"]},"tags":{"linked":["<a href=\"https:\/\/sindaopcpb.org.br\/simone-tebet\/\" class=\"advgb-post-tax-term\">g1<\/a>"],"unlinked":["<span class=\"advgb-post-tax-term\">g1<\/span>"]}},"comment_count":"0","relative_dates":{"created":"Publicado 3 anos atr\u00e1s","modified":"Atualizado 3 anos atr\u00e1s"},"absolute_dates":{"created":"Publicado em 29 de maio de 2023","modified":"Atualizado em 29 de maio de 2023"},"absolute_dates_time":{"created":"Publicado em 29 de maio de 2023 18:28","modified":"Atualizado em 29 de maio de 2023 18:28"},"featured_img_caption":"","series_order":"","_links":{"self":[{"href":"https:\/\/sindaopcpb.org.br\/index.php\/wp-json\/wp\/v2\/posts\/18679","targetHints":{"allow":["GET"]}}],"collection":[{"href":"https:\/\/sindaopcpb.org.br\/index.php\/wp-json\/wp\/v2\/posts"}],"about":[{"href":"https:\/\/sindaopcpb.org.br\/index.php\/wp-json\/wp\/v2\/types\/post"}],"author":[{"embeddable":true,"href":"https:\/\/sindaopcpb.org.br\/index.php\/wp-json\/wp\/v2\/users\/43"}],"replies":[{"embeddable":true,"href":"https:\/\/sindaopcpb.org.br\/index.php\/wp-json\/wp\/v2\/comments?post=18679"}],"version-history":[{"count":1,"href":"https:\/\/sindaopcpb.org.br\/index.php\/wp-json\/wp\/v2\/posts\/18679\/revisions"}],"predecessor-version":[{"id":18680,"href":"https:\/\/sindaopcpb.org.br\/index.php\/wp-json\/wp\/v2\/posts\/18679\/revisions\/18680"}],"wp:attachment":[{"href":"https:\/\/sindaopcpb.org.br\/index.php\/wp-json\/wp\/v2\/media?parent=18679"}],"wp:term":[{"taxonomy":"category","embeddable":true,"href":"https:\/\/sindaopcpb.org.br\/index.php\/wp-json\/wp\/v2\/categories?post=18679"},{"taxonomy":"post_tag","embeddable":true,"href":"https:\/\/sindaopcpb.org.br\/index.php\/wp-json\/wp\/v2\/tags?post=18679"}],"curies":[{"name":"wp","href":"https:\/\/api.w.org\/{rel}","templated":true}]}}