{"id":18675,"date":"2023-05-29T17:18:14","date_gmt":"2023-05-29T20:18:14","guid":{"rendered":"https:\/\/g1.globo.com\/pb\/paraiba\/noticia\/2023\/05\/29\/juri-de-acusados-de-matar-menino-durante-ritual-em-sume-na-pb-e-adiado.ghtml"},"modified":"2023-05-29T17:18:14","modified_gmt":"2023-05-29T20:18:14","slug":"juri-de-acusados-de-matar-menino-durante-ritual-em-sume-na-pb-e-adiado","status":"publish","type":"post","link":"https:\/\/sindaopcpb.org.br\/index.php\/2023\/05\/29\/juri-de-acusados-de-matar-menino-durante-ritual-em-sume-na-pb-e-adiado\/","title":{"rendered":"J\u00fari de acusados de matar menino durante ritual, em Sum\u00e9, na PB, \u00e9 adiado"},"content":{"rendered":"   <img src=\"https:\/\/s2.glbimg.com\/4-UK-QQhZm1dW115g1khl-iy9xc=\/s.glbimg.com\/jo\/g1\/f\/original\/2015\/10\/16\/crianca_assassinada_sume.jpg\" \/><br \/>     Caso aconteceu em 2015, e m\u00e3e do menino participou. J\u00fari estava marcado para o dia 1\u00ba de junho, mas precisou ser adiado por causa de ajuste na pauta.  Menino foi encontrado morto em 2015, na cidade de Sum\u00e9 \nReprodu\u00e7\u00e3o\/TV Para\u00edba\nFoi adiado para o dia 7 de junho o julgamento de tr\u00eas acusados de participar da morte de um menino de cinco anos, em um suposto ritual. O caso aconteceu no ano de 2015, em Sum\u00e9, no Cariri da Para\u00edba. \nSegundo o Tribunal de Justi\u00e7a da Para\u00edba, o julgamento de Denivaldo dos Santos Silva (Paulistinha), Joaquim Nunes dos Santos (Xana) e Wellington Soares Nogueira (Etinho). estava marcado para a quinta-feira (1\u00ba), \u00e0s 9h,  na Sala de Sess\u00f5es do 1\u00ba Tribunal do J\u00fari de Campina Grande. \nO adiamento aconteceu por causa de um  reajuste de pauta feito pelos ju\u00edzes das duas varas do Tribunal do J\u00fari de Campina Grande. \nSegundo a den\u00fancia apresentada pelo Minist\u00e9rio P\u00fablico, na noite de 11 de outubro de 2015, na localidade denominada Serra do Boqueir\u00e3o, em Sum\u00e9, os r\u00e9us teriam matado o garoto. A acusa\u00e7\u00e3o informa que o crime foi praticado durante um suposto ritual de magia, com a finalidade de obter o sangue da crian\u00e7a.\nA m\u00e3e do menino, Laudenice dos Santos Siqueira, que tamb\u00e9m participou do crime, foi condenada a 34 anos de pris\u00e3o pelo 2\u00ba Tribunal do J\u00fari de Campina.\nRelembre o caso \nO menino \u00c9verton Siqueira, de cinco anos, foi achado morto e com partes do corpo mutiladas, em um matagal, pr\u00f3ximo a um local chamado Serra do Boqueir\u00e3o, na cidade de Sum\u00e9, no dia 13 de outubro 2015.\nA m\u00e3e da crian\u00e7a chegou a assumir que presenciou a morte do menino. Segundo a pol\u00edcia, a m\u00e3e teria confessado a participa\u00e7\u00e3o no assassinato durante depoimento dado depois que soube da confiss\u00e3o de um outro suspeito do crime. Ela ainda teria admitido que a irm\u00e3 da crian\u00e7a, que tem sete anos de idade, tamb\u00e9m seria morta.\nNa \u00e9poca em que o caso aconteceu, um exame comprovou que o sangue do menino chegou a ser retirado. As investiga\u00e7\u00f5es apontaram que os tr\u00eas homens mataram a crian\u00e7a. \nV\u00eddeos mais assistidos do g1 Para\u00edba  ","protected":false},"excerpt":{"rendered":"<p>        Caso aconteceu em 2015, e m\u00e3e do menino participou. J\u00fari estava marcado para o dia 1\u00ba de junho, mas precisou ser adiado por causa de ajuste na pauta.  Menino foi encontrado morto em 2015, na cidade de Sum\u00e9<br \/>\nReprodu\u00e7\u00e3o\/TV Para\u00edba<br \/>\nFoi adiado para&#8230;<\/p>\n","protected":false},"author":2,"featured_media":0,"comment_status":"closed","ping_status":"closed","sticky":false,"template":"","format":"standard","meta":{"advgb_blocks_editor_width":"","advgb_blocks_columns_visual_guide":"","footnotes":""},"categories":[34],"tags":[35],"class_list":["post-18675","post","type-post","status-publish","format-standard","hentry","category-g1","tag-g1"],"author_meta":{"display_name":"g1 &gt; Para\u00edba","author_link":"https:\/\/sindaopcpb.org.br\/author\/g1-paraiba\/"},"featured_img":null,"coauthors":[],"tax_additional":{"categories":{"linked":["<a href=\"https:\/\/sindaopcpb.org.br\/g1\/\" class=\"advgb-post-tax-term\">G1<\/a>"],"unlinked":["<span class=\"advgb-post-tax-term\">G1<\/span>"]},"tags":{"linked":["<a href=\"https:\/\/sindaopcpb.org.br\/g1\/\" class=\"advgb-post-tax-term\">g1<\/a>"],"unlinked":["<span class=\"advgb-post-tax-term\">g1<\/span>"]}},"comment_count":"0","relative_dates":{"created":"Publicado 3 anos atr\u00e1s","modified":"Atualizado 3 anos atr\u00e1s"},"absolute_dates":{"created":"Publicado em 29 de maio de 2023","modified":"Atualizado em 29 de maio de 2023"},"absolute_dates_time":{"created":"Publicado em 29 de maio de 2023 17:18","modified":"Atualizado em 29 de maio de 2023 17:18"},"featured_img_caption":"","series_order":"","_links":{"self":[{"href":"https:\/\/sindaopcpb.org.br\/index.php\/wp-json\/wp\/v2\/posts\/18675","targetHints":{"allow":["GET"]}}],"collection":[{"href":"https:\/\/sindaopcpb.org.br\/index.php\/wp-json\/wp\/v2\/posts"}],"about":[{"href":"https:\/\/sindaopcpb.org.br\/index.php\/wp-json\/wp\/v2\/types\/post"}],"author":[{"embeddable":true,"href":"https:\/\/sindaopcpb.org.br\/index.php\/wp-json\/wp\/v2\/users\/2"}],"replies":[{"embeddable":true,"href":"https:\/\/sindaopcpb.org.br\/index.php\/wp-json\/wp\/v2\/comments?post=18675"}],"version-history":[{"count":1,"href":"https:\/\/sindaopcpb.org.br\/index.php\/wp-json\/wp\/v2\/posts\/18675\/revisions"}],"predecessor-version":[{"id":18676,"href":"https:\/\/sindaopcpb.org.br\/index.php\/wp-json\/wp\/v2\/posts\/18675\/revisions\/18676"}],"wp:attachment":[{"href":"https:\/\/sindaopcpb.org.br\/index.php\/wp-json\/wp\/v2\/media?parent=18675"}],"wp:term":[{"taxonomy":"category","embeddable":true,"href":"https:\/\/sindaopcpb.org.br\/index.php\/wp-json\/wp\/v2\/categories?post=18675"},{"taxonomy":"post_tag","embeddable":true,"href":"https:\/\/sindaopcpb.org.br\/index.php\/wp-json\/wp\/v2\/tags?post=18675"}],"curies":[{"name":"wp","href":"https:\/\/api.w.org\/{rel}","templated":true}]}}