{"id":18671,"date":"2023-05-29T17:51:01","date_gmt":"2023-05-29T20:51:01","guid":{"rendered":"https:\/\/g1.globo.com\/pb\/paraiba\/noticia\/2023\/05\/29\/saiba-onde-se-vacinar-contra-influenza-e-covid-19-em-joao-pessoa-nesta-terca-feira-30.ghtml"},"modified":"2023-05-29T17:51:01","modified_gmt":"2023-05-29T20:51:01","slug":"saiba-onde-se-vacinar-contra-influenza-e-covid-19-em-joao-pessoa-nesta-terca-feira-30","status":"publish","type":"post","link":"https:\/\/sindaopcpb.org.br\/index.php\/2023\/05\/29\/saiba-onde-se-vacinar-contra-influenza-e-covid-19-em-joao-pessoa-nesta-terca-feira-30\/","title":{"rendered":"Saiba onde se vacinar contra Influenza e Covid-19 em Jo\u00e3o Pessoa nesta ter\u00e7a-feira (30)"},"content":{"rendered":"   <img src=\"https:\/\/s2.glbimg.com\/xKQPmxsBa0IK-urnPkFK5GAzt1E=\/i.s3.glbimg.com\/v1\/AUTH_59edd422c0c84a879bd37670ae4f538a\/internal_photos\/bs\/2021\/U\/2\/yj6Z5TSoiW2lECKLnNbw\/vacina.jpeg\" \/><br \/>     Tamb\u00e9m est\u00e3o dispon\u00edveis todos os imunizantes de rotina. Vacina\u00e7\u00e3o Covid-19 Jo\u00e3o Pessoa\nPhelipe Caldas\/G1\nAs campanhas de vacina\u00e7\u00e3o contra a Influenza e Covid-19 est\u00e3o ativas em Jo\u00e3o Pessoa nesta ter\u00e7a-feira (30) para toda popula\u00e7\u00e3o acima dos seis meses de idade. Tamb\u00e9m est\u00e3o dispon\u00edveis todos os imunizantes de rotina.\nDe acordo com o Minist\u00e9rio da Sa\u00fade (MS), as vacinas contra a Covid-19 podem ser administradas simultaneamente com o imunizante contra Influenza ou qualquer outro do calend\u00e1rio vacinal.\nJ\u00e1 a Pfizer Bivalente, est\u00e1 dispon\u00edvel para quem tem acima dos 18 anos de idade, al\u00e9m de pessoas imunocomprometidas, com defici\u00eancia e comorbidades acima de 12 anos de idade, gestantes, pu\u00e9rperas e trabalhadores da sa\u00fade.\nDocumenta\u00e7\u00e3o\nPara receber a vacina contra Covid-19 \u00e9 necess\u00e1rio apresentar um documento oficial, cart\u00e3o do SUS e cart\u00e3o de vacina que comprove outras doses dos imunizantes.\nJ\u00e1 para receber a vacina contra Influenza e demais vacinas do calend\u00e1rio de rotina \u00e9 importante levar o Cart\u00e3o de Vacina, cart\u00e3o do SUS e documento oficial do usu\u00e1rio.\nLocais para vacina\u00e7\u00e3o em Jo\u00e3o Pessoa nesta ter\u00e7a-feira (30):\nEquipes com vacina\u00e7\u00e3o itinerante\nHor\u00e1rios: 9h \u00e0s 11h30 e das 13h \u00e0s 16h\nCondom\u00ednio Esperan\u00e7a\nComunidade Caj\u00e1\nVacina\u00e7\u00e3o contra Influenza\nPara toda a popula\u00e7\u00e3o a partir dos seis meses de idade\nSalas de vacinas nas USFs \u2013 7h \u00e0s 11h e das 12h \u00e0s 16h (Exceto as USFs: Alto do C\u00e9u II, Roger III, Cruz das Armas IV e Jardim Planalto)\nPolicl\u00ednicas Municipais \u2013 8h \u00e0s 16h (Policl\u00ednica de Mangabeira funciona das 7h \u00e0s 11h e das 13h \u00e0s 16h)\nCentro Municipal de Imuniza\u00e7\u00e3o \u2013 8h \u00e0s 16h\nMangabeira Shopping \u2013 13h \u00e0s 22h\n\u2013 Crian\u00e7as e adultos \u2013 acesso para pedestres\n\u2013 Apenas adultos \u2013 acesso pelo drive-thru\nVacina\u00e7\u00e3o contra Covid-19\nCrian\u00e7as a partir dos seis meses a 2 anos (sem agendamento)\n1\u00aa dose: Pfizer-BioNTech baby\n2\u00aa dose: Pfizer-BioNTech baby (28 dias)\n3\u00aa dose: Pfizer-BioNTech baby (60 dias)\nSalas de vacinas nas USFs \u2013 7h \u00e0s 11h e das 12h \u00e0s 16h (Exceto as USFs: Alto do C\u00e9u II, Roger III, Cruz das Armas IV e Jardim Planalto)\nPolicl\u00ednicas Municipais \u2013 8h \u00e0s 16h (Policl\u00ednica de Mangabeira funciona das 7h \u00e0s 11h e das 12h \u00e0s 16h30)\nCentro Municipal de Imuniza\u00e7\u00e3o \u2013 8h \u00e0s 16h\nMangabeira Shopping \u2013 13h \u00e0s 22h \u2013 (apenas acesso pedestre)\nCrian\u00e7as de 3 e 4 anos (sem agendamento)\n1\u00aa dose: Pfizer-BioNTech baby\n2\u00aa dose: Pfizer-BioNTech baby (28 dias)\n3\u00aa dose: Pfizer-BioNTech baby (60 dias)\nSalas de vacinas nas USFs \u2013 7h \u00e0s 11h e das 12h \u00e0s 16h (Exceto as USFs: Alto do C\u00e9u II, Roger III, Cruz das Armas IV e Jardim Planalto)\nPolicl\u00ednicas Municipais \u2013 8h \u00e0s 16h (Policl\u00ednica de Mangabeira funciona das 7h \u00e0s 11h e das 12h \u00e0s 16h30)\nCentro Municipal de Imuniza\u00e7\u00e3o \u2013 8h \u00e0s 16h\nMangabeira Shopping \u2013 13h \u00e0s 22h \u2013 (apenas acesso pedestre)\nCrian\u00e7as a partir dos 5 a 11 anos (sem agendamento)\n1\u00aa dose: Pfizer pedi\u00e1trica\n2\u00aa dose: Pfizer pedi\u00e1trica (56 dias)\n3\u00aa dose: Pfizer pedi\u00e1trica (120 dias)\nSalas de vacinas nas USFs \u2013 7h \u00e0s 11h e das 12h \u00e0s 16h (Exceto as USFs: Alto do C\u00e9u II, Roger III, Cruz das Armas IV e Jardim Planalto)\nPolicl\u00ednicas Municipais \u2013 8h \u00e0s 16h (Policl\u00ednica de Mangabeira funciona das 7h \u00e0s 11h e das 12h \u00e0s 16h30)\nCentro Municipal de Imuniza\u00e7\u00e3o \u2013 8h \u00e0s 16h\nMangabeira Shopping \u2013 13h \u00e0s 22h \u2013 (apenas acesso pedestre)\nA partir de 12 anos (sem agendamento)\n1\u00aa dose: 12+\n2\u00aa dose: Janssen, Astrazeneca (60 dias) e Pfizer (60 dias)\n3\u00aa dose: 12+ (ap\u00f3s 120 dias da 2\u00aa dose); imunossuprimidos (ap\u00f3s 28 dias da 2\u00aa dose); e trabalhadores de sa\u00fade (ap\u00f3s 120 dias da 2\u00aa dose)\n4\u00aa dose: 30+ (ap\u00f3s 120 dias da 3\u00aa dose); trabalhadores de sa\u00fade (ap\u00f3s 120 dias da 2\u00aa dose); imunossuprimidos (ap\u00f3s 120 dias da 3\u00aa dose)\nSalas de vacinas nas USFs \u2013 7h \u00e0s 11h e de 12h \u00e0s 16h (Exceto as USFs: Alto do C\u00e9u II, Roger III, Cruz das Armas IV e Jardim Planalto)\nCentro Municipal de Imuniza\u00e7\u00e3o \u2013 8h \u00e0s 16h\nMangabeira Shopping (pedestres e drive-thru) \u2013 13h \u00e0s 22h\nCom a Pfizer Bivalente (sem agendamento)\nP\u00fablico geral acima de 18 anos, pessoas com defici\u00eancia, imunocomprometidas e com comorbidades acima de 12 anos, gestantes, pu\u00e9rperas e trabalhadores da sa\u00fade\n1\u00aa dose: Dose \u00fanica de refor\u00e7o\nMangabeira Shopping \u2013 13h \u00e0s 22h (drive e pedestre)\nPolicl\u00ednicas Municipais \u2013 8h \u00e0s 16h (Policl\u00ednica de Mangabeira funciona das 7h \u00e0s 11h e das 12h \u00e0s 16h30)\nCentro Municipal de Imuniza\u00e7\u00e3o \u2013 8h \u00e0s 16h\nUnidades de Sa\u00fade da Fam\u00edlia \u2013 7h \u00e0s 11h e das 12h \u00e0s 16h\nVacina\u00e7\u00e3o Domiciliar\nPessoas acamadas e restritas ao leito que fazem parte do grupo priorit\u00e1rio\nAgendamento: (83) 98645-7727\nHor\u00e1rio: 8h \u00e0s 16h (de segunda a sexta-feira)\nV\u00eddeos mais assistidos do g1 Para\u00edba  ","protected":false},"excerpt":{"rendered":"<p>        Tamb\u00e9m est\u00e3o dispon\u00edveis todos os imunizantes de rotina. Vacina\u00e7\u00e3o Covid-19 Jo\u00e3o Pessoa<br \/>\nPhelipe Caldas\/G1<br \/>\nAs campanhas de vacina\u00e7\u00e3o contra a Influenza e Covid-19 est\u00e3o ativas em Jo\u00e3o Pessoa nesta ter\u00e7a-feira (30) para toda popula\u00e7\u00e3o acima dos s&#8230;<\/p>\n","protected":false},"author":2,"featured_media":0,"comment_status":"closed","ping_status":"closed","sticky":false,"template":"","format":"standard","meta":{"advgb_blocks_editor_width":"","advgb_blocks_columns_visual_guide":"","footnotes":""},"categories":[34],"tags":[35],"class_list":["post-18671","post","type-post","status-publish","format-standard","hentry","category-g1","tag-g1"],"author_meta":{"display_name":"g1 &gt; Para\u00edba","author_link":"https:\/\/sindaopcpb.org.br\/author\/g1-paraiba\/"},"featured_img":null,"coauthors":[],"tax_additional":{"categories":{"linked":["<a href=\"https:\/\/sindaopcpb.org.br\/g1\/\" class=\"advgb-post-tax-term\">G1<\/a>"],"unlinked":["<span class=\"advgb-post-tax-term\">G1<\/span>"]},"tags":{"linked":["<a href=\"https:\/\/sindaopcpb.org.br\/g1\/\" class=\"advgb-post-tax-term\">g1<\/a>"],"unlinked":["<span class=\"advgb-post-tax-term\">g1<\/span>"]}},"comment_count":"0","relative_dates":{"created":"Publicado 3 anos atr\u00e1s","modified":"Atualizado 3 anos atr\u00e1s"},"absolute_dates":{"created":"Publicado em 29 de maio de 2023","modified":"Atualizado em 29 de maio de 2023"},"absolute_dates_time":{"created":"Publicado em 29 de maio de 2023 17:51","modified":"Atualizado em 29 de maio de 2023 17:51"},"featured_img_caption":"","series_order":"","_links":{"self":[{"href":"https:\/\/sindaopcpb.org.br\/index.php\/wp-json\/wp\/v2\/posts\/18671","targetHints":{"allow":["GET"]}}],"collection":[{"href":"https:\/\/sindaopcpb.org.br\/index.php\/wp-json\/wp\/v2\/posts"}],"about":[{"href":"https:\/\/sindaopcpb.org.br\/index.php\/wp-json\/wp\/v2\/types\/post"}],"author":[{"embeddable":true,"href":"https:\/\/sindaopcpb.org.br\/index.php\/wp-json\/wp\/v2\/users\/2"}],"replies":[{"embeddable":true,"href":"https:\/\/sindaopcpb.org.br\/index.php\/wp-json\/wp\/v2\/comments?post=18671"}],"version-history":[{"count":1,"href":"https:\/\/sindaopcpb.org.br\/index.php\/wp-json\/wp\/v2\/posts\/18671\/revisions"}],"predecessor-version":[{"id":18672,"href":"https:\/\/sindaopcpb.org.br\/index.php\/wp-json\/wp\/v2\/posts\/18671\/revisions\/18672"}],"wp:attachment":[{"href":"https:\/\/sindaopcpb.org.br\/index.php\/wp-json\/wp\/v2\/media?parent=18671"}],"wp:term":[{"taxonomy":"category","embeddable":true,"href":"https:\/\/sindaopcpb.org.br\/index.php\/wp-json\/wp\/v2\/categories?post=18671"},{"taxonomy":"post_tag","embeddable":true,"href":"https:\/\/sindaopcpb.org.br\/index.php\/wp-json\/wp\/v2\/tags?post=18671"}],"curies":[{"name":"wp","href":"https:\/\/api.w.org\/{rel}","templated":true}]}}