{"id":18640,"date":"2023-05-29T15:40:00","date_gmt":"2023-05-29T18:40:00","guid":{"rendered":"https:\/\/www.infomoney.com.br\/?p=2146935"},"modified":"2023-05-29T15:40:00","modified_gmt":"2023-05-29T18:40:00","slug":"apos-encontrar-maduro-haddad-fala-em-consolidar-divida-da-venezuela-e-reprogramar-pagamentos","status":"publish","type":"post","link":"https:\/\/sindaopcpb.org.br\/index.php\/2023\/05\/29\/apos-encontrar-maduro-haddad-fala-em-consolidar-divida-da-venezuela-e-reprogramar-pagamentos\/","title":{"rendered":"Ap\u00f3s encontrar Maduro, Haddad fala em consolidar d\u00edvida da Venezuela e reprogramar pagamentos"},"content":{"rendered":"<p><img loading=\"lazy\" width=\"300\" height=\"200\" src=\"https:\/\/www.infomoney.com.br\/wp-content\/uploads\/2023\/03\/52745183539_2b99a71804_c.jpg?fit=300%2C200&amp;quality=70&amp;strip=all\" class=\"attachment-medium size-medium wp-post-image\" alt=\"Ministro da Fazenda, Fernando Haddad\" decoding=\"async\" style=\"float:right; margin:0 0 10px 10px;\" srcset=\"https:\/\/www.infomoney.com.br\/wp-content\/uploads\/2023\/03\/52745183539_2b99a71804_c.jpg?w=799&amp;quality=70&amp;strip=all 799w, https:\/\/www.infomoney.com.br\/wp-content\/uploads\/2023\/03\/52745183539_2b99a71804_c.jpg?w=300&amp;quality=70&amp;strip=all 300w, https:\/\/www.infomoney.com.br\/wp-content\/uploads\/2023\/03\/52745183539_2b99a71804_c.jpg?w=768&amp;quality=70&amp;strip=all 768w, https:\/\/www.infomoney.com.br\/wp-content\/uploads\/2023\/03\/52745183539_2b99a71804_c.jpg?w=150&amp;quality=70&amp;strip=all 150w\" sizes=\"auto, (max-width: 300px) 100vw, 300px\" data-attachment-id=\"2079488\" data-permalink=\"https:\/\/www.infomoney.com.br\/52745183539_2b99a71804_c\/\" data-orig-file=\"https:\/\/www.infomoney.com.br\/wp-content\/uploads\/2023\/03\/52745183539_2b99a71804_c.jpg?fit=799%2C533&amp;quality=70&amp;strip=all\" data-orig-size=\"799,533\" data-comments-opened=\"0\" data-image-meta=\"{&quot;aperture&quot;:&quot;0&quot;,&quot;credit&quot;:&quot;&quot;,&quot;camera&quot;:&quot;&quot;,&quot;caption&quot;:&quot;&quot;,&quot;created_timestamp&quot;:&quot;0&quot;,&quot;copyright&quot;:&quot;&quot;,&quot;focal_length&quot;:&quot;0&quot;,&quot;iso&quot;:&quot;0&quot;,&quot;shutter_speed&quot;:&quot;0&quot;,&quot;title&quot;:&quot;&quot;,&quot;orientation&quot;:&quot;0&quot;}\" data-image-title=\"Ministro da Fazenda, Fernando Haddad\" data-image-description=\"&lt;p&gt;Ministro da Fazenda, Fernando Haddad&lt;\/p&gt;\n\" data-image-caption=\"&lt;p&gt;Diogo Zacarias\/Minist\u00e9rio da Fazenda&lt;\/p&gt;\n\" data-medium-file=\"https:\/\/www.infomoney.com.br\/wp-content\/uploads\/2023\/03\/52745183539_2b99a71804_c.jpg?fit=300%2C200&amp;quality=70&amp;strip=all\" data-large-file=\"https:\/\/www.infomoney.com.br\/wp-content\/uploads\/2023\/03\/52745183539_2b99a71804_c.jpg?fit=799%2C533&amp;quality=70&amp;strip=all\" title=\"\"><\/p>\n<p>O ministro da Fazenda, Fernando Haddad, informou nesta segunda-feira (29), que ser\u00e1 constitu\u00eddo um grupo de trabalho para consolidar a d\u00edvida da Venezuela frente ao Brasil e que, a partir desses c\u00e1lculos, ser\u00e1 aplicada uma reprograma\u00e7\u00e3o do pagamento. &#8220;Vai se constituir grupo de trabalho para consolidar a d\u00edvida da Venezuela frente ao Brasil e, a partir dessa consolida\u00e7\u00e3o dos n\u00fameros, reprogramar o pagamento. \u00c9 disso que a Fazenda foi tratar&#8221;, afirmou Haddad a jornalistas ao chegar no Minist\u00e9rio da Fazenda, para onde retornou ap\u00f3s encontrar o presidente da Venezuela, Nicol\u00e1s Maduro, no Pal\u00e1cio do Planalto, junto do presidente da Rep\u00fablica, Luiz In\u00e1cio Lula da Silva.<\/p>\n<p>Ele ainda destacou que quest\u00f5es relativas ao interc\u00e2mbio comercial ser\u00e3o tratadas pelo Minist\u00e9rio do Desenvolvimento, Ind\u00fastria, Com\u00e9rcio e Servi\u00e7os (MDIC), enquanto o Minist\u00e9rio de Minas e Energia tratar\u00e1 dos assuntos relativos ao setor energ\u00e9tico e o pa\u00eds venezuelano.<\/p>\n<p>&#8220;Interc\u00e2mbio comercial \u00e9 MDIC que cuida, estou cuidando aqui da quest\u00e3o do Tesouro. O MME vai cuidar da quest\u00e3o da energia el\u00e9trica para Roraima, mas o que me diz respeito a encomenda \u00e9 essa, consolida\u00e7\u00e3o da d\u00edvida e reprograma\u00e7\u00e3o&#8221;, disse Haddad.<\/p>\n<p>The post <a rel=\"nofollow noopener\" href=\"https:\/\/www.infomoney.com.br\/politica\/apos-encontrar-maduro-haddad-fala-em-consolidar-divida-da-venezuela-e-reprogramar-pagamentos\/\" target=\"_blank\">Ap\u00f3s encontrar Maduro, Haddad fala em consolidar d\u00edvida da Venezuela e reprogramar pagamentos<\/a> appeared first on <a rel=\"nofollow noopener\" href=\"https:\/\/www.infomoney.com.br\/\" target=\"_blank\">InfoMoney<\/a>.<\/p>\n","protected":false},"excerpt":{"rendered":"<p><img loading=\"lazy\" decoding=\"async\" width=\"300\" height=\"200\" src=\"https:\/\/www.infomoney.com.br\/wp-content\/uploads\/2023\/03\/52745183539_2b99a71804_c.jpg?fit=300%2C200&amp;quality=70&amp;strip=all\" class=\"attachment-medium size-medium wp-post-image\" alt=\"Ministro da Fazenda, Fernando Haddad\" data-attachment-id=\"2079488\" data-permalink=\"https:\/\/www.infomoney.com.br\/52745183539_2b99a71804_c\/\" data-orig-file=\"https:\/\/www.infomoney.com.br\/wp-content\/uploads\/2023\/03\/52745183539_2b99a71804_c.jpg?fit=799%2C533&amp;quality=70&amp;strip=all\" data-orig-size=\"799,533\" data-comments-opened=\"0\" data-image-meta='{\"aperture\":\"0\",\"credit\":\"\",\"camera\":\"\",\"caption\":\"\",\"created_timestamp\":\"0\",\"copyright\":\"\",\"focal_length\":\"0\",\"iso\":\"0\",\"shutter_speed\":\"0\",\"title\":\"\",\"orientation\":\"0\"}' data-image-title=\"Ministro da Fazenda, Fernando Haddad\" data-image-description=\"&lt;p&gt;Ministro da Fazenda, Fernando Haddad&lt;\/p&gt;\n\" data-image-caption=\"&lt;p&gt;Diogo Zacarias\/Minist\u00e9rio da Fazenda&lt;\/p&gt;\n\" data-medium-file=\"https:\/\/www.infomoney.com.br\/wp-content\/uploads\/2023\/03\/52745183539_2b99a71804_c.jpg?fit=300%2C200&amp;quality=70&amp;strip=all\" data-large-file=\"https:\/\/www.infomoney.com.br\/wp-content\/uploads\/2023\/03\/52745183539_2b99a71804_c.jpg?fit=799%2C533&amp;quality=70&amp;strip=all\">&#8220;Interc\u00e2mbio comercial \u00e9 MDIC que cuida, estou cuidando aqui da quest\u00e3o do Tesouro&#8221;, disse o ministro<\/p>\n<p>The post <a rel=\"nofollow\" href=\"https:\/\/www.infomoney.com.br\/politica\/apos-encontrar-maduro-haddad-fala-em-consolidar-divida-da-venezuela-e-reprogramar-pagamentos\/\">Ap\u00f3s encontrar Maduro, Haddad fala em consolidar d\u00edvida da Venezuela e reprogramar pagamentos<\/a> appeared first on <a rel=\"nofollow\" href=\"https:\/\/www.infomoney.com.br\/\">InfoMoney<\/a>.<\/p>\n","protected":false},"author":43,"featured_media":0,"comment_status":"closed","ping_status":"closed","sticky":false,"template":"","format":"standard","meta":{"advgb_blocks_editor_width":"","advgb_blocks_columns_visual_guide":"","footnotes":""},"categories":[109,34,3771,47],"tags":[35],"class_list":["post-18640","post","type-post","status-publish","format-standard","hentry","category-fernando-haddad","category-g1","category-nicolas-maduro","category-politica","tag-g1"],"author_meta":{"display_name":"Estad\u00e3o Conte\u00fado","author_link":"https:\/\/sindaopcpb.org.br\/author\/estadao-conteudo\/"},"featured_img":null,"coauthors":[],"tax_additional":{"categories":{"linked":["<a href=\"https:\/\/sindaopcpb.org.br\/fernando-haddad\/\" class=\"advgb-post-tax-term\">FERNANDO HADDAD<\/a>","<a href=\"https:\/\/sindaopcpb.org.br\/g1\/\" class=\"advgb-post-tax-term\">G1<\/a>","<a href=\"https:\/\/sindaopcpb.org.br\/nicolas-maduro\/\" class=\"advgb-post-tax-term\">Nicol\u00e1s Maduro<\/a>","<a href=\"https:\/\/sindaopcpb.org.br\/politica\/\" class=\"advgb-post-tax-term\">POLITICA<\/a>"],"unlinked":["<span class=\"advgb-post-tax-term\">FERNANDO HADDAD<\/span>","<span class=\"advgb-post-tax-term\">G1<\/span>","<span class=\"advgb-post-tax-term\">Nicol\u00e1s Maduro<\/span>","<span class=\"advgb-post-tax-term\">POLITICA<\/span>"]},"tags":{"linked":["<a href=\"https:\/\/sindaopcpb.org.br\/politica\/\" class=\"advgb-post-tax-term\">g1<\/a>"],"unlinked":["<span class=\"advgb-post-tax-term\">g1<\/span>"]}},"comment_count":"0","relative_dates":{"created":"Publicado 3 anos atr\u00e1s","modified":"Atualizado 3 anos atr\u00e1s"},"absolute_dates":{"created":"Publicado em 29 de maio de 2023","modified":"Atualizado em 29 de maio de 2023"},"absolute_dates_time":{"created":"Publicado em 29 de maio de 2023 15:40","modified":"Atualizado em 29 de maio de 2023 15:40"},"featured_img_caption":"","series_order":"","_links":{"self":[{"href":"https:\/\/sindaopcpb.org.br\/index.php\/wp-json\/wp\/v2\/posts\/18640","targetHints":{"allow":["GET"]}}],"collection":[{"href":"https:\/\/sindaopcpb.org.br\/index.php\/wp-json\/wp\/v2\/posts"}],"about":[{"href":"https:\/\/sindaopcpb.org.br\/index.php\/wp-json\/wp\/v2\/types\/post"}],"author":[{"embeddable":true,"href":"https:\/\/sindaopcpb.org.br\/index.php\/wp-json\/wp\/v2\/users\/43"}],"replies":[{"embeddable":true,"href":"https:\/\/sindaopcpb.org.br\/index.php\/wp-json\/wp\/v2\/comments?post=18640"}],"version-history":[{"count":1,"href":"https:\/\/sindaopcpb.org.br\/index.php\/wp-json\/wp\/v2\/posts\/18640\/revisions"}],"predecessor-version":[{"id":18641,"href":"https:\/\/sindaopcpb.org.br\/index.php\/wp-json\/wp\/v2\/posts\/18640\/revisions\/18641"}],"wp:attachment":[{"href":"https:\/\/sindaopcpb.org.br\/index.php\/wp-json\/wp\/v2\/media?parent=18640"}],"wp:term":[{"taxonomy":"category","embeddable":true,"href":"https:\/\/sindaopcpb.org.br\/index.php\/wp-json\/wp\/v2\/categories?post=18640"},{"taxonomy":"post_tag","embeddable":true,"href":"https:\/\/sindaopcpb.org.br\/index.php\/wp-json\/wp\/v2\/tags?post=18640"}],"curies":[{"name":"wp","href":"https:\/\/api.w.org\/{rel}","templated":true}]}}