{"id":18615,"date":"2023-05-29T13:26:09","date_gmt":"2023-05-29T16:26:09","guid":{"rendered":"https:\/\/www.infomoney.com.br\/?p=2146769"},"modified":"2023-05-29T13:26:09","modified_gmt":"2023-05-29T16:26:09","slug":"stf-aceita-mais-131-denuncias-ligadas-a-atos-golpistas","status":"publish","type":"post","link":"https:\/\/sindaopcpb.org.br\/index.php\/2023\/05\/29\/stf-aceita-mais-131-denuncias-ligadas-a-atos-golpistas\/","title":{"rendered":"STF aceita mais 131 den\u00fancias ligadas a atos golpistas"},"content":{"rendered":"<p><img loading=\"lazy\" width=\"300\" height=\"179\" src=\"https:\/\/www.infomoney.com.br\/wp-content\/uploads\/2023\/01\/manifestacao_mcamgo_abr_080120231818-13.jpg?fit=300%2C179&amp;quality=70&amp;strip=all\" class=\"attachment-medium size-medium wp-post-image\" alt=\"\" decoding=\"async\" style=\"float:right; margin:0 0 10px 10px;\" srcset=\"https:\/\/www.infomoney.com.br\/wp-content\/uploads\/2023\/01\/manifestacao_mcamgo_abr_080120231818-13.jpg?w=1170&amp;quality=70&amp;strip=all 1170w, https:\/\/www.infomoney.com.br\/wp-content\/uploads\/2023\/01\/manifestacao_mcamgo_abr_080120231818-13.jpg?w=300&amp;quality=70&amp;strip=all 300w, https:\/\/www.infomoney.com.br\/wp-content\/uploads\/2023\/01\/manifestacao_mcamgo_abr_080120231818-13.jpg?w=768&amp;quality=70&amp;strip=all 768w, https:\/\/www.infomoney.com.br\/wp-content\/uploads\/2023\/01\/manifestacao_mcamgo_abr_080120231818-13.jpg?w=150&amp;quality=70&amp;strip=all 150w\" sizes=\"auto, (max-width: 300px) 100vw, 300px\" data-attachment-id=\"2025218\" data-permalink=\"https:\/\/www.infomoney.com.br\/manifestantes-invadem-congresso-stf-e-palacio-do-planalto\/\" data-orig-file=\"https:\/\/www.infomoney.com.br\/wp-content\/uploads\/2023\/01\/manifestacao_mcamgo_abr_080120231818-13.jpg?fit=1170%2C700&amp;quality=70&amp;strip=all\" data-orig-size=\"1170,700\" data-comments-opened=\"0\" data-image-meta=\"{&quot;aperture&quot;:&quot;2.8&quot;,&quot;credit&quot;:&quot;Marcelo Camargo\\\/Ag\\u00eancia Brasil&quot;,&quot;camera&quot;:&quot;Canon EOS-1D X&quot;,&quot;caption&quot;:&quot;Manifestantes invadem Congresso, STF e Pal\\u00e1cio do Planalto.&quot;,&quot;created_timestamp&quot;:&quot;1673194135&quot;,&quot;copyright&quot;:&quot;Ag\\u00eancia Brasil\\\/EBC&quot;,&quot;focal_length&quot;:&quot;200&quot;,&quot;iso&quot;:&quot;250&quot;,&quot;shutter_speed&quot;:&quot;0.000125&quot;,&quot;title&quot;:&quot;Manifestantes invadem Congresso, STF e Pal\\u00e1cio do Planalto.&quot;,&quot;orientation&quot;:&quot;0&quot;}\" data-image-title=\"Manifestantes invadem Congresso, STF e Pal\u00e1cio do Planalto.\" data-image-description=\"\" data-image-caption=\"&lt;p&gt;Bolsonaristas  invadem Congresso, STF e Pal\u00e1cio do Planalto (Foto: Ag\u00eancia Brasil)&lt;\/p&gt;\n\" data-medium-file=\"https:\/\/www.infomoney.com.br\/wp-content\/uploads\/2023\/01\/manifestacao_mcamgo_abr_080120231818-13.jpg?fit=300%2C179&amp;quality=70&amp;strip=all\" data-large-file=\"https:\/\/www.infomoney.com.br\/wp-content\/uploads\/2023\/01\/manifestacao_mcamgo_abr_080120231818-13.jpg?fit=1170%2C700&amp;quality=70&amp;strip=all\" title=\"\"><\/p>\n<p>A maioria dos ministros do Supremo Tribunal Federal (STF) votou por tornar r\u00e9us mais 131 denunciados por participa\u00e7\u00e3o nos atos golpistas de 8 de janeiro, quando as sedes dos Tr\u00eas Poderes da Rep\u00fablica, em Bras\u00edlia, foram invadidas e depredadas por apoiadores do ex-presidente Jair Bolsonaro.<\/p>\n<p>Com isso, chegam a 1.176 a\u00e7\u00f5es penais abertas contra pessoas envolvidas no epis\u00f3dio. At\u00e9 o momento, nenhuma das 1.390 acusa\u00e7\u00f5es formais apresentadas pela Procuradoria-Geral da Rep\u00fablica (PGR) foi rejeitada. A an\u00e1lise sobre o recebimento ou n\u00e3o das 214 den\u00fancias restantes ainda n\u00e3o foi marcada.<\/p>\n<p>Nesse lote mais recente de den\u00fancias, a principal acusa\u00e7\u00e3o, em todos os casos, \u00e9 a de incita\u00e7\u00e3o \u00e0 animosidade das For\u00e7as Armadas contra Poder constitu\u00eddo e de associa\u00e7\u00e3o criminosa. As den\u00fancias t\u00eam como alvo pessoas presas no acampamento montado em frente ao Quartel-General do Ex\u00e9rcito, em Bras\u00edlia, no dia seguinte aos ataques.<\/p>\n<p>Os recebimentos das den\u00fancias est\u00e3o sendo julgados no plen\u00e1rio virtual, em que os ministros t\u00eam uma janela de tempo para votar remotamente, sem delibera\u00e7\u00e3o presencial. A an\u00e1lise desse sexto grupo de den\u00fancias est\u00e1 marcada para durar at\u00e9 as 23h59 desta segunda-feira (29).<\/p>\n<p>At\u00e9 o momento, votaram pelo recebimento dessa nova leva o relator, ministro Alexandre de Moraes, e os ministros Dias Toffoil, C\u00e1rmen L\u00facia, Gilmar Mendes, Rosa Weber e Edson Fachin. Assim como nas vezes anteriores, divergiram os ministros Andr\u00e9 Mendon\u00e7a e Nunes Marques. Ainda faltam os votos de Lu\u00eds Roberto Barroso e Luiz Fux.<\/p>\n<p>Com o recebimento da den\u00fancia e abertura de a\u00e7\u00e3o penal, come\u00e7a nova fase de instru\u00e7\u00e3o do processo, em que s\u00e3o ouvidas testemunhas de defesa e acusa\u00e7\u00e3o, por exemplo. Somente ao final dessa etapa que o STF dever\u00e1 julgar, no caso a caso, eventual condena\u00e7\u00e3o dos r\u00e9us. N\u00e3o h\u00e1 prazo para que isso ocorra.<\/p>\n<p>Do total de den\u00fancias j\u00e1 recebidas, 225 dizem respeito a pessoas acusadas de participa\u00e7\u00e3o direta nos ataques aos pr\u00e9dios p\u00fablicos. Nesse caso, elas s\u00e3o acusadas de crimes como tentativa de aboli\u00e7\u00e3o violenta do Estado Democr\u00e1tico de Direito, golpe de Estado e depreda\u00e7\u00e3o de patrim\u00f4nio p\u00fablico protegido, entre outros.<\/p>\n<p>Todos os julgamentos sobre o recebimento ou n\u00e3o das den\u00fancias est\u00e3o sendo realizados dentro de dois inqu\u00e9ritos, que t\u00eam como alvo incitadores e praticantes dos atos golpistas, respectivamente.<\/p>\n<p>H\u00e1 ao menos mais dois inqu\u00e9ritos no Supremo relacionados ao 8 de janeiro, que t\u00eam como alvo eventuais financiadores e autoridades suspeitas de omiss\u00e3o diante dos ataques. \u00c0 frente das investiga\u00e7\u00f5es, a PGR ainda n\u00e3o apresentou den\u00fancias nesses processos, que se encontram ainda em fase de investiga\u00e7\u00e3o pela Pol\u00edcia Federal (PF), na opera\u00e7\u00e3o denominada Lesa P\u00e1tria.<\/p>\n<p>The post <a rel=\"nofollow noopener\" href=\"https:\/\/www.infomoney.com.br\/politica\/stf-aceita-mais-131-denuncias-ligadas-a-atos-golpistas\/\" target=\"_blank\">STF aceita mais 131 den\u00fancias ligadas a atos golpistas<\/a> appeared first on <a rel=\"nofollow noopener\" href=\"https:\/\/www.infomoney.com.br\/\" target=\"_blank\">InfoMoney<\/a>.<\/p>\n","protected":false},"excerpt":{"rendered":"<p><img loading=\"lazy\" decoding=\"async\" width=\"300\" height=\"179\" src=\"https:\/\/www.infomoney.com.br\/wp-content\/uploads\/2023\/01\/manifestacao_mcamgo_abr_080120231818-13.jpg?fit=300%2C179&amp;quality=70&amp;strip=all\" class=\"attachment-medium size-medium wp-post-image\" alt=\"\" data-attachment-id=\"2025218\" data-permalink=\"https:\/\/www.infomoney.com.br\/manifestantes-invadem-congresso-stf-e-palacio-do-planalto\/\" data-orig-file=\"https:\/\/www.infomoney.com.br\/wp-content\/uploads\/2023\/01\/manifestacao_mcamgo_abr_080120231818-13.jpg?fit=1170%2C700&amp;quality=70&amp;strip=all\" data-orig-size=\"1170,700\" data-comments-opened=\"0\" data-image-meta='{\"aperture\":\"2.8\",\"credit\":\"Marcelo Camargo\\\/Ag\\u00eancia Brasil\",\"camera\":\"Canon EOS-1D X\",\"caption\":\"Manifestantes invadem Congresso, STF e Pal\\u00e1cio do Planalto.\",\"created_timestamp\":\"1673194135\",\"copyright\":\"Ag\\u00eancia Brasil\\\/EBC\",\"focal_length\":\"200\",\"iso\":\"250\",\"shutter_speed\":\"0.000125\",\"title\":\"Manifestantes invadem Congresso, STF e Pal\\u00e1cio do Planalto.\",\"orientation\":\"0\"}' data-image-title=\"Manifestantes invadem Congresso, STF e Pal\u00e1cio do Planalto.\" data-image-description=\"\" data-image-caption=\"&lt;p&gt;Bolsonaristas  invadem Congresso, STF e Pal\u00e1cio do Planalto (Foto: Ag\u00eancia Brasil)&lt;\/p&gt;\n\" data-medium-file=\"https:\/\/www.infomoney.com.br\/wp-content\/uploads\/2023\/01\/manifestacao_mcamgo_abr_080120231818-13.jpg?fit=300%2C179&amp;quality=70&amp;strip=all\" data-large-file=\"https:\/\/www.infomoney.com.br\/wp-content\/uploads\/2023\/01\/manifestacao_mcamgo_abr_080120231818-13.jpg?fit=1170%2C700&amp;quality=70&amp;strip=all\">Nenhuma das 1.390 acusa\u00e7\u00f5es apresentadas pela PGR foi rejeitada<\/p>\n<p>The post <a rel=\"nofollow\" href=\"https:\/\/www.infomoney.com.br\/politica\/stf-aceita-mais-131-denuncias-ligadas-a-atos-golpistas\/\">STF aceita mais 131 den\u00fancias ligadas a atos golpistas<\/a> appeared first on <a rel=\"nofollow\" href=\"https:\/\/www.infomoney.com.br\/\">InfoMoney<\/a>.<\/p>\n","protected":false},"author":44,"featured_media":0,"comment_status":"closed","ping_status":"closed","sticky":false,"template":"","format":"standard","meta":{"advgb_blocks_editor_width":"","advgb_blocks_columns_visual_guide":"","footnotes":""},"categories":[358,34,47,449],"tags":[35],"class_list":["post-18615","post","type-post","status-publish","format-standard","hentry","category-ataque-em-brasilia","category-g1","category-politica","category-stf","tag-g1"],"author_meta":{"display_name":"Ag\u00eancia Brasil","author_link":"https:\/\/sindaopcpb.org.br\/author\/agencia-brasil\/"},"featured_img":null,"coauthors":[],"tax_additional":{"categories":{"linked":["<a href=\"https:\/\/sindaopcpb.org.br\/ataque-em-brasilia\/\" class=\"advgb-post-tax-term\">Ataque em Bras\u00edlia<\/a>","<a href=\"https:\/\/sindaopcpb.org.br\/g1\/\" class=\"advgb-post-tax-term\">G1<\/a>","<a href=\"https:\/\/sindaopcpb.org.br\/politica\/\" class=\"advgb-post-tax-term\">POLITICA<\/a>","<a href=\"https:\/\/sindaopcpb.org.br\/stf\/\" class=\"advgb-post-tax-term\">STF<\/a>"],"unlinked":["<span class=\"advgb-post-tax-term\">Ataque em Bras\u00edlia<\/span>","<span class=\"advgb-post-tax-term\">G1<\/span>","<span class=\"advgb-post-tax-term\">POLITICA<\/span>","<span class=\"advgb-post-tax-term\">STF<\/span>"]},"tags":{"linked":["<a href=\"https:\/\/sindaopcpb.org.br\/stf\/\" class=\"advgb-post-tax-term\">g1<\/a>"],"unlinked":["<span class=\"advgb-post-tax-term\">g1<\/span>"]}},"comment_count":"0","relative_dates":{"created":"Publicado 3 anos atr\u00e1s","modified":"Atualizado 3 anos atr\u00e1s"},"absolute_dates":{"created":"Publicado em 29 de maio de 2023","modified":"Atualizado em 29 de maio de 2023"},"absolute_dates_time":{"created":"Publicado em 29 de maio de 2023 13:26","modified":"Atualizado em 29 de maio de 2023 13:26"},"featured_img_caption":"","series_order":"","_links":{"self":[{"href":"https:\/\/sindaopcpb.org.br\/index.php\/wp-json\/wp\/v2\/posts\/18615","targetHints":{"allow":["GET"]}}],"collection":[{"href":"https:\/\/sindaopcpb.org.br\/index.php\/wp-json\/wp\/v2\/posts"}],"about":[{"href":"https:\/\/sindaopcpb.org.br\/index.php\/wp-json\/wp\/v2\/types\/post"}],"author":[{"embeddable":true,"href":"https:\/\/sindaopcpb.org.br\/index.php\/wp-json\/wp\/v2\/users\/44"}],"replies":[{"embeddable":true,"href":"https:\/\/sindaopcpb.org.br\/index.php\/wp-json\/wp\/v2\/comments?post=18615"}],"version-history":[{"count":1,"href":"https:\/\/sindaopcpb.org.br\/index.php\/wp-json\/wp\/v2\/posts\/18615\/revisions"}],"predecessor-version":[{"id":18616,"href":"https:\/\/sindaopcpb.org.br\/index.php\/wp-json\/wp\/v2\/posts\/18615\/revisions\/18616"}],"wp:attachment":[{"href":"https:\/\/sindaopcpb.org.br\/index.php\/wp-json\/wp\/v2\/media?parent=18615"}],"wp:term":[{"taxonomy":"category","embeddable":true,"href":"https:\/\/sindaopcpb.org.br\/index.php\/wp-json\/wp\/v2\/categories?post=18615"},{"taxonomy":"post_tag","embeddable":true,"href":"https:\/\/sindaopcpb.org.br\/index.php\/wp-json\/wp\/v2\/tags?post=18615"}],"curies":[{"name":"wp","href":"https:\/\/api.w.org\/{rel}","templated":true}]}}