{"id":18321,"date":"2023-05-26T16:33:29","date_gmt":"2023-05-26T19:33:29","guid":{"rendered":"https:\/\/www.infomoney.com.br\/?p=2145622"},"modified":"2023-05-26T16:33:29","modified_gmt":"2023-05-26T19:33:29","slug":"governo-tentara-reverter-mudancas-em-mp-de-estrutura-ministerial","status":"publish","type":"post","link":"https:\/\/sindaopcpb.org.br\/index.php\/2023\/05\/26\/governo-tentara-reverter-mudancas-em-mp-de-estrutura-ministerial\/","title":{"rendered":"Governo tentar\u00e1 reverter mudan\u00e7as em MP de estrutura ministerial"},"content":{"rendered":"<p><img loading=\"lazy\" width=\"300\" height=\"200\" src=\"https:\/\/www.infomoney.com.br\/wp-content\/uploads\/2021\/08\/23059589949_85b29f21ed_b.jpg?fit=300%2C200&amp;quality=70&amp;strip=all\" class=\"attachment-medium size-medium wp-post-image\" alt=\"Bras\u00edlia\" decoding=\"async\" style=\"float:right; margin:0 0 10px 10px;\" srcset=\"https:\/\/www.infomoney.com.br\/wp-content\/uploads\/2021\/08\/23059589949_85b29f21ed_b.jpg?w=1023&amp;quality=70&amp;strip=all 1023w, https:\/\/www.infomoney.com.br\/wp-content\/uploads\/2021\/08\/23059589949_85b29f21ed_b.jpg?w=300&amp;quality=70&amp;strip=all 300w, https:\/\/www.infomoney.com.br\/wp-content\/uploads\/2021\/08\/23059589949_85b29f21ed_b.jpg?w=768&amp;quality=70&amp;strip=all 768w, https:\/\/www.infomoney.com.br\/wp-content\/uploads\/2021\/08\/23059589949_85b29f21ed_b.jpg?w=150&amp;quality=70&amp;strip=all 150w\" sizes=\"auto, (max-width: 300px) 100vw, 300px\" data-attachment-id=\"1689642\" data-permalink=\"https:\/\/www.infomoney.com.br\/colunistas\/convidados\/o-pais-da-hesitocracia\/attachment\/23059589949_85b29f21ed_b\/\" data-orig-file=\"https:\/\/www.infomoney.com.br\/wp-content\/uploads\/2021\/08\/23059589949_85b29f21ed_b.jpg?fit=1023%2C681&amp;quality=70&amp;strip=all\" data-orig-size=\"1023,681\" data-comments-opened=\"1\" data-image-meta=\"{&quot;aperture&quot;:&quot;0&quot;,&quot;credit&quot;:&quot;Ana Volpe\\\/Ag\\u00eancia Senado&quot;,&quot;camera&quot;:&quot;&quot;,&quot;caption&quot;:&quot;&quot;,&quot;created_timestamp&quot;:&quot;0&quot;,&quot;copyright&quot;:&quot;Senado Federal do Brasil&quot;,&quot;focal_length&quot;:&quot;0&quot;,&quot;iso&quot;:&quot;0&quot;,&quot;shutter_speed&quot;:&quot;0&quot;,&quot;title&quot;:&quot;&quot;,&quot;orientation&quot;:&quot;0&quot;}\" data-image-title=\"Bras\u00edlia\" data-image-description=\"\" data-image-caption=\"&lt;p&gt;IPC-S em Bras\u00edlia ficou negativo em 0,11% em fevereiro  (Ana Volpe\/Ag\u00eancia Senado)&lt;\/p&gt;\n\" data-medium-file=\"https:\/\/www.infomoney.com.br\/wp-content\/uploads\/2021\/08\/23059589949_85b29f21ed_b.jpg?fit=300%2C200&amp;quality=70&amp;strip=all\" data-large-file=\"https:\/\/www.infomoney.com.br\/wp-content\/uploads\/2021\/08\/23059589949_85b29f21ed_b.jpg?fit=1023%2C681&amp;quality=70&amp;strip=all\" title=\"\"><\/p>\n<p>O governo federal tentar\u00e1 reverter mudan\u00e7as em atribui\u00e7\u00f5es de minist\u00e9rios aprovadas pela comiss\u00e3o mista do Congresso Nacional encarregada de analisar a Medida Provis\u00f3ria (MP) que definiu a estrutura administrativa do governo.<\/p>\n<p>O relat\u00f3rio do deputado Isnaldo Bulh\u00f5es (MDB-AL) retirou diversas fun\u00e7\u00f5es das pastas do Meio Ambiente e Mudan\u00e7a do Clima (MMA) e tamb\u00e9m do Minist\u00e9rio dos Povos Ind\u00edgenas (MPI).<\/p>\n<p>O texto foi aprovado na noite de quarta-feira (24) e ainda dever\u00e1 passar por vota\u00e7\u00f5es nos plen\u00e1rios da C\u00e2mara e do Senado at\u00e9 o dia 1\u00ba de junho, para n\u00e3o perder a validade.<\/p>\n<p>\u201cA maior parte ou quase a totalidade dos pontos preservou aquilo que era o conceito original da MP, mas em alguns pontos isso n\u00e3o foi mantido. Portanto, o governo continuar\u00e1 trabalhando para que, nos outros espa\u00e7os legislativos em que a MP ainda tramitar\u00e1, o conceito original dos pontos que foram mexidos e que, em nossa opini\u00e3o, est\u00e1 desalinhado com as pol\u00edticas que precisam ser implementadas, que n\u00f3s possamos retomar\u201d, disse o ministro da Casa Civil, Rui Costa, em coletiva \u00e0 imprensa ap\u00f3s reuni\u00e3o com o presidente Luiz In\u00e1cio Lula da Silva.<\/p>\n<p>Nesta quinta-feira (25), Lula fez encontro, no Pal\u00e1cio do Planalto, para analisar a situa\u00e7\u00e3o dos dois minist\u00e9rios e definir as estrat\u00e9gias para reverter as mudan\u00e7as. Estavam presentes as ministras do Meio Ambiente e Mudan\u00e7a do Clima, Marina Silva; dos Povos Ind\u00edgenas, S\u00f4nia Guajajara; da Gest\u00e3o e Inova\u00e7\u00e3o em Servi\u00e7os P\u00fablicos, Esther Dweck; os ministros da Casa Civil, Rui Costa; da Secretaria de Rela\u00e7\u00f5es Institucionais, Alexandre Padilha; da Secretaria de Comunica\u00e7\u00e3o Social, Paulo Pimenta, al\u00e9m dos parlamentares l\u00edderes do governo, senadores Randolfe Rodrigues e Jaques Wagner e o deputado Jos\u00e9 Guimar\u00e3es.<\/p>\n<p>Questionado sobre o poss\u00edvel esvaziamento de poder do MMA e do MPI, o ministro Padilha disse que isso n\u00e3o impede a implementa\u00e7\u00e3o do programa pol\u00edtico do governo do Lula, \u201cque coloca a sustentabilidade ambiental no centro da agenda de desenvolvimento\u201d, independentemente do texto final que ser\u00e1 aprovado. \u201cIsso aqui n\u00e3o \u00e9 minist\u00e9rio isolado, \u00e9 um time coordenado e articulado\u201d, disse.<\/p>\n<p>\u201cO governo tem instrumentos que n\u00e3o impedem, que qualquer mudan\u00e7a de troca de compet\u00eancias que o Congresso Nacional possa vir a fazer, n\u00e3o impedem que a a\u00e7\u00e3o do governo, a a\u00e7\u00e3o dos seus ministros e ministras, seus respons\u00e1veis, continuem a agenda de sustentabilidade, que tem tido, j\u00e1 na largada do governo, resultados muito positivos, como a redu\u00e7\u00e3o de mais de 42% do desmatamento na Amaz\u00f4nia. A ministra Marina trouxe esses dados, e o protagonismo do Brasil na agenda ambiental e de mudan\u00e7a clim\u00e1tica no Brasil e no mundo\u201d, ressaltou Padilha.<\/p>\n<p>O ministro das Rela\u00e7\u00f5es Institucionais afirmou ainda que o relat\u00f3rio trouxe muitos avan\u00e7os e que consolida a cria\u00e7\u00e3o de 37 minist\u00e9rios do governo Lula.<\/p>\n<p>\u201cO relat\u00f3rio n\u00e3o acaba com nenhum minist\u00e9rio, n\u00e3o acaba com nenhum \u00f3rg\u00e3o, n\u00e3o tira do governo a possibilidade de poder implementar a sua agenda pol\u00edtica. N\u00f3s vamos continuar conversando com o Congresso Nacional, com o seu relator, para buscar, at\u00e9 a vota\u00e7\u00e3o no plen\u00e1rio, os aprimoramentos necess\u00e1rios\u201d, disse.<\/p>\n<p>Padilha destacou, ainda, que n\u00e3o existe, por parte do governo, nenhuma medida de judicializa\u00e7\u00e3o para reverter as mudan\u00e7as. \u201cEsse \u00e9 um governo que respeita a rela\u00e7\u00e3o e o papel que tem o Congresso Nacional, de construir a solu\u00e7\u00e3o pela pol\u00edtica e no di\u00e1logo, respeitando o processo legislativo\u201d, acrescentou.<\/p>\n<p>As ministras Marina Silva e S\u00f4nia Guajajara n\u00e3o acompanharam a coletiva de imprensa ap\u00f3s a reuni\u00e3o, junto aos outros ministros e l\u00edderes do governo.<\/p>\n<p>Ontem (25), em discurso em S\u00e3o Paulo, Lula minimizou as mudan\u00e7as e afirmou que vai manter o di\u00e1logo com os parlamentares. Mesmo que as mudan\u00e7as feitas pelo relator Bulh\u00f5es sejam mantidas, Lula ainda ter\u00e1 a possibilidade de vetar trechos da MP. Caso isso ocorra, os vetos dever\u00e3o ser confirmados posteriormente pelo Congresso.<\/p>\n<h2><strong>Mudan\u00e7as<\/strong><\/h2>\n<p>Entre as mudan\u00e7as no Minist\u00e9rio do Meio Ambiente e Mudan\u00e7a do Clima, o relat\u00f3rio aprovado tira da pasta a Ag\u00eancia Nacional de \u00c1guas (ANA), passando a supervis\u00e3o do \u00f3rg\u00e3o ao Minist\u00e9rio da Integra\u00e7\u00e3o e do Desenvolvimento Regional.<\/p>\n<p>J\u00e1 o Cadastro Ambiental Rural (CAR), um cadastro eletr\u00f4nico obrigat\u00f3rio a todas as propriedades e posses rurais, passa a ser vinculado ao Minist\u00e9rio da Gest\u00e3o e da Inova\u00e7\u00e3o em Servi\u00e7os P\u00fablicos.<\/p>\n<p>O relat\u00f3rio ainda retira da compet\u00eancia do MMA o Sistema Nacional de Informa\u00e7\u00f5es em Saneamento B\u00e1sico (Sinisa), o Sistema Nacional de Informa\u00e7\u00f5es sobre a Gest\u00e3o dos Res\u00edduos S\u00f3lidos (Sinir) e o Sistema Nacional de Gerenciamento de Recursos H\u00eddricos (Singreh). Os tr\u00eas sistemas ser\u00e3o de responsabilidade do Minist\u00e9rio das Cidades.<\/p>\n<p>O texto do deputado Isnaldo Bulh\u00f5es tamb\u00e9m retirou do Minist\u00e9rio dos Povos Ind\u00edgenas sua principal atribui\u00e7\u00e3o, a de homologa\u00e7\u00e3o de terras de povos origin\u00e1rios, devolvendo-a \u00e0 pasta da Justi\u00e7a e Seguran\u00e7a P\u00fablica.<\/p>\n<p>Al\u00e9m disso, houve a redistribui\u00e7\u00e3o de atribui\u00e7\u00f5es da Companhia Nacional de Abastecimento (Conab) \u2013 que passou a ser vinculada ao Minist\u00e9rio do Desenvolvimento Agr\u00e1rio (MDA) \u2013 para o Minist\u00e9rio da Agricultura, Pecu\u00e1ria e Abastecimento (Mapa), ao qual a Conab pertencia antes.<\/p>\n<p>Segundo o parecer, ser\u00e3o atribui\u00e7\u00f5es do Mapa a garantia de pre\u00e7os m\u00ednimos, \u00e0 exce\u00e7\u00e3o dos produtos da sociobiodiversidade, e as a\u00e7\u00f5es sobre comercializa\u00e7\u00e3o, abastecimento e armazenagem de produtos, bem como o tratamento das informa\u00e7\u00f5es relativas aos sistemas agr\u00edcolas e pecu\u00e1rios.<\/p>\n<p>The post <a rel=\"nofollow noopener\" href=\"https:\/\/www.infomoney.com.br\/politica\/governo-tentara-reverter-mudancas-em-mp-de-estrutura-ministerial\/\" target=\"_blank\">Governo tentar\u00e1 reverter mudan\u00e7as em MP de estrutura ministerial<\/a> appeared first on <a rel=\"nofollow noopener\" href=\"https:\/\/www.infomoney.com.br\/\" target=\"_blank\">InfoMoney<\/a>.<\/p>\n","protected":false},"excerpt":{"rendered":"<p><img loading=\"lazy\" decoding=\"async\" width=\"300\" height=\"200\" src=\"https:\/\/www.infomoney.com.br\/wp-content\/uploads\/2021\/08\/23059589949_85b29f21ed_b.jpg?fit=300%2C200&amp;quality=70&amp;strip=all\" class=\"attachment-medium size-medium wp-post-image\" alt=\"Bras\u00edlia\" data-attachment-id=\"1689642\" data-permalink=\"https:\/\/www.infomoney.com.br\/colunistas\/convidados\/o-pais-da-hesitocracia\/attachment\/23059589949_85b29f21ed_b\/\" data-orig-file=\"https:\/\/www.infomoney.com.br\/wp-content\/uploads\/2021\/08\/23059589949_85b29f21ed_b.jpg?fit=1023%2C681&amp;quality=70&amp;strip=all\" data-orig-size=\"1023,681\" data-comments-opened=\"1\" data-image-meta='{\"aperture\":\"0\",\"credit\":\"Ana Volpe\\\/Ag\\u00eancia Senado\",\"camera\":\"\",\"caption\":\"\",\"created_timestamp\":\"0\",\"copyright\":\"Senado Federal do Brasil\",\"focal_length\":\"0\",\"iso\":\"0\",\"shutter_speed\":\"0\",\"title\":\"\",\"orientation\":\"0\"}' data-image-title=\"Bras\u00edlia\" data-image-description=\"\" data-image-caption=\"&lt;p&gt;IPC-S em Bras\u00edlia ficou negativo em 0,11% em fevereiro  (Ana Volpe\/Ag\u00eancia Senado)&lt;\/p&gt;\n\" data-medium-file=\"https:\/\/www.infomoney.com.br\/wp-content\/uploads\/2021\/08\/23059589949_85b29f21ed_b.jpg?fit=300%2C200&amp;quality=70&amp;strip=all\" data-large-file=\"https:\/\/www.infomoney.com.br\/wp-content\/uploads\/2021\/08\/23059589949_85b29f21ed_b.jpg?fit=1023%2C681&amp;quality=70&amp;strip=all\">Texto retirou fun\u00e7\u00f5es das pastas de Meio Ambiente e Povos Ind\u00edgenas<\/p>\n<p>The post <a rel=\"nofollow\" href=\"https:\/\/www.infomoney.com.br\/politica\/governo-tentara-reverter-mudancas-em-mp-de-estrutura-ministerial\/\">Governo tentar\u00e1 reverter mudan\u00e7as em MP de estrutura ministerial<\/a> appeared first on <a rel=\"nofollow\" href=\"https:\/\/www.infomoney.com.br\/\">InfoMoney<\/a>.<\/p>\n","protected":false},"author":44,"featured_media":0,"comment_status":"closed","ping_status":"closed","sticky":false,"template":"","format":"standard","meta":{"advgb_blocks_editor_width":"","advgb_blocks_columns_visual_guide":"","footnotes":""},"categories":[3420,34,47],"tags":[35],"class_list":["post-18321","post","type-post","status-publish","format-standard","hentry","category-esplanada-dos-ministerios","category-g1","category-politica","tag-g1"],"author_meta":{"display_name":"Ag\u00eancia Brasil","author_link":"https:\/\/sindaopcpb.org.br\/author\/agencia-brasil\/"},"featured_img":null,"coauthors":[],"tax_additional":{"categories":{"linked":["<a href=\"https:\/\/sindaopcpb.org.br\/esplanada-dos-ministerios\/\" class=\"advgb-post-tax-term\">Esplanada dos Minist\u00e9rios<\/a>","<a href=\"https:\/\/sindaopcpb.org.br\/g1\/\" class=\"advgb-post-tax-term\">G1<\/a>","<a href=\"https:\/\/sindaopcpb.org.br\/politica\/\" class=\"advgb-post-tax-term\">POLITICA<\/a>"],"unlinked":["<span class=\"advgb-post-tax-term\">Esplanada dos Minist\u00e9rios<\/span>","<span class=\"advgb-post-tax-term\">G1<\/span>","<span class=\"advgb-post-tax-term\">POLITICA<\/span>"]},"tags":{"linked":["<a href=\"https:\/\/sindaopcpb.org.br\/politica\/\" class=\"advgb-post-tax-term\">g1<\/a>"],"unlinked":["<span class=\"advgb-post-tax-term\">g1<\/span>"]}},"comment_count":"0","relative_dates":{"created":"Publicado 3 anos atr\u00e1s","modified":"Atualizado 3 anos atr\u00e1s"},"absolute_dates":{"created":"Publicado em 26 de maio de 2023","modified":"Atualizado em 26 de maio de 2023"},"absolute_dates_time":{"created":"Publicado em 26 de maio de 2023 16:33","modified":"Atualizado em 26 de maio de 2023 16:33"},"featured_img_caption":"","series_order":"","_links":{"self":[{"href":"https:\/\/sindaopcpb.org.br\/index.php\/wp-json\/wp\/v2\/posts\/18321","targetHints":{"allow":["GET"]}}],"collection":[{"href":"https:\/\/sindaopcpb.org.br\/index.php\/wp-json\/wp\/v2\/posts"}],"about":[{"href":"https:\/\/sindaopcpb.org.br\/index.php\/wp-json\/wp\/v2\/types\/post"}],"author":[{"embeddable":true,"href":"https:\/\/sindaopcpb.org.br\/index.php\/wp-json\/wp\/v2\/users\/44"}],"replies":[{"embeddable":true,"href":"https:\/\/sindaopcpb.org.br\/index.php\/wp-json\/wp\/v2\/comments?post=18321"}],"version-history":[{"count":1,"href":"https:\/\/sindaopcpb.org.br\/index.php\/wp-json\/wp\/v2\/posts\/18321\/revisions"}],"predecessor-version":[{"id":18322,"href":"https:\/\/sindaopcpb.org.br\/index.php\/wp-json\/wp\/v2\/posts\/18321\/revisions\/18322"}],"wp:attachment":[{"href":"https:\/\/sindaopcpb.org.br\/index.php\/wp-json\/wp\/v2\/media?parent=18321"}],"wp:term":[{"taxonomy":"category","embeddable":true,"href":"https:\/\/sindaopcpb.org.br\/index.php\/wp-json\/wp\/v2\/categories?post=18321"},{"taxonomy":"post_tag","embeddable":true,"href":"https:\/\/sindaopcpb.org.br\/index.php\/wp-json\/wp\/v2\/tags?post=18321"}],"curies":[{"name":"wp","href":"https:\/\/api.w.org\/{rel}","templated":true}]}}