{"id":18299,"date":"2023-05-26T15:26:23","date_gmt":"2023-05-26T18:26:23","guid":{"rendered":"https:\/\/www.infomoney.com.br\/?p=2145211"},"modified":"2023-05-26T15:26:23","modified_gmt":"2023-05-26T18:26:23","slug":"senadores-vao-ao-stf-para-suspender-trechos-de-mp-que-afrouxam-combate-ao-desmatamento","status":"publish","type":"post","link":"https:\/\/sindaopcpb.org.br\/index.php\/2023\/05\/26\/senadores-vao-ao-stf-para-suspender-trechos-de-mp-que-afrouxam-combate-ao-desmatamento\/","title":{"rendered":"Senadores v\u00e3o ao STF para suspender trechos de MP que afrouxam combate ao desmatamento"},"content":{"rendered":"<p><img loading=\"lazy\" width=\"300\" height=\"200\" src=\"https:\/\/www.infomoney.com.br\/wp-content\/uploads\/2022\/11\/Alessandro_Vieira.jpg?fit=300%2C200&amp;quality=70&amp;strip=all\" class=\"attachment-medium size-medium wp-post-image\" alt=\"\" decoding=\"async\" style=\"float:right; margin:0 0 10px 10px;\" srcset=\"https:\/\/www.infomoney.com.br\/wp-content\/uploads\/2022\/11\/Alessandro_Vieira.jpg?w=799&amp;quality=70&amp;strip=all 799w, https:\/\/www.infomoney.com.br\/wp-content\/uploads\/2022\/11\/Alessandro_Vieira.jpg?w=300&amp;quality=70&amp;strip=all 300w, https:\/\/www.infomoney.com.br\/wp-content\/uploads\/2022\/11\/Alessandro_Vieira.jpg?w=768&amp;quality=70&amp;strip=all 768w, https:\/\/www.infomoney.com.br\/wp-content\/uploads\/2022\/11\/Alessandro_Vieira.jpg?w=150&amp;quality=70&amp;strip=all 150w\" sizes=\"auto, (max-width: 300px) 100vw, 300px\" data-attachment-id=\"1988513\" data-permalink=\"https:\/\/www.infomoney.com.br\/politica\/pec-alternativa-preve-r-70-bilhoes-fora-do-teto-de-gastos-para-custear-bolsa-familia\/attachment\/alessandro_vieira\/\" data-orig-file=\"https:\/\/www.infomoney.com.br\/wp-content\/uploads\/2022\/11\/Alessandro_Vieira.jpg?fit=799%2C533&amp;quality=70&amp;strip=all\" data-orig-size=\"799,533\" data-comments-opened=\"0\" data-image-meta=\"{&quot;aperture&quot;:&quot;0&quot;,&quot;credit&quot;:&quot;Jefferson Rudy\\\/Ag\\u00eancia Senado&quot;,&quot;camera&quot;:&quot;&quot;,&quot;caption&quot;:&quot;&quot;,&quot;created_timestamp&quot;:&quot;0&quot;,&quot;copyright&quot;:&quot;Senado Federal do Brasil&quot;,&quot;focal_length&quot;:&quot;0&quot;,&quot;iso&quot;:&quot;0&quot;,&quot;shutter_speed&quot;:&quot;0&quot;,&quot;title&quot;:&quot;&quot;,&quot;orientation&quot;:&quot;0&quot;}\" data-image-title=\"Alessandro Vieira\" data-image-description=\"\" data-image-caption=\"&lt;p&gt;O senador Alessandro Vieira (PSDB-SE) discursa durante sess\u00e3o no plen\u00e1rio do Senado Federal (Foto: Jefferson Rudy\/Ag\u00eancia Senado)&lt;\/p&gt;\n\" data-medium-file=\"https:\/\/www.infomoney.com.br\/wp-content\/uploads\/2022\/11\/Alessandro_Vieira.jpg?fit=300%2C200&amp;quality=70&amp;strip=all\" data-large-file=\"https:\/\/www.infomoney.com.br\/wp-content\/uploads\/2022\/11\/Alessandro_Vieira.jpg?fit=799%2C533&amp;quality=70&amp;strip=all\" title=\"\"><\/p>\n<p>Um grupo de senadores ingressou no Supremo Tribunal Federal (STF), nesta sexta-feira (26), com mandado de seguran\u00e7a para suspender trechos da vers\u00e3o aprovada pelo Congresso Nacional para a medida provis\u00f3ria que trata da prote\u00e7\u00e3o dos prazos para ades\u00e3o a programas de regulariza\u00e7\u00e3o ambiental (MPV 1.15o\/2020).<\/p>\n<p>Tais dispositivos d\u00e3o nova reda\u00e7\u00e3o a pontos da legisla\u00e7\u00e3o ambiental, como a prote\u00e7\u00e3o da Mata Atl\u00e2ntica. Os senadores alegam que tais mudan\u00e7as tornam mais fr\u00e1geis as regras contra o desmatamento.<\/p>\n<p>Os trechos foram inseridos no texto-base durante aprecia\u00e7\u00e3o da mat\u00e9ria na C\u00e2mara dos Deputados, mas posteriormente retirados durante tramita\u00e7\u00e3o no Senado Federal pelo entendimento de que eles eram estranhos ao assunto central da medida provis\u00f3ria \u2212 o que \u00e9 conhecido no jarg\u00e3o como &#8220;jabuti&#8221;.<\/p>\n<p>Como houve modifica\u00e7\u00e3o de m\u00e9rito no texto pelos senadores, ele voltou \u00e0 C\u00e2mara, que reinseriu os trechos a partir de uma interpreta\u00e7\u00e3o do relator, o deputado S\u00e9rgio Souza (MDB-PR), que considerou como emendas supressivas (portanto, pass\u00edveis de an\u00e1lise dos deputados) as impugna\u00e7\u00f5es dos senadores e as rejeitou.<\/p>\n<p>Diferentemente da impugna\u00e7\u00e3o de dispositivos estranhos ao tema central do texto, emendas supressivas s\u00e3o mecanismos utilizados pelas bancadas para retirarem parte do trecho de uma medida provis\u00f3ria ou projeto de lei que est\u00e1 sendo analisado por qualquer uma das casas legislativas.<\/p>\n<p>A a\u00e7\u00e3o na Justi\u00e7a \u00e9 liderada pelo senador Alessandro Vieira (Cidadania-SE) e tamb\u00e9m leva as assinaturas dos senadores Eliziane Gama (PSD-MA), Jorge Kajuru (PSB-GO) e Otto Alencar (PSD-BA). A peti\u00e7\u00e3o indica poss\u00edveis atropelos a regras regimentais e constitucionais por parte do relator da mat\u00e9ria, deputado S\u00e9rgio Souza (MDB-PR), e pelo presidente da C\u00e2mara, deputado Arthur Lira (PP-AL).<\/p>\n<p>O texto da MPV 1.150\/2022, aprovado na C\u00e2mara esta semana, muda a Lei da Mata Atl\u00e2ntica para permitir o desmatamento quando da implementa\u00e7\u00e3o de linhas de transmiss\u00e3o de energia, de gasodutos e de sistemas de abastecimento de \u00e1gua sem necessidade de estudo pr\u00e9vio de impacto ambiental ou compensa\u00e7\u00f5es.<\/p>\n<p>A medida provis\u00f3ria tamb\u00e9m prev\u00ea que a vegeta\u00e7\u00e3o secund\u00e1ria em estado m\u00e9dio poder\u00e1 ser derrubada para fins de utilidade p\u00fablica, mesmo quando houver alternativa t\u00e9cnica de outro local para o empreendimento, assim como dispensa a anu\u00eancia pr\u00e9via de \u00f3rg\u00e3o ambiental estadual, ficando a autoriza\u00e7\u00e3o a cargo de \u00f3rg\u00e3o municipal para o corte de vegeta\u00e7\u00e3o em estado m\u00e9dio de regenera\u00e7\u00e3o em \u00e1rea urbana.<\/p>\n<p>Na peti\u00e7\u00e3o, os senadores reivindicam que sejam suspensos os trechos impugnados pelo Senado, que trazem sugest\u00f5es de altera\u00e7\u00f5es na Lei 12.651\/2012, que estabelece par\u00e2metros de prote\u00e7\u00e3o para a vegeta\u00e7\u00e3o nativa, e tamb\u00e9m na Lei 11.428\/2006, sobre a prote\u00e7\u00e3o da Mata Atl\u00e2ntica. Na vis\u00e3o dos senadores, tais mudan\u00e7as flexibilizariam a legisla\u00e7\u00e3o ambiental, alterando as regras para o desmatamento.<\/p>\n<p>&#8220;Ora, cotejando-se referidos dispositivos com a ess\u00eancia da MP n\u00ba 1.150\/22, n\u00e3o restam d\u00favidas de que s\u00e3o elementos absolutamente destoantes do objetivo de prote\u00e7\u00e3o da vegeta\u00e7\u00e3o nativa, enunciado pela pr\u00f3pria medida provis\u00f3ria. Ao contr\u00e1rio, representam um grave afrouxamento no combate ao desmatamento na Mata Atl\u00e2ntica&#8221;, defendem.<\/p>\n<p>Diante de tais fatos, os senadores tamb\u00e9m pedem que seja confirmada pelo STF a ilegalidade deste tipo de manobra realizada pela C\u00e2mara dos Deputados, e que a Procuradoria-Geral da Rep\u00fablica se manifeste em at\u00e9 dez dias.<\/p>\n<p>The post <a rel=\"nofollow noopener\" href=\"https:\/\/www.infomoney.com.br\/politica\/senadores-vao-ao-stf-para-suspender-trechos-de-mp-que-afrouxam-combate-ao-desmatamento\/\" target=\"_blank\">Senadores v\u00e3o ao STF para suspender trechos de MP que afrouxam combate ao desmatamento<\/a> appeared first on <a rel=\"nofollow noopener\" href=\"https:\/\/www.infomoney.com.br\/\" target=\"_blank\">InfoMoney<\/a>.<\/p>\n","protected":false},"excerpt":{"rendered":"<p><img loading=\"lazy\" decoding=\"async\" width=\"300\" height=\"200\" src=\"https:\/\/www.infomoney.com.br\/wp-content\/uploads\/2022\/11\/Alessandro_Vieira.jpg?fit=300%2C200&amp;quality=70&amp;strip=all\" class=\"attachment-medium size-medium wp-post-image\" alt=\"\" data-attachment-id=\"1988513\" data-permalink=\"https:\/\/www.infomoney.com.br\/politica\/pec-alternativa-preve-r-70-bilhoes-fora-do-teto-de-gastos-para-custear-bolsa-familia\/attachment\/alessandro_vieira\/\" data-orig-file=\"https:\/\/www.infomoney.com.br\/wp-content\/uploads\/2022\/11\/Alessandro_Vieira.jpg?fit=799%2C533&amp;quality=70&amp;strip=all\" data-orig-size=\"799,533\" data-comments-opened=\"0\" data-image-meta='{\"aperture\":\"0\",\"credit\":\"Jefferson Rudy\\\/Ag\\u00eancia Senado\",\"camera\":\"\",\"caption\":\"\",\"created_timestamp\":\"0\",\"copyright\":\"Senado Federal do Brasil\",\"focal_length\":\"0\",\"iso\":\"0\",\"shutter_speed\":\"0\",\"title\":\"\",\"orientation\":\"0\"}' data-image-title=\"Alessandro Vieira\" data-image-description=\"\" data-image-caption=\"&lt;p&gt;O senador Alessandro Vieira (PSDB-SE) discursa durante sess\u00e3o no plen\u00e1rio do Senado Federal (Foto: Jefferson Rudy\/Ag\u00eancia Senado)&lt;\/p&gt;\n\" data-medium-file=\"https:\/\/www.infomoney.com.br\/wp-content\/uploads\/2022\/11\/Alessandro_Vieira.jpg?fit=300%2C200&amp;quality=70&amp;strip=all\" data-large-file=\"https:\/\/www.infomoney.com.br\/wp-content\/uploads\/2022\/11\/Alessandro_Vieira.jpg?fit=799%2C533&amp;quality=70&amp;strip=all\">Relator do texto na C\u00e2mara devolveu ao texto trechos considerados como estranhos ao tema pelo Senado<\/p>\n<p>The post <a rel=\"nofollow\" href=\"https:\/\/www.infomoney.com.br\/politica\/senadores-vao-ao-stf-para-suspender-trechos-de-mp-que-afrouxam-combate-ao-desmatamento\/\">Senadores v\u00e3o ao STF para suspender trechos de MP que afrouxam combate ao desmatamento<\/a> appeared first on <a rel=\"nofollow\" href=\"https:\/\/www.infomoney.com.br\/\">InfoMoney<\/a>.<\/p>\n","protected":false},"author":47,"featured_media":0,"comment_status":"closed","ping_status":"closed","sticky":false,"template":"","format":"standard","meta":{"advgb_blocks_editor_width":"","advgb_blocks_columns_visual_guide":"","footnotes":""},"categories":[359,34,47,403],"tags":[35],"class_list":["post-18299","post","type-post","status-publish","format-standard","hentry","category-congresso-nacional","category-g1","category-politica","category-senado","tag-g1"],"author_meta":{"display_name":"luispereira","author_link":"https:\/\/sindaopcpb.org.br\/author\/luispereira\/"},"featured_img":null,"coauthors":[],"tax_additional":{"categories":{"linked":["<a href=\"https:\/\/sindaopcpb.org.br\/congresso-nacional\/\" class=\"advgb-post-tax-term\">Congresso Nacional<\/a>","<a href=\"https:\/\/sindaopcpb.org.br\/g1\/\" class=\"advgb-post-tax-term\">G1<\/a>","<a href=\"https:\/\/sindaopcpb.org.br\/politica\/\" class=\"advgb-post-tax-term\">POLITICA<\/a>","<a href=\"https:\/\/sindaopcpb.org.br\/senado\/\" class=\"advgb-post-tax-term\">Senado<\/a>"],"unlinked":["<span class=\"advgb-post-tax-term\">Congresso Nacional<\/span>","<span class=\"advgb-post-tax-term\">G1<\/span>","<span class=\"advgb-post-tax-term\">POLITICA<\/span>","<span class=\"advgb-post-tax-term\">Senado<\/span>"]},"tags":{"linked":["<a href=\"https:\/\/sindaopcpb.org.br\/senado\/\" class=\"advgb-post-tax-term\">g1<\/a>"],"unlinked":["<span class=\"advgb-post-tax-term\">g1<\/span>"]}},"comment_count":"0","relative_dates":{"created":"Publicado 3 anos atr\u00e1s","modified":"Atualizado 3 anos atr\u00e1s"},"absolute_dates":{"created":"Publicado em 26 de maio de 2023","modified":"Atualizado em 26 de maio de 2023"},"absolute_dates_time":{"created":"Publicado em 26 de maio de 2023 15:26","modified":"Atualizado em 26 de maio de 2023 15:26"},"featured_img_caption":"","series_order":"","_links":{"self":[{"href":"https:\/\/sindaopcpb.org.br\/index.php\/wp-json\/wp\/v2\/posts\/18299","targetHints":{"allow":["GET"]}}],"collection":[{"href":"https:\/\/sindaopcpb.org.br\/index.php\/wp-json\/wp\/v2\/posts"}],"about":[{"href":"https:\/\/sindaopcpb.org.br\/index.php\/wp-json\/wp\/v2\/types\/post"}],"author":[{"embeddable":true,"href":"https:\/\/sindaopcpb.org.br\/index.php\/wp-json\/wp\/v2\/users\/47"}],"replies":[{"embeddable":true,"href":"https:\/\/sindaopcpb.org.br\/index.php\/wp-json\/wp\/v2\/comments?post=18299"}],"version-history":[{"count":1,"href":"https:\/\/sindaopcpb.org.br\/index.php\/wp-json\/wp\/v2\/posts\/18299\/revisions"}],"predecessor-version":[{"id":18300,"href":"https:\/\/sindaopcpb.org.br\/index.php\/wp-json\/wp\/v2\/posts\/18299\/revisions\/18300"}],"wp:attachment":[{"href":"https:\/\/sindaopcpb.org.br\/index.php\/wp-json\/wp\/v2\/media?parent=18299"}],"wp:term":[{"taxonomy":"category","embeddable":true,"href":"https:\/\/sindaopcpb.org.br\/index.php\/wp-json\/wp\/v2\/categories?post=18299"},{"taxonomy":"post_tag","embeddable":true,"href":"https:\/\/sindaopcpb.org.br\/index.php\/wp-json\/wp\/v2\/tags?post=18299"}],"curies":[{"name":"wp","href":"https:\/\/api.w.org\/{rel}","templated":true}]}}