{"id":18257,"date":"2023-05-26T11:51:18","date_gmt":"2023-05-26T14:51:18","guid":{"rendered":"https:\/\/g1.globo.com\/pb\/paraiba\/noticia\/2023\/05\/26\/pais-de-patricia-roberta-se-emocionam-apos-condenacao-de-acusado-a-justica-pela-minha-filha-foi-feita.ghtml"},"modified":"2023-05-26T11:51:18","modified_gmt":"2023-05-26T14:51:18","slug":"pais-de-patricia-roberta-se-emocionam-apos-condenacao-de-acusado-a-justica-pela-minha-filha-foi-feita","status":"publish","type":"post","link":"https:\/\/sindaopcpb.org.br\/index.php\/2023\/05\/26\/pais-de-patricia-roberta-se-emocionam-apos-condenacao-de-acusado-a-justica-pela-minha-filha-foi-feita\/","title":{"rendered":"Pais de Patr\u00edcia Roberta se emocionam ap\u00f3s condena\u00e7\u00e3o de acusado: &#8216;a Justi\u00e7a pela minha filha foi feita&#8217;"},"content":{"rendered":"   <img src=\"https:\/\/s2.glbimg.com\/F8E1nlYqRbfwUFW3lJjnsVvBk4A=\/i.s3.glbimg.com\/v1\/AUTH_59edd422c0c84a879bd37670ae4f538a\/internal_photos\/bs\/2023\/c\/2\/jnETluTt2vUATuiNWW5w\/whatsapp-image-2023-04-27-at-13.58.34.jpeg\" \/><br \/>     Julgamento que definiu condena\u00e7\u00e3o de Jonathan Henrique, acusado de matar Patr\u00edcia Roberta, a mais de 21 anos de pris\u00e3o, aconteceu na quinta-feira (25) em Jo\u00e3o Pessoa. Jovem foi morta em abril de 2021. Patr\u00edcia Roberta, jovem assassinada em Jo\u00e3o Pessoa\nReprodu\u00e7\u00e3o \/ TV Asa Branca \nOs pais de Patr\u00edcia Roberta, assassinada em abril de 2021 em Jo\u00e3o Pessoa, afirmaram que \"a Justi\u00e7a foi feita\" pela jovem, ap\u00f3s o julgamento que definiu a condena\u00e7\u00e3o do acusado pelo crime, nesta quinta-feira (25). Jonathan Henrique, acusado de matar a jovem e ocultar seu cad\u00e1ver, foi condenado a 21 anos e dois meses de pris\u00e3o.\nCompartilhe no WhatsApp\nCompartilhe no Telegram \nPaulo Roberto, pai da v\u00edtima, agradeceu a Justi\u00e7a ap\u00f3s o resultado. Depois da condena\u00e7\u00e3o de Jonathan, o pai de Patr\u00edcia Roberta afirmou que \u00e9 momento da fam\u00edlia da jovem \"colocar a vida em dia\".\n\"Temos s\u00f3 o que agradecer, agradecer porque a justi\u00e7a pela minha filha foi feita. Agora \u00e9 uma nova caminhada, \u00e9 hora de colocar a vida e a cabe\u00e7a em dia, porque eu sei que ele (Jonathan) n\u00e3o vai estar fora (em liberdade) para ofender mais filha de cidad\u00e3o nenhum\", afirmou Paulo Roberto, pai de Patr\u00edcia Roberta. \nProtesto na \u00e1rea externa do 2\u00ba Tribunal do j\u00fari, em Jo\u00e3o Pessoa, pedindo justi\u00e7a por Patr\u00edcia Roberta.\nFoto: Luana Silva\/g1 PB\nA m\u00e3e da jovem assassinada, Vera L\u00facia, tamb\u00e9m afirmou que a justi\u00e7a foi feita, e agradeceu a todas as pessoas que apoiaram a fam\u00edlia durante os mais de dois anos em que eles aguardaram o julgamento.\n\"A gente estava esperando esse resultado e estamos aqui para agradecer a popula\u00e7\u00e3o e a todos os envolvidos. Justi\u00e7a a gente veio buscar e Justi\u00e7a foi feita por Patr\u00edcia Roberta, para que ele (Jonathan) passe um bom tempo trancado, para n\u00e3o fazer mais fam\u00edlias passarem o que a gente est\u00e1 passando\", disse Vera L\u00facia, m\u00e3e de Patr\u00edcia Roberta.\nO julgamento\nSeis testemunhas foram ouvidas na audi\u00eancia, todas de acusa\u00e7\u00e3o. Na sequ\u00eancia foi a vez de Jonathan depor, por\u00e9m, a defesa dele pediu direito parcial ao sil\u00eancio, sendo assim, o acusado respondeu apenas perguntas da pr\u00f3pria defesa.\nA senten\u00e7a foi lida no final da noite, ap\u00f3s mais de 14 horas de julgamento. Jonathan vai responder a 20 anos de pris\u00e3o pelo homic\u00eddio triplamente qualificado de Patr\u00edcia Roberta, e mais um ano e dois meses pela oculta\u00e7\u00e3o de cad\u00e1ver.\nJonathan Henrique, acusado de matar Patr\u00edcia Roberta e ocultar seu cad\u00e1ver, faz uso ao direito ao sil\u00eancio em j\u00fari popular. \nLuana Silva\/g1 PB\nAcusado confessa morte e oculta\u00e7\u00e3o de cad\u00e1ver\nDurante a audi\u00eancia nesta quinta-feira (25), Jonathan respondeu apenas perguntas da pr\u00f3pria defesa. Em sua vers\u00e3o, Jonathan alegou que a morte de Patr\u00edcia aconteceu durante uma rela\u00e7\u00e3o sexual. Ele disse que fez uso da asfixiofilia, pr\u00e1tica sexual que envolve asfixia . \u201cEu n\u00e3o sei o que aconteceu, acho que eu ainda n\u00e3o estava em estado normal, porque aconteceu essa trag\u00e9dia\u201d, afirmou no interrogat\u00f3rio.\nEle tamb\u00e9m acrescentou que entrou em p\u00e2nico quando a ex-namorada, que estava gr\u00e1vida do filho dele na \u00e9poca, e a ex-sogra chegaram no local. Ele contou que colocou o corpo em outro quarto para escond\u00ea-lo.\nEle tamb\u00e9m contou como teria sido o fim de semana antes de matar a jovem. Ele afirmou que Patr\u00edcia chegou na sexta \u00e0 noite. Eles beberam, dormiram. No s\u00e1bado, ele foi consertar a moto e ela ficou no apartamento dele. \u00c0 noite do s\u00e1bado foram para uma festa no bairro Valentina de Figueiredo. Ele disse que consumiu v\u00e1rias drogas. Voltaram da festa e dormiram. A morte foi no domingo.\nNo entanto, o promotor Dem\u00e9trius Castor afirmou que a vers\u00e3o da ida de Jonathan para a festa com Patr\u00edcia era mentirosa. Ele afirmou que uma amiga do acusado disse em depoimento que ele foi para o apartamento dela, enquanto Patr\u00edcia ficou trancada. Disse ainda que tem imagens que mostram ele saindo do apartamento da amiga na manh\u00e3 do domingo.\nJonathan Henrique, acusado de matar Patr\u00edcia Roberta\nReprodu\u00e7\u00e3o \/ TV Cabo Branco\nRelembre o caso\nNo dia 27 de abril de 2021, o corpo de Patr\u00edcia Roberta, de 22 anos, foi encontrada com os p\u00e9s amarrados e envolto em um saco, em uma regi\u00e3o de mata no bairro do Novo Geisel, em Jo\u00e3o Pessoa. De acordo com o laudo da causa da morte, a v\u00edtima foi morta por asfixia ou por esganadura.\nPatr\u00edcia Roberta, natural de Caruaru, em Pernambuco, havia viajado a Jo\u00e3o Pessoa para visitar o amigo Jonathan Henrique, chegando na cidade em 23 de abril. O acusado combinou de buscar a v\u00edtima, mas acabou n\u00e3o indo e disponibilizou um carro por aplicativo para lev\u00e1-la at\u00e9 sua casa.\nNo s\u00e1bado, 24 de abril de 2021, Jonathan deixou Patr\u00edcia trancada em seu apartamento, dizendo que precisava resolver uma \"situa\u00e7\u00e3o\". Conversando com a m\u00e3e por chamada de v\u00eddeo, Patr\u00edcia disse que estava triste porque tinham combinado de passear.\nAinda de acordo com a troca de mensagens com a m\u00e3e, Patr\u00edcia relata que Jonathan s\u00f3 chegou no domingo, dia 25, e avisou que ambos voltariam juntos para Caruaru. Depois disso, Vera L\u00facia, m\u00e3e de Patr\u00edcia, n\u00e3o conseguiu mais falar com a filha.\nJ\u00e1 na segunda-feira, 26 de abril, a fam\u00edlia veio para Jo\u00e3o Pessoa e registraram o desaparecimento da jovem. As pol\u00edcias Civil e Militar iniciaram as buscas pela v\u00edtima.\nOs policiais foram at\u00e9 Gramame, onde Jonathan morava. Na madrugada de ter\u00e7a-feira (27), uma testemunha relatou que viu o acusado sair com o que depois seria o corpo de Patr\u00edcia enrolado em um tapete. Com isso, a pol\u00edcia iniciou as buscas pelo acusado e pelo poss\u00edvel corpo de Patr\u00edcia.\nNo dia seguinte, o corpo da jovem foi encontrado em uma regi\u00e3o de mata, no bairro do Novo Geisel, perto de onde Jonathan morava. Jonathan foi preso na casa de um amigo, no bairro de Mangabeira II, onde tamb\u00e9m foi encontrada a moto que teria sido usada para transportar o corpo da jovem at\u00e9 o local onde foi encontrado.\nJonathan foi apontado pelo Minist\u00e9rio P\u00fablico sendo o autor do homic\u00eddio qualificado praticado contra a v\u00edtima, sendo a causa da sua morte asfixia por esganadura ou estrangulamento, com o uso de meios que incapacitaram a defesa de Patr\u00edcia.\nAcusado de matar Patr\u00edcia Roberta \u00e9 condenado a mais de 20 anos de pris\u00e3o\nV\u00eddeos mais assistidos do g1 Para\u00edba  ","protected":false},"excerpt":{"rendered":"<p>        Julgamento que definiu condena\u00e7\u00e3o de Jonathan Henrique, acusado de matar Patr\u00edcia Roberta, a mais de 21 anos de pris\u00e3o, aconteceu na quinta-feira (25) em Jo\u00e3o Pessoa. Jovem foi morta em abril de 2021. Patr\u00edcia Roberta, jovem assassinada em Jo\u00e3o&#8230;<\/p>\n","protected":false},"author":2,"featured_media":0,"comment_status":"closed","ping_status":"closed","sticky":false,"template":"","format":"standard","meta":{"advgb_blocks_editor_width":"","advgb_blocks_columns_visual_guide":"","footnotes":""},"categories":[34],"tags":[35],"class_list":["post-18257","post","type-post","status-publish","format-standard","hentry","category-g1","tag-g1"],"author_meta":{"display_name":"g1 &gt; Para\u00edba","author_link":"https:\/\/sindaopcpb.org.br\/author\/g1-paraiba\/"},"featured_img":null,"coauthors":[],"tax_additional":{"categories":{"linked":["<a href=\"https:\/\/sindaopcpb.org.br\/g1\/\" class=\"advgb-post-tax-term\">G1<\/a>"],"unlinked":["<span class=\"advgb-post-tax-term\">G1<\/span>"]},"tags":{"linked":["<a href=\"https:\/\/sindaopcpb.org.br\/g1\/\" class=\"advgb-post-tax-term\">g1<\/a>"],"unlinked":["<span class=\"advgb-post-tax-term\">g1<\/span>"]}},"comment_count":"0","relative_dates":{"created":"Publicado 3 anos atr\u00e1s","modified":"Atualizado 3 anos atr\u00e1s"},"absolute_dates":{"created":"Publicado em 26 de maio de 2023","modified":"Atualizado em 26 de maio de 2023"},"absolute_dates_time":{"created":"Publicado em 26 de maio de 2023 11:51","modified":"Atualizado em 26 de maio de 2023 11:51"},"featured_img_caption":"","series_order":"","_links":{"self":[{"href":"https:\/\/sindaopcpb.org.br\/index.php\/wp-json\/wp\/v2\/posts\/18257","targetHints":{"allow":["GET"]}}],"collection":[{"href":"https:\/\/sindaopcpb.org.br\/index.php\/wp-json\/wp\/v2\/posts"}],"about":[{"href":"https:\/\/sindaopcpb.org.br\/index.php\/wp-json\/wp\/v2\/types\/post"}],"author":[{"embeddable":true,"href":"https:\/\/sindaopcpb.org.br\/index.php\/wp-json\/wp\/v2\/users\/2"}],"replies":[{"embeddable":true,"href":"https:\/\/sindaopcpb.org.br\/index.php\/wp-json\/wp\/v2\/comments?post=18257"}],"version-history":[{"count":1,"href":"https:\/\/sindaopcpb.org.br\/index.php\/wp-json\/wp\/v2\/posts\/18257\/revisions"}],"predecessor-version":[{"id":18258,"href":"https:\/\/sindaopcpb.org.br\/index.php\/wp-json\/wp\/v2\/posts\/18257\/revisions\/18258"}],"wp:attachment":[{"href":"https:\/\/sindaopcpb.org.br\/index.php\/wp-json\/wp\/v2\/media?parent=18257"}],"wp:term":[{"taxonomy":"category","embeddable":true,"href":"https:\/\/sindaopcpb.org.br\/index.php\/wp-json\/wp\/v2\/categories?post=18257"},{"taxonomy":"post_tag","embeddable":true,"href":"https:\/\/sindaopcpb.org.br\/index.php\/wp-json\/wp\/v2\/tags?post=18257"}],"curies":[{"name":"wp","href":"https:\/\/api.w.org\/{rel}","templated":true}]}}