{"id":18241,"date":"2023-05-26T10:00:00","date_gmt":"2023-05-26T13:00:00","guid":{"rendered":"https:\/\/www.infomoney.com.br\/?p=2144626"},"modified":"2023-05-26T10:00:00","modified_gmt":"2023-05-26T13:00:00","slug":"na-fiesp-lula-pede-a-pacheco-que-apresse-votacoes-trem-esta-apitando","status":"publish","type":"post","link":"https:\/\/sindaopcpb.org.br\/index.php\/2023\/05\/26\/na-fiesp-lula-pede-a-pacheco-que-apresse-votacoes-trem-esta-apitando\/","title":{"rendered":"Na Fiesp, Lula pede a Pacheco que apresse vota\u00e7\u00f5es: \u2018Trem est\u00e1 apitando\u2019"},"content":{"rendered":"<p><img loading=\"lazy\" width=\"300\" height=\"196\" src=\"https:\/\/www.infomoney.com.br\/wp-content\/uploads\/2023\/01\/Lula2-e1678293699367.jpg?fit=300%2C196&amp;quality=70&amp;strip=all\" class=\"attachment-medium size-medium wp-post-image\" alt=\"\" decoding=\"async\" style=\"float:right; margin:0 0 10px 10px;\" srcset=\"https:\/\/www.infomoney.com.br\/wp-content\/uploads\/2023\/01\/Lula2-e1678293699367.jpg?w=671&amp;quality=70&amp;strip=all 671w, https:\/\/www.infomoney.com.br\/wp-content\/uploads\/2023\/01\/Lula2-e1678293699367.jpg?w=300&amp;quality=70&amp;strip=all 300w, https:\/\/www.infomoney.com.br\/wp-content\/uploads\/2023\/01\/Lula2-e1678293699367.jpg?w=150&amp;quality=70&amp;strip=all 150w\" sizes=\"auto, (max-width: 300px) 100vw, 300px\" data-attachment-id=\"2035366\" data-permalink=\"https:\/\/www.infomoney.com.br\/politica\/lula-diz-que-teve-impressao-de-que-atos-de-8-de-janeiro-eram-o-comeco-de-um-golpe-e-sugere-que-bolsonaro-sabia\/attachment\/lula2-2\/\" data-orig-file=\"https:\/\/www.infomoney.com.br\/wp-content\/uploads\/2023\/01\/Lula2-e1678293699367.jpg?fit=671%2C439&amp;quality=70&amp;strip=all\" data-orig-size=\"671,439\" data-comments-opened=\"0\" data-image-meta=\"{&quot;aperture&quot;:&quot;0&quot;,&quot;credit&quot;:&quot;&quot;,&quot;camera&quot;:&quot;&quot;,&quot;caption&quot;:&quot;&quot;,&quot;created_timestamp&quot;:&quot;0&quot;,&quot;copyright&quot;:&quot;&quot;,&quot;focal_length&quot;:&quot;0&quot;,&quot;iso&quot;:&quot;0&quot;,&quot;shutter_speed&quot;:&quot;0&quot;,&quot;title&quot;:&quot;&quot;,&quot;orientation&quot;:&quot;0&quot;}\" data-image-title=\"Luiz In\u00e1cio Lula da Silva\" data-image-description=\"\" data-image-caption=\"&lt;p&gt;O presidente Luiz In\u00e1cio Lula da Silva (PT) em primeira reuni\u00e3o ministerial no Pal\u00e1cio do Planalto (Foto: Ricardo Stuckert\/PR)&lt;\/p&gt;\n\" data-medium-file=\"https:\/\/www.infomoney.com.br\/wp-content\/uploads\/2023\/01\/Lula2-e1678293699367.jpg?fit=300%2C196&amp;quality=70&amp;strip=all\" data-large-file=\"https:\/\/www.infomoney.com.br\/wp-content\/uploads\/2023\/01\/Lula2-e1678293699367.jpg?fit=671%2C439&amp;quality=70&amp;strip=all\" title=\"\"><\/p>\n<p>Com a reforma tribut\u00e1ria no topo da lista de reivindica\u00e7\u00f5es do setor, o Dia da Ind\u00fastria, celebrado nesta quinta-feira, (25), terminou com manifesta\u00e7\u00f5es de otimismo do governo sobre mudan\u00e7as no modelo de recolhimento de impostos, considerado anacr\u00f4nico e disfuncional, al\u00e9m de um pedido p\u00fablico do presidente Luiz In\u00e1cio Lula da Silva de pressa na vota\u00e7\u00e3o das mat\u00e9rias encaminhadas ao Legislativo.<\/p>\n<p>O apelo foi feito por Lula ao presidente do Senado, Rodrigo Pacheco, no encerramento de evento na sede da Fiesp que reuniu especialistas, representantes do setor p\u00fablico e empres\u00e1rios para discutir os caminhos da reindustrializa\u00e7\u00e3o do Pa\u00eds. &#8220;O Brasil precisa de tudo. E n\u00f3s voltamos para fazer esse quase tudo. E s\u00f3 temos 1200 dias de governo. Pacheco, por favor, apressa as vota\u00e7\u00f5es porque o trem est\u00e1 apitando&#8221;, declarou o chefe do Executivo ao presidente do Senado.<\/p>\n<p>Antes de Lula, o ministro da Fazenda, Fernando Haddad, j\u00e1 havia considerado o Congresso &#8220;maduro&#8221; para votar a reforma tribut\u00e1ria, e o vice-presidente, Geraldo Alckmin, falou de uma &#8220;constru\u00e7\u00e3o coletiva&#8221; que j\u00e1 permitiu uma vota\u00e7\u00e3o expressiva a favor do arcabou\u00e7o fiscal e deve, agora, atuar na reforma dos impostos que recaem sobre o consumo.<\/p>\n<p>A plateia era formada por empres\u00e1rios da ind\u00fastria, mas Lula aproveitou a oportunidade para aliviar tens\u00f5es com setores do agroneg\u00f3cio. &#8220;A gente quer que a ind\u00fastria cres\u00e7a, mas a gente tamb\u00e9m quer que o agroneg\u00f3cio continue crescendo &#8230; O Brasil precisa cada vez mais ser exportador de gr\u00e3os e de carnes&#8221;, disse Lula, acrescentando que o crescimento do agroneg\u00f3cio n\u00e3o atrapalha a ind\u00fastria, at\u00e9 porque, para ser mais produtivo, o campo precisa investir em m\u00e1quinas e equipamentos.<\/p>\n<p>Primeiro a discursar no encerramento, o presidente da Federa\u00e7\u00e3o das Ind\u00fastrias do Estado de S\u00e3o Paulo (Fiesp), Josu\u00e9 Gomes da Silva, j\u00e1 tinha refor\u00e7ado a urg\u00eancia de aprova\u00e7\u00e3o da reforma tribut\u00e1ria para corrigir as distor\u00e7\u00f5es de um sistema que &#8220;pune a ind\u00fastria e o crescimento nacional&#8221;. A solu\u00e7\u00e3o para desonerar investimentos e exporta\u00e7\u00f5es, defendeu, est\u00e1 na cria\u00e7\u00e3o de um imposto sobre valor agregado, em substitui\u00e7\u00e3o a cinco tributos atuais.<\/p>\n<p>O empres\u00e1rio da ind\u00fastria t\u00eaxtil, herdeiro da Coteminas, distribuiu elogios a Pacheco, a quem parabenizou pelo encontro com empres\u00e1rios na ter\u00e7a-feira que &#8220;deixou todos otimistas&#8221;, ao BNDES, que pela manh\u00e3 lan\u00e7ou linhas de financiamento que demonstram o compromisso do banco de voltar a ser uma institui\u00e7\u00e3o de desenvolvimento e industrializa\u00e7\u00e3o, e ao pr\u00f3prio Lula, pelo artigo, em parceria com Alckmin, sobre neoindustrializa\u00e7\u00e3o publicado hoje pelo <b>Estad\u00e3o<\/b>.<\/p>\n<p>Os ataques do presidente ao Banco Central tamb\u00e9m tiveram resson\u00e2ncia nas declara\u00e7\u00f5es de Josu\u00e9. &#8220;Em 30 anos, o juro real do Brasil sempre esteve acima de seus pares &#8230; Resolvido arcabou\u00e7o fiscal, reforma tribut\u00e1ria e juros, parte do trabalho para recuperar a ind\u00fastria estar\u00e1 feito&#8221;, assinalou o presidente da Fiesp, para quem a reindustrializa\u00e7\u00e3o \u00e9 &#8220;fundamental&#8221; para fortalecer a classe m\u00e9dia e a democracia.<\/p>\n<p>The post <a rel=\"nofollow noopener\" href=\"https:\/\/www.infomoney.com.br\/politica\/na-fiesp-lula-pede-a-pacheco-que-apresse-votacoes-trem-esta-apitando\/\" target=\"_blank\">Na Fiesp, Lula pede a Pacheco que apresse vota\u00e7\u00f5es: &#8216;Trem est\u00e1 apitando&#8217;<\/a> appeared first on <a rel=\"nofollow noopener\" href=\"https:\/\/www.infomoney.com.br\/\" target=\"_blank\">InfoMoney<\/a>.<\/p>\n","protected":false},"excerpt":{"rendered":"<p><img loading=\"lazy\" decoding=\"async\" width=\"300\" height=\"196\" src=\"https:\/\/www.infomoney.com.br\/wp-content\/uploads\/2023\/01\/Lula2-e1678293699367.jpg?fit=300%2C196&amp;quality=70&amp;strip=all\" class=\"attachment-medium size-medium wp-post-image\" alt=\"\" data-attachment-id=\"2035366\" data-permalink=\"https:\/\/www.infomoney.com.br\/politica\/lula-diz-que-teve-impressao-de-que-atos-de-8-de-janeiro-eram-o-comeco-de-um-golpe-e-sugere-que-bolsonaro-sabia\/attachment\/lula2-2\/\" data-orig-file=\"https:\/\/www.infomoney.com.br\/wp-content\/uploads\/2023\/01\/Lula2-e1678293699367.jpg?fit=671%2C439&amp;quality=70&amp;strip=all\" data-orig-size=\"671,439\" data-comments-opened=\"0\" data-image-meta='{\"aperture\":\"0\",\"credit\":\"\",\"camera\":\"\",\"caption\":\"\",\"created_timestamp\":\"0\",\"copyright\":\"\",\"focal_length\":\"0\",\"iso\":\"0\",\"shutter_speed\":\"0\",\"title\":\"\",\"orientation\":\"0\"}' data-image-title=\"Luiz In\u00e1cio Lula da Silva\" data-image-description=\"\" data-image-caption=\"&lt;p&gt;O presidente Luiz In\u00e1cio Lula da Silva (PT) em primeira reuni\u00e3o ministerial no Pal\u00e1cio do Planalto (Foto: Ricardo Stuckert\/PR)&lt;\/p&gt;\n\" data-medium-file=\"https:\/\/www.infomoney.com.br\/wp-content\/uploads\/2023\/01\/Lula2-e1678293699367.jpg?fit=300%2C196&amp;quality=70&amp;strip=all\" data-large-file=\"https:\/\/www.infomoney.com.br\/wp-content\/uploads\/2023\/01\/Lula2-e1678293699367.jpg?fit=671%2C439&amp;quality=70&amp;strip=all\">Reforma tribut\u00e1ria est\u00e1 no topo das prioridades elencadas pelo setor industrial<\/p>\n<p>The post <a rel=\"nofollow\" href=\"https:\/\/www.infomoney.com.br\/politica\/na-fiesp-lula-pede-a-pacheco-que-apresse-votacoes-trem-esta-apitando\/\">Na Fiesp, Lula pede a Pacheco que apresse vota\u00e7\u00f5es: \u2018Trem est\u00e1 apitando\u2019<\/a> appeared first on <a rel=\"nofollow\" href=\"https:\/\/www.infomoney.com.br\/\">InfoMoney<\/a>.<\/p>\n","protected":false},"author":43,"featured_media":0,"comment_status":"closed","ping_status":"closed","sticky":false,"template":"","format":"standard","meta":{"advgb_blocks_editor_width":"","advgb_blocks_columns_visual_guide":"","footnotes":""},"categories":[34,129,47,191,589],"tags":[35],"class_list":["post-18241","post","type-post","status-publish","format-standard","hentry","category-g1","category-luiz-inacio-lula-da-silva","category-politica","category-reforma-tributaria","category-rodrigo-pacheco","tag-g1"],"author_meta":{"display_name":"Estad\u00e3o Conte\u00fado","author_link":"https:\/\/sindaopcpb.org.br\/author\/estadao-conteudo\/"},"featured_img":null,"coauthors":[],"tax_additional":{"categories":{"linked":["<a href=\"https:\/\/sindaopcpb.org.br\/g1\/\" class=\"advgb-post-tax-term\">G1<\/a>","<a href=\"https:\/\/sindaopcpb.org.br\/luiz-inacio-lula-da-silva\/\" class=\"advgb-post-tax-term\">Luiz In\u00e1cio Lula da Silva<\/a>","<a href=\"https:\/\/sindaopcpb.org.br\/politica\/\" class=\"advgb-post-tax-term\">POLITICA<\/a>","<a href=\"https:\/\/sindaopcpb.org.br\/reforma-tributaria\/\" class=\"advgb-post-tax-term\">reforma tribut\u00e1ria<\/a>","<a href=\"https:\/\/sindaopcpb.org.br\/rodrigo-pacheco\/\" class=\"advgb-post-tax-term\">Rodrigo Pacheco<\/a>"],"unlinked":["<span class=\"advgb-post-tax-term\">G1<\/span>","<span class=\"advgb-post-tax-term\">Luiz In\u00e1cio Lula da Silva<\/span>","<span class=\"advgb-post-tax-term\">POLITICA<\/span>","<span class=\"advgb-post-tax-term\">reforma tribut\u00e1ria<\/span>","<span class=\"advgb-post-tax-term\">Rodrigo Pacheco<\/span>"]},"tags":{"linked":["<a href=\"https:\/\/sindaopcpb.org.br\/rodrigo-pacheco\/\" class=\"advgb-post-tax-term\">g1<\/a>"],"unlinked":["<span class=\"advgb-post-tax-term\">g1<\/span>"]}},"comment_count":"0","relative_dates":{"created":"Publicado 3 anos atr\u00e1s","modified":"Atualizado 3 anos atr\u00e1s"},"absolute_dates":{"created":"Publicado em 26 de maio de 2023","modified":"Atualizado em 26 de maio de 2023"},"absolute_dates_time":{"created":"Publicado em 26 de maio de 2023 10:00","modified":"Atualizado em 26 de maio de 2023 10:00"},"featured_img_caption":"","series_order":"","_links":{"self":[{"href":"https:\/\/sindaopcpb.org.br\/index.php\/wp-json\/wp\/v2\/posts\/18241","targetHints":{"allow":["GET"]}}],"collection":[{"href":"https:\/\/sindaopcpb.org.br\/index.php\/wp-json\/wp\/v2\/posts"}],"about":[{"href":"https:\/\/sindaopcpb.org.br\/index.php\/wp-json\/wp\/v2\/types\/post"}],"author":[{"embeddable":true,"href":"https:\/\/sindaopcpb.org.br\/index.php\/wp-json\/wp\/v2\/users\/43"}],"replies":[{"embeddable":true,"href":"https:\/\/sindaopcpb.org.br\/index.php\/wp-json\/wp\/v2\/comments?post=18241"}],"version-history":[{"count":1,"href":"https:\/\/sindaopcpb.org.br\/index.php\/wp-json\/wp\/v2\/posts\/18241\/revisions"}],"predecessor-version":[{"id":18242,"href":"https:\/\/sindaopcpb.org.br\/index.php\/wp-json\/wp\/v2\/posts\/18241\/revisions\/18242"}],"wp:attachment":[{"href":"https:\/\/sindaopcpb.org.br\/index.php\/wp-json\/wp\/v2\/media?parent=18241"}],"wp:term":[{"taxonomy":"category","embeddable":true,"href":"https:\/\/sindaopcpb.org.br\/index.php\/wp-json\/wp\/v2\/categories?post=18241"},{"taxonomy":"post_tag","embeddable":true,"href":"https:\/\/sindaopcpb.org.br\/index.php\/wp-json\/wp\/v2\/tags?post=18241"}],"curies":[{"name":"wp","href":"https:\/\/api.w.org\/{rel}","templated":true}]}}