{"id":18199,"date":"2023-05-26T06:26:19","date_gmt":"2023-05-26T09:26:19","guid":{"rendered":"https:\/\/g1.globo.com\/pb\/paraiba\/noticia\/2023\/05\/26\/programa-mais-medicos-abre-inscricoes-para-mais-de-50-vagas-na-paraiba.ghtml"},"modified":"2023-05-26T06:26:19","modified_gmt":"2023-05-26T09:26:19","slug":"programa-mais-medicos-abre-inscricoes-para-mais-de-50-vagas-na-paraiba","status":"publish","type":"post","link":"https:\/\/sindaopcpb.org.br\/index.php\/2023\/05\/26\/programa-mais-medicos-abre-inscricoes-para-mais-de-50-vagas-na-paraiba\/","title":{"rendered":"Programa Mais M\u00e9dicos abre inscri\u00e7\u00f5es para mais de 50 vagas na Para\u00edba"},"content":{"rendered":"   <img src=\"https:\/\/s2.glbimg.com\/s5tGQjrjtxa9lZZLVa5ghhL7LSg=\/i.s3.glbimg.com\/v1\/AUTH_59edd422c0c84a879bd37670ae4f538a\/internal_photos\/bs\/2023\/F\/A\/PW9kveTVqtzKBTAemctA\/24317910.jpg\" \/><br \/>     Ser\u00e3o 5.970 vagas distribu\u00eddas em 1.994 munic\u00edpios brasileiros. As inscri\u00e7\u00f5es seguem at\u00e9 o dia 31 de maio. Mais M\u00e9dicos Para o Brasil \nAndr\u00e9 \u00c1vila \/ Ag\u00eancia RBS\nCom 53 vagas na Para\u00edba, o Programa Mais M\u00e9dicos abre inscri\u00e7\u00f5es nesta sexta-feira (26). O governo federal lan\u00e7ou nesta segunda-feira (22) o edital do Mais M\u00e9dicos, com 5.970 vagas distribu\u00eddas em 1.994 munic\u00edpios brasileiros. As inscri\u00e7\u00f5es seguem at\u00e9 o dia 31 de maio, no site do Mais M\u00e9dicos.\nA prioridade inicial \u00e9 para a convoca\u00e7\u00e3o de profissionais brasileiros formados no pa\u00eds. Mas m\u00e9dicos formados no exterior, sejam eles nascidos no Brasil ou estrangeiros, tamb\u00e9m ser\u00e3o convocados, mas nas vagas remanescentes.\nDe acordo com o governo, o edital aberto \u00e9 para \"recompor vagas ociosas dos \u00faltimos quatros anos\". Al\u00e9m disso, mil dessas vagas ser\u00e3o para atender a regi\u00e3o da Amaz\u00f4nia.\nCada bolsa-forma\u00e7\u00e3o concedida pelo programa ser\u00e1 no valor de R$ 12.386,50 por 48 meses prorrog\u00e1veis pelo mesmo per\u00edodo.\nA expectativa do governo \u00e9 que a sele\u00e7\u00e3o aconte\u00e7a em junho e no fim do pr\u00f3prio m\u00eas, os profissionais comecem a trabalhar nas regi\u00f5es designadas.\nA sele\u00e7\u00e3o se dar\u00e1 por meio de avalia\u00e7\u00e3o do curr\u00edculo dos candidatos, com pontua\u00e7\u00f5es para cada forma\u00e7\u00e3o a mais ou experi\u00eancia anterior que o m\u00e9dico tenha. Cada candidato poder\u00e1 fazer 90 pontos ao todo.\nO governo quer que at\u00e9 o fim do ano o programa conte com 28 mil m\u00e9dicos atendendo no pa\u00eds.\nEntre as novidades no novo edital, est\u00e3o:\nTempo de contrato (de tr\u00eas para quatro anos)\nPossibilidade de licen\u00e7a maternidade (seis meses) e paternidade (20 dias)\nEspecializa\u00e7\u00e3o em medicina da Fam\u00edlia e Comunidade e a possibilidade de mestrado em Sa\u00fade da Fam\u00edlia\nPrograma Mais M\u00e9dicos\nO Mais M\u00e9dicos foi criado em 2013, durante o governo da ex-presidente Dilma Rousseff. Atualmente, o programa conta com mais de 8 mil m\u00e9dicos.\nO governo estima que \"cerca de 45% das vagas est\u00e3o em regi\u00f5es de vulnerabilidade social\". S\u00f3 neste ano, 117 m\u00e9dicos foram enviados para atuar em Distritos Sanit\u00e1rias Ind\u00edgenas (DSEIS), como o presente no territ\u00f3rio Yanomami.\nRegras de inscri\u00e7\u00e3o\nTer diploma de medicina com habilita\u00e7\u00e3o para exerc\u00edcio da profiss\u00e3o. Para estrangeiros \u00e9 preciso que esteja autorizado a atuar no exterior;\nN\u00e3o possuir pend\u00eancias criminais seja na Justi\u00e7a Federal ou Estadual, nos \u00faltimos seis meses;\nPara os homens brasileiros, estar com a situa\u00e7\u00e3o regular com as obriga\u00e7\u00f5es militares; e\nN\u00e3o possuir pend\u00eancias na Justi\u00e7a Eleitoral.\n\u00c9 vedada a inscri\u00e7\u00e3o:\nde quem participa atualmente do programa;\nde quem participa atualmente do programa M\u00e9dicos pelo Brasil;\nde quem j\u00e1 participou do programa e foi desligado por descumprimento das regras; e\nde quem se desligou do programa a menos de 180 dias.\nV\u00eddeos mais assistidos da Para\u00edba  ","protected":false},"excerpt":{"rendered":"<p>        Ser\u00e3o 5.970 vagas distribu\u00eddas em 1.994 munic\u00edpios brasileiros. As inscri\u00e7\u00f5es seguem at\u00e9 o dia 31 de maio. Mais M\u00e9dicos Para o Brasil<br \/>\nAndr\u00e9 \u00c1vila \/ Ag\u00eancia RBS<br \/>\nCom 53 vagas na Para\u00edba, o Programa Mais M\u00e9dicos abre inscri\u00e7\u00f5es nesta sexta-feira &#8230;<\/p>\n","protected":false},"author":2,"featured_media":0,"comment_status":"closed","ping_status":"closed","sticky":false,"template":"","format":"standard","meta":{"advgb_blocks_editor_width":"","advgb_blocks_columns_visual_guide":"","footnotes":""},"categories":[34],"tags":[35],"class_list":["post-18199","post","type-post","status-publish","format-standard","hentry","category-g1","tag-g1"],"author_meta":{"display_name":"g1 &gt; Para\u00edba","author_link":"https:\/\/sindaopcpb.org.br\/author\/g1-paraiba\/"},"featured_img":null,"coauthors":[],"tax_additional":{"categories":{"linked":["<a href=\"https:\/\/sindaopcpb.org.br\/g1\/\" class=\"advgb-post-tax-term\">G1<\/a>"],"unlinked":["<span class=\"advgb-post-tax-term\">G1<\/span>"]},"tags":{"linked":["<a href=\"https:\/\/sindaopcpb.org.br\/g1\/\" class=\"advgb-post-tax-term\">g1<\/a>"],"unlinked":["<span class=\"advgb-post-tax-term\">g1<\/span>"]}},"comment_count":"0","relative_dates":{"created":"Publicado 3 anos atr\u00e1s","modified":"Atualizado 3 anos atr\u00e1s"},"absolute_dates":{"created":"Publicado em 26 de maio de 2023","modified":"Atualizado em 26 de maio de 2023"},"absolute_dates_time":{"created":"Publicado em 26 de maio de 2023 06:26","modified":"Atualizado em 26 de maio de 2023 06:26"},"featured_img_caption":"","series_order":"","_links":{"self":[{"href":"https:\/\/sindaopcpb.org.br\/index.php\/wp-json\/wp\/v2\/posts\/18199","targetHints":{"allow":["GET"]}}],"collection":[{"href":"https:\/\/sindaopcpb.org.br\/index.php\/wp-json\/wp\/v2\/posts"}],"about":[{"href":"https:\/\/sindaopcpb.org.br\/index.php\/wp-json\/wp\/v2\/types\/post"}],"author":[{"embeddable":true,"href":"https:\/\/sindaopcpb.org.br\/index.php\/wp-json\/wp\/v2\/users\/2"}],"replies":[{"embeddable":true,"href":"https:\/\/sindaopcpb.org.br\/index.php\/wp-json\/wp\/v2\/comments?post=18199"}],"version-history":[{"count":1,"href":"https:\/\/sindaopcpb.org.br\/index.php\/wp-json\/wp\/v2\/posts\/18199\/revisions"}],"predecessor-version":[{"id":18200,"href":"https:\/\/sindaopcpb.org.br\/index.php\/wp-json\/wp\/v2\/posts\/18199\/revisions\/18200"}],"wp:attachment":[{"href":"https:\/\/sindaopcpb.org.br\/index.php\/wp-json\/wp\/v2\/media?parent=18199"}],"wp:term":[{"taxonomy":"category","embeddable":true,"href":"https:\/\/sindaopcpb.org.br\/index.php\/wp-json\/wp\/v2\/categories?post=18199"},{"taxonomy":"post_tag","embeddable":true,"href":"https:\/\/sindaopcpb.org.br\/index.php\/wp-json\/wp\/v2\/tags?post=18199"}],"curies":[{"name":"wp","href":"https:\/\/api.w.org\/{rel}","templated":true}]}}