{"id":18164,"date":"2023-05-25T16:51:07","date_gmt":"2023-05-25T19:51:07","guid":{"rendered":"https:\/\/g1.globo.com\/pb\/paraiba\/noticia\/2023\/05\/25\/caso-patricia-roberta-acusado-depoimento-juri.ghtml"},"modified":"2023-05-25T16:51:07","modified_gmt":"2023-05-25T19:51:07","slug":"caso-patricia-roberta-acusado-confessa-morte-e-ocultacao-do-corpo-da-jovem","status":"publish","type":"post","link":"https:\/\/sindaopcpb.org.br\/index.php\/2023\/05\/25\/caso-patricia-roberta-acusado-confessa-morte-e-ocultacao-do-corpo-da-jovem\/","title":{"rendered":"Caso Patr\u00edcia Roberta: acusado confessa morte e oculta\u00e7\u00e3o do corpo da jovem"},"content":{"rendered":"   <img src=\"https:\/\/s2.glbimg.com\/OVzxglzmOD_r3UQ1dXVx6VCNZ0Q=\/i.s3.glbimg.com\/v1\/AUTH_59edd422c0c84a879bd37670ae4f538a\/internal_photos\/bs\/2023\/A\/o\/u9zpUOQj2RUIucWuCHug\/juri-caso-patricia-roberta.jpeg\" \/><br \/>     Jonathan Henrique escolheu responder apenas as perguntas da pr\u00f3pria defesa. Crime aconteceu em 2021 e corpo da jovem foi encontrado perto de onde o acusado morava. Jonathan Henrique, acusado de matar Patr\u00edcia Roberta e ocultar seu cad\u00e1ver, faz uso ao direito ao sil\u00eancio em j\u00fari popular. \nLuana Silva\/g1 PB\nJonathan Henrique, acusado pelo feminic\u00eddio de Patr\u00edcia Roberta, confessou que matou a jovem. Em depoimento durante j\u00fari popular, nesta quinta-feira (25),  ele admitiu tamb\u00e9m a oculta\u00e7\u00e3o do corpo da v\u00edtima.  \nO julgamento acontece no plen\u00e1rio do 2\u00b0 Tribunal do J\u00fari de Jo\u00e3o Pessoa . O acusado escolheu  responder apenas as perguntas feitas pela pr\u00f3pria defesa.\nDurante a fala, Jonathan alegou que a morte de Patr\u00edcia aconteceu durante uma rela\u00e7\u00e3o sexual. Ele disse que fez uso da asfixiofilia, pr\u00e1tica sexual que envolve asfixia . \u201cEu n\u00e3o sei o que aconteceu, acho que eu ainda n\u00e3o estava em estado normal, porque aconteceu essa trag\u00e9dia\u201d, afirmou no interrogat\u00f3rio.\nEm sua vers\u00e3o, o acusado conta que entrou em p\u00e2nico quando a ex-namorada, que estava gr\u00e1vida do filho dele na \u00e9poca,  e a ex-sogra chegaram no local. Ele conta que colocou o corpo em outro quarto para escond\u00ea-lo. \nEu n\u00e3o sei, eu s\u00f3 movi o corpo de lugar. Tirei do quarto, coloquei no outro quarto. tentei mandar ela [ex namorada] embora, e quando eu consegui, aquilo j\u00e1 estava comigo. S\u00f3 tentei afastar os problemas porque ela tava gr\u00e1vida, tava come\u00e7ando a me estruturar, criar uma nova fam\u00edlia. Normalmente eu n\u00e3o seria capaz de fazer uma coisa dessas, mas foi um ato de desespero.\nJonathan ainda afirmou ter carinho por Patr\u00edcia e que tudo \"estava fluindo naturalmente\" naquele final de semana\". O acusado contou o que teria acontecido antes da morte da v\u00edtima no domingo. Ele afirmou que Patr\u00edcia chegou na sexta \u00e0 noite. Eles beberam, dormiram. No s\u00e1bado, ele foi  consertar a moto e ela ficou no apartamento dele. \u00c0 noite do s\u00e1bado foram para uma festa no Valentina. Ele disse que consumiu v\u00e1rias drogas. Voltaram da festa e dormiram. A morte foi no domingo. \nO promotor Dem\u00e9trius Castor afirmou que a vers\u00e3o da ida de Jonathan para a festa com Patr\u00edcia era mentirosa. Ele afirmou que uma amiga do acusado disse em depoimento que ele foi para o  apartamento dela, enquanto Patr\u00edcia ficou trancada. Disse ainda que tem imagens que mostram ele saindo do apartamento da amiga na manh\u00e3 do domingo. \nJonathan foi apontado pelo Minist\u00e9rio P\u00fablico sendo o autor do homic\u00eddio qualificado praticado contra a v\u00edtima, sendo a causa da sua morte asfixia por esganadura ou estrangulamento, com o uso de meios que incapacitaram a defesa de Patr\u00edcia.\nDo lado externo do pr\u00e9dio do 2\u00b0 Tribunal do J\u00fari da capital, foram colocadas faixas e cartazes em protesto, pedindo justi\u00e7a por Patr\u00edcia Roberta e condena\u00e7\u00e3o do acusado.\nProtesto na \u00e1rea externa do 2\u00ba Tribunal do j\u00fari, em Jo\u00e3o Pessoa, pedindo justi\u00e7a por Patr\u00edcia Roberta.\nLuana Silva\/g1 PB\nRelembre o caso\nNo dia 27 de abril de 2021, o corpo de Patr\u00edcia Roberta, de 22 anos, foi encontrada com os p\u00e9s amarrados e envolto em um saco, em uma regi\u00e3o de mata no bairro do Novo Geisel, em Jo\u00e3o Pessoa. De acordo com o laudo da causa da morte, a v\u00edtima foi morta por asfixia por esganadura.\nPatr\u00edcia Roberta foi morta em abril de 2021\nReprodu\u00e7\u00e3o \/ TV Asa Branca \nPatr\u00edcia Roberta, natural de Caruaru, em Pernambuco, havia viajado a Jo\u00e3o Pessoa para visitar o amigo Jonathan Henrique, chegando na cidade em 23 de abril. O acusado combinou de buscar a v\u00edtima, mas acabou n\u00e3o indo e disponibilizou um carro por aplicativo para lev\u00e1-la at\u00e9 sua casa.\nNo s\u00e1bado, 24 de abril de 2021, Jonathan deixou Patr\u00edcia trancada em seu apartamento, dizendo que precisava resolver uma \"situa\u00e7\u00e3o\". Conversando com a m\u00e3e por chamada de v\u00eddeo, Patr\u00edcia disse que estava triste porque tinham combinado de passear.\nAinda de acordo com a troca de mensagens com a m\u00e3e, Patr\u00edcia relata que Jonathan s\u00f3 chegou no domingo, dia 25, e avisou que ambos voltariam juntos para Caruaru. Depois disso, Vera L\u00facia, m\u00e3e de Patr\u00edcia, n\u00e3o conseguiu mais falar com a filha.\nJ\u00e1 na segunda-feira, 26 de abril, a fam\u00edlia veio para Jo\u00e3o Pessoa e registraram o desaparecimento da jovem. As pol\u00edcias Civil e Militar iniciaram as buscas pela v\u00edtima.\nOs policiais foram at\u00e9 Gramame, onde Jonathan morava. Na madrugada de ter\u00e7a-feira (27), uma testemunha relatou que viu o acusado sair com o que depois seria o corpo de Patr\u00edcia enrolado em um tapete. Com isso, a pol\u00edcia iniciou as buscas pelo acusado e pelo poss\u00edvel corpo de Patr\u00edcia.\nNo dia seguinte, o corpo da jovem foi encontrado em uma regi\u00e3o de mata, no bairro do Novo Geisel, perto de onde Jonathan morava. Jonathan foi preso na casa de um amigo, no bairro de Mangabeira II, onde tamb\u00e9m foi encontrada a moto que teria sido usada para transportar o corpo da jovem at\u00e9 o local onde foi encontrado.\nV\u00eddeos mais assistidos do g1 Para\u00edba  ","protected":false},"excerpt":{"rendered":"<p>        Jonathan Henrique escolheu responder apenas as perguntas da pr\u00f3pria defesa. Crime aconteceu em 2021 e corpo da jovem foi encontrado perto de onde o acusado morava. Jonathan Henrique, acusado de matar Patr\u00edcia Roberta e ocultar seu cad\u00e1ver, faz &#8230;<\/p>\n","protected":false},"author":2,"featured_media":0,"comment_status":"closed","ping_status":"closed","sticky":false,"template":"","format":"standard","meta":{"advgb_blocks_editor_width":"","advgb_blocks_columns_visual_guide":"","footnotes":""},"categories":[34],"tags":[35],"class_list":["post-18164","post","type-post","status-publish","format-standard","hentry","category-g1","tag-g1"],"author_meta":{"display_name":"g1 &gt; Para\u00edba","author_link":"https:\/\/sindaopcpb.org.br\/author\/g1-paraiba\/"},"featured_img":null,"coauthors":[],"tax_additional":{"categories":{"linked":["<a href=\"https:\/\/sindaopcpb.org.br\/g1\/\" class=\"advgb-post-tax-term\">G1<\/a>"],"unlinked":["<span class=\"advgb-post-tax-term\">G1<\/span>"]},"tags":{"linked":["<a href=\"https:\/\/sindaopcpb.org.br\/g1\/\" class=\"advgb-post-tax-term\">g1<\/a>"],"unlinked":["<span class=\"advgb-post-tax-term\">g1<\/span>"]}},"comment_count":"0","relative_dates":{"created":"Publicado 3 anos atr\u00e1s","modified":"Atualizado 3 anos atr\u00e1s"},"absolute_dates":{"created":"Publicado em 25 de maio de 2023","modified":"Atualizado em 25 de maio de 2023"},"absolute_dates_time":{"created":"Publicado em 25 de maio de 2023 16:51","modified":"Atualizado em 25 de maio de 2023 16:51"},"featured_img_caption":"","series_order":"","_links":{"self":[{"href":"https:\/\/sindaopcpb.org.br\/index.php\/wp-json\/wp\/v2\/posts\/18164","targetHints":{"allow":["GET"]}}],"collection":[{"href":"https:\/\/sindaopcpb.org.br\/index.php\/wp-json\/wp\/v2\/posts"}],"about":[{"href":"https:\/\/sindaopcpb.org.br\/index.php\/wp-json\/wp\/v2\/types\/post"}],"author":[{"embeddable":true,"href":"https:\/\/sindaopcpb.org.br\/index.php\/wp-json\/wp\/v2\/users\/2"}],"replies":[{"embeddable":true,"href":"https:\/\/sindaopcpb.org.br\/index.php\/wp-json\/wp\/v2\/comments?post=18164"}],"version-history":[{"count":1,"href":"https:\/\/sindaopcpb.org.br\/index.php\/wp-json\/wp\/v2\/posts\/18164\/revisions"}],"predecessor-version":[{"id":18165,"href":"https:\/\/sindaopcpb.org.br\/index.php\/wp-json\/wp\/v2\/posts\/18164\/revisions\/18165"}],"wp:attachment":[{"href":"https:\/\/sindaopcpb.org.br\/index.php\/wp-json\/wp\/v2\/media?parent=18164"}],"wp:term":[{"taxonomy":"category","embeddable":true,"href":"https:\/\/sindaopcpb.org.br\/index.php\/wp-json\/wp\/v2\/categories?post=18164"},{"taxonomy":"post_tag","embeddable":true,"href":"https:\/\/sindaopcpb.org.br\/index.php\/wp-json\/wp\/v2\/tags?post=18164"}],"curies":[{"name":"wp","href":"https:\/\/api.w.org\/{rel}","templated":true}]}}