{"id":18140,"date":"2023-05-25T15:40:33","date_gmt":"2023-05-25T18:40:33","guid":{"rendered":"https:\/\/g1.globo.com\/pb\/paraiba\/noticia\/2023\/05\/25\/presos-dois-suspeitos-de-matar-jovem-ligado-a-movimentos-sociais-em-joao-pessoa.ghtml"},"modified":"2023-05-25T15:40:33","modified_gmt":"2023-05-25T18:40:33","slug":"presos-dois-suspeitos-de-matar-jovem-ligado-a-movimentos-sociais-em-joao-pessoa","status":"publish","type":"post","link":"https:\/\/sindaopcpb.org.br\/index.php\/2023\/05\/25\/presos-dois-suspeitos-de-matar-jovem-ligado-a-movimentos-sociais-em-joao-pessoa\/","title":{"rendered":"Presos dois suspeitos de matar jovem ligado a movimentos sociais em Jo\u00e3o Pessoa"},"content":{"rendered":"   <img src=\"https:\/\/s2.glbimg.com\/QLY89bD3O6w5RwUJiBB51blzUlo=\/i.s3.glbimg.com\/v1\/AUTH_59edd422c0c84a879bd37670ae4f538a\/internal_photos\/bs\/2023\/N\/j\/7tugfnTXSx4urSLszO5w\/suspeito-morte-colinasdosul.jfif\" \/><br \/>     O jovem era l\u00edder de um assentamento e foi assassinado por disputa de terras.  Um dos suspeitos estava com a v\u00edtima no momento do crime e foi respons\u00e1vel por planejar o homic\u00eddio. \nReprodu\u00e7\u00e3o: Pol\u00edcia Civil\nA Pol\u00edcia Civil da Para\u00edba prendeu, nesta quinta-feira (25), dois homens suspeitos de matar a tiros o jovem Kevyn Eduardo Souza, de 18 anos, no Colinas do Sul, em Jo\u00e3o Pessoa. O crime aconteceu em novembro de 2022, em um local conhecido como \u201cInvas\u00e3o\u201d. Kevin era ligado a movimentos sociais de luta por moradia De acordo com a pol\u00edcia, o crime seria motivado por disputas das terras pertencentes ao assentamento Pico do Colinas, liderado pela v\u00edtima. \nJovem \u00e9 morto a tiros no bairro Colinas do Sul, em Jo\u00e3o Pessoa\nSegundo a pol\u00edcia,  um dos suspeitos estava com a v\u00edtima no momento do crime e foi o respons\u00e1vel por arquitetar o homic\u00eddio. Ele indicar a localiza\u00e7\u00e3o de Kevyn Eduardo Souza para o segundo suspeito, que foi o autor dos disparos.\nA a\u00e7\u00e3o aconteceu em cumprimento a mandados de pris\u00e3o expedidos pela 2\u00aa Vara do Tribunal do J\u00fari de Jo\u00e3o Pessoa contra os dois suspeitos. Os nomes dos suspeitos n\u00e3o tiveram as identidades divulgadas pela pol\u00edcia.\nV\u00eddeos mais assistidos do g1 Para\u00edba  ","protected":false},"excerpt":{"rendered":"<p>        O jovem era l\u00edder de um assentamento e foi assassinado por disputa de terras.  Um dos suspeitos estava com a v\u00edtima no momento do crime e foi respons\u00e1vel por planejar o homic\u00eddio.<br \/>\nReprodu\u00e7\u00e3o: Pol\u00edcia Civil<br \/>\nA Pol\u00edcia Civil da Para\u00edba prendeu, n&#8230;<\/p>\n","protected":false},"author":2,"featured_media":0,"comment_status":"closed","ping_status":"closed","sticky":false,"template":"","format":"standard","meta":{"advgb_blocks_editor_width":"","advgb_blocks_columns_visual_guide":"","footnotes":""},"categories":[34],"tags":[35],"class_list":["post-18140","post","type-post","status-publish","format-standard","hentry","category-g1","tag-g1"],"author_meta":{"display_name":"g1 &gt; Para\u00edba","author_link":"https:\/\/sindaopcpb.org.br\/author\/g1-paraiba\/"},"featured_img":null,"coauthors":[],"tax_additional":{"categories":{"linked":["<a href=\"https:\/\/sindaopcpb.org.br\/g1\/\" class=\"advgb-post-tax-term\">G1<\/a>"],"unlinked":["<span class=\"advgb-post-tax-term\">G1<\/span>"]},"tags":{"linked":["<a href=\"https:\/\/sindaopcpb.org.br\/g1\/\" class=\"advgb-post-tax-term\">g1<\/a>"],"unlinked":["<span class=\"advgb-post-tax-term\">g1<\/span>"]}},"comment_count":"0","relative_dates":{"created":"Publicado 3 anos atr\u00e1s","modified":"Atualizado 3 anos atr\u00e1s"},"absolute_dates":{"created":"Publicado em 25 de maio de 2023","modified":"Atualizado em 25 de maio de 2023"},"absolute_dates_time":{"created":"Publicado em 25 de maio de 2023 15:40","modified":"Atualizado em 25 de maio de 2023 15:40"},"featured_img_caption":"","series_order":"","_links":{"self":[{"href":"https:\/\/sindaopcpb.org.br\/index.php\/wp-json\/wp\/v2\/posts\/18140","targetHints":{"allow":["GET"]}}],"collection":[{"href":"https:\/\/sindaopcpb.org.br\/index.php\/wp-json\/wp\/v2\/posts"}],"about":[{"href":"https:\/\/sindaopcpb.org.br\/index.php\/wp-json\/wp\/v2\/types\/post"}],"author":[{"embeddable":true,"href":"https:\/\/sindaopcpb.org.br\/index.php\/wp-json\/wp\/v2\/users\/2"}],"replies":[{"embeddable":true,"href":"https:\/\/sindaopcpb.org.br\/index.php\/wp-json\/wp\/v2\/comments?post=18140"}],"version-history":[{"count":1,"href":"https:\/\/sindaopcpb.org.br\/index.php\/wp-json\/wp\/v2\/posts\/18140\/revisions"}],"predecessor-version":[{"id":18141,"href":"https:\/\/sindaopcpb.org.br\/index.php\/wp-json\/wp\/v2\/posts\/18140\/revisions\/18141"}],"wp:attachment":[{"href":"https:\/\/sindaopcpb.org.br\/index.php\/wp-json\/wp\/v2\/media?parent=18140"}],"wp:term":[{"taxonomy":"category","embeddable":true,"href":"https:\/\/sindaopcpb.org.br\/index.php\/wp-json\/wp\/v2\/categories?post=18140"},{"taxonomy":"post_tag","embeddable":true,"href":"https:\/\/sindaopcpb.org.br\/index.php\/wp-json\/wp\/v2\/tags?post=18140"}],"curies":[{"name":"wp","href":"https:\/\/api.w.org\/{rel}","templated":true}]}}