{"id":18107,"date":"2023-05-25T13:12:40","date_gmt":"2023-05-25T16:12:40","guid":{"rendered":"https:\/\/g1.globo.com\/rn\/rio-grande-do-norte\/noticia\/2023\/05\/25\/suspeito-de-ser-mandante-da-morte-de-policial-militar-reformado-no-rn-e-preso-na-paraiba.ghtml"},"modified":"2023-05-25T13:12:40","modified_gmt":"2023-05-25T16:12:40","slug":"suspeito-de-ser-mandante-da-morte-de-policial-militar-reformado-no-rn-e-preso-na-paraiba","status":"publish","type":"post","link":"https:\/\/sindaopcpb.org.br\/index.php\/2023\/05\/25\/suspeito-de-ser-mandante-da-morte-de-policial-militar-reformado-no-rn-e-preso-na-paraiba\/","title":{"rendered":"Suspeito de ser mandante da morte de policial militar reformado no RN \u00e9 preso na Para\u00edba"},"content":{"rendered":"   <img src=\"https:\/\/s2.glbimg.com\/awS8nTo2wuTYWaomNCwT0NYbLmk=\/i.s3.glbimg.com\/v1\/AUTH_59edd422c0c84a879bd37670ae4f538a\/internal_photos\/bs\/2023\/S\/J\/lbkpHYQBKldxVCvc5HlQ\/suspeito-preso.jpg\" \/><br \/>     Crime aconteceu em dezembro de 2022 na Zona Norte de Natal. Policial reconhecido enquanto almo\u00e7ava em restaurante foi levado para \u00e1rea de mata e executado a tiros.  Suspeito foi preso nesta quinta-feira (25) em Campina Grande\nPCRN\/Divulga\u00e7\u00e3o\nUm homem apontado pela pol\u00edcia como o suspeito de ter mandado matar o policial militar reformado Jos\u00e9 Cl\u00e1udio de Lima, 54 anos, foi preso pela Pol\u00edcia Civil do Rio Grande do Norte nesta quinta-feira (25) em Campina Grande, na Para\u00edba. O crime aconteceu em dezembro de 2022, na Zona Norte de Natal.\nDe acordo com os investigadores, o homem tamb\u00e9m \u00e9 suspeito de integrar a fac\u00e7\u00e3o Sindicato do Crime, e de chefiar o n\u00facleo local da organiza\u00e7\u00e3o criminosa na comunidade do Alto da Torre, na Redinha, em Natal.\nPoliciais civis da 8\u00aa Delegacia de Homic\u00eddios e de Prote\u00e7\u00e3o \u00e0 Pessoa (DHPP) cumpriram nesta quinta (25) um mandado de pris\u00e3o preventiva expedido Justi\u00e7a, contra o suspeito. A a\u00e7\u00e3o contou com apoio da DHPP da Para\u00edba. \nO homic\u00eddio foi cometido no dia 2 de dezembro de 2022, na Redinha. A v\u00edtima estava almo\u00e7ando em um restaurante quando foi reconhecida por criminosos e levada em um carro at\u00e9 uma \u00e1rea de mata no conjunto Alto da Torre, onde foi executada com disparos de arma de fogo. \nAinda de acordo com a pol\u00edcia, o suspeito preso ser\u00e1 encaminhado para o sistema prisional do RN, ap\u00f3s ser recambiado da Para\u00edba.\nSegundo a Pol\u00edcia Civil, como Jos\u00e9 Cl\u00e1udio era ex-policial, os bandidos desconfiaram que ele estaria repassando informa\u00e7\u00f5es sobre o tr\u00e1fico de drogas na \u00e1rea.\nO crime \nO crime aconteceu por volta das 13h de uma sexta-feira. De acordo com a PM, o cabo reformado Jos\u00e9 Claudio de Lima, de 54 anos, estava almo\u00e7ando em um restaurante na Avenida Pompeia, quando foi retirado do local e levado pelos homens armados.\nO cabo foi levado para uma \u00e1rea de mata no Alto da Torre e executado. \nVeja os v\u00eddeos mais assistidos no g1 RN  ","protected":false},"excerpt":{"rendered":"<p>        Crime aconteceu em dezembro de 2022 na Zona Norte de Natal. Policial reconhecido enquanto almo\u00e7ava em restaurante foi levado para \u00e1rea de mata e executado a tiros.  Suspeito foi preso nesta quinta-feira (25) em Campina Grande<br \/>\nPCRN\/Divulga\u00e7\u00e3o<br \/>\nUm&#8230;<\/p>\n","protected":false},"author":2,"featured_media":0,"comment_status":"closed","ping_status":"closed","sticky":false,"template":"","format":"standard","meta":{"advgb_blocks_editor_width":"","advgb_blocks_columns_visual_guide":"","footnotes":""},"categories":[34],"tags":[35],"class_list":["post-18107","post","type-post","status-publish","format-standard","hentry","category-g1","tag-g1"],"author_meta":{"display_name":"g1 &gt; Para\u00edba","author_link":"https:\/\/sindaopcpb.org.br\/author\/g1-paraiba\/"},"featured_img":null,"coauthors":[],"tax_additional":{"categories":{"linked":["<a href=\"https:\/\/sindaopcpb.org.br\/g1\/\" class=\"advgb-post-tax-term\">G1<\/a>"],"unlinked":["<span class=\"advgb-post-tax-term\">G1<\/span>"]},"tags":{"linked":["<a href=\"https:\/\/sindaopcpb.org.br\/g1\/\" class=\"advgb-post-tax-term\">g1<\/a>"],"unlinked":["<span class=\"advgb-post-tax-term\">g1<\/span>"]}},"comment_count":"0","relative_dates":{"created":"Publicado 3 anos atr\u00e1s","modified":"Atualizado 3 anos atr\u00e1s"},"absolute_dates":{"created":"Publicado em 25 de maio de 2023","modified":"Atualizado em 25 de maio de 2023"},"absolute_dates_time":{"created":"Publicado em 25 de maio de 2023 13:12","modified":"Atualizado em 25 de maio de 2023 13:12"},"featured_img_caption":"","series_order":"","_links":{"self":[{"href":"https:\/\/sindaopcpb.org.br\/index.php\/wp-json\/wp\/v2\/posts\/18107","targetHints":{"allow":["GET"]}}],"collection":[{"href":"https:\/\/sindaopcpb.org.br\/index.php\/wp-json\/wp\/v2\/posts"}],"about":[{"href":"https:\/\/sindaopcpb.org.br\/index.php\/wp-json\/wp\/v2\/types\/post"}],"author":[{"embeddable":true,"href":"https:\/\/sindaopcpb.org.br\/index.php\/wp-json\/wp\/v2\/users\/2"}],"replies":[{"embeddable":true,"href":"https:\/\/sindaopcpb.org.br\/index.php\/wp-json\/wp\/v2\/comments?post=18107"}],"version-history":[{"count":1,"href":"https:\/\/sindaopcpb.org.br\/index.php\/wp-json\/wp\/v2\/posts\/18107\/revisions"}],"predecessor-version":[{"id":18108,"href":"https:\/\/sindaopcpb.org.br\/index.php\/wp-json\/wp\/v2\/posts\/18107\/revisions\/18108"}],"wp:attachment":[{"href":"https:\/\/sindaopcpb.org.br\/index.php\/wp-json\/wp\/v2\/media?parent=18107"}],"wp:term":[{"taxonomy":"category","embeddable":true,"href":"https:\/\/sindaopcpb.org.br\/index.php\/wp-json\/wp\/v2\/categories?post=18107"},{"taxonomy":"post_tag","embeddable":true,"href":"https:\/\/sindaopcpb.org.br\/index.php\/wp-json\/wp\/v2\/tags?post=18107"}],"curies":[{"name":"wp","href":"https:\/\/api.w.org\/{rel}","templated":true}]}}