{"id":18069,"date":"2023-05-25T10:56:08","date_gmt":"2023-05-25T13:56:08","guid":{"rendered":"https:\/\/www.infomoney.com.br\/?p=2143682"},"modified":"2023-05-25T10:56:08","modified_gmt":"2023-05-25T13:56:08","slug":"sob-aval-do-governo-parlamentares-esvaziam-ministerios-de-meio-ambiente-e-povos-indigenas","status":"publish","type":"post","link":"https:\/\/sindaopcpb.org.br\/index.php\/2023\/05\/25\/sob-aval-do-governo-parlamentares-esvaziam-ministerios-de-meio-ambiente-e-povos-indigenas\/","title":{"rendered":"Sob aval do governo, parlamentares esvaziam minist\u00e9rios de Meio Ambiente e Povos Ind\u00edgenas"},"content":{"rendered":"<p><img loading=\"lazy\" width=\"300\" height=\"200\" src=\"https:\/\/www.infomoney.com.br\/wp-content\/uploads\/2021\/08\/23059589949_85b29f21ed_b.jpg?fit=300%2C200&amp;quality=70&amp;strip=all\" class=\"attachment-medium size-medium wp-post-image\" alt=\"Bras\u00edlia\" decoding=\"async\" style=\"float:right; margin:0 0 10px 10px;\" srcset=\"https:\/\/www.infomoney.com.br\/wp-content\/uploads\/2021\/08\/23059589949_85b29f21ed_b.jpg?w=1023&amp;quality=70&amp;strip=all 1023w, https:\/\/www.infomoney.com.br\/wp-content\/uploads\/2021\/08\/23059589949_85b29f21ed_b.jpg?w=300&amp;quality=70&amp;strip=all 300w, https:\/\/www.infomoney.com.br\/wp-content\/uploads\/2021\/08\/23059589949_85b29f21ed_b.jpg?w=768&amp;quality=70&amp;strip=all 768w, https:\/\/www.infomoney.com.br\/wp-content\/uploads\/2021\/08\/23059589949_85b29f21ed_b.jpg?w=150&amp;quality=70&amp;strip=all 150w\" sizes=\"auto, (max-width: 300px) 100vw, 300px\" data-attachment-id=\"1689642\" data-permalink=\"https:\/\/www.infomoney.com.br\/colunistas\/convidados\/o-pais-da-hesitocracia\/attachment\/23059589949_85b29f21ed_b\/\" data-orig-file=\"https:\/\/www.infomoney.com.br\/wp-content\/uploads\/2021\/08\/23059589949_85b29f21ed_b.jpg?fit=1023%2C681&amp;quality=70&amp;strip=all\" data-orig-size=\"1023,681\" data-comments-opened=\"1\" data-image-meta=\"{&quot;aperture&quot;:&quot;0&quot;,&quot;credit&quot;:&quot;Ana Volpe\\\/Ag\\u00eancia Senado&quot;,&quot;camera&quot;:&quot;&quot;,&quot;caption&quot;:&quot;&quot;,&quot;created_timestamp&quot;:&quot;0&quot;,&quot;copyright&quot;:&quot;Senado Federal do Brasil&quot;,&quot;focal_length&quot;:&quot;0&quot;,&quot;iso&quot;:&quot;0&quot;,&quot;shutter_speed&quot;:&quot;0&quot;,&quot;title&quot;:&quot;&quot;,&quot;orientation&quot;:&quot;0&quot;}\" data-image-title=\"Bras\u00edlia\" data-image-description=\"\" data-image-caption=\"&lt;p&gt;IPC-S em Bras\u00edlia ficou negativo em 0,11% em fevereiro  (Ana Volpe\/Ag\u00eancia Senado)&lt;\/p&gt;\n\" data-medium-file=\"https:\/\/www.infomoney.com.br\/wp-content\/uploads\/2021\/08\/23059589949_85b29f21ed_b.jpg?fit=300%2C200&amp;quality=70&amp;strip=all\" data-large-file=\"https:\/\/www.infomoney.com.br\/wp-content\/uploads\/2021\/08\/23059589949_85b29f21ed_b.jpg?fit=1023%2C681&amp;quality=70&amp;strip=all\" title=\"\"><\/p>\n<p>O parecer do relator Isnaldo Bulh\u00f5es (MDB-AL) sobre a Medida Provis\u00f3ria 1.154\/2023 foi aprovado na tarde desta quarta-feira (24) pela comiss\u00e3o mista que debateu a estrutura governamental criada pelo presidente Luiz In\u00e1cio Lula da Silva (PT). O texto teve 15 votos favor\u00e1veis e 3 contr\u00e1rios. Com a aprova\u00e7\u00e3o, a medida foi encaminhada para aprecia\u00e7\u00e3o na C\u00e2mara dos Deputados e Senado Federal.<\/p>\n<p>O relator afirmou que o parecer aprovado prezou pela efici\u00eancia, ao direcionar ao minist\u00e9rio da Justi\u00e7a a atribui\u00e7\u00e3o de demarcar as terras ind\u00edgenas e o encaminhamento do Cadastro Ambiental Rural para o Minist\u00e9rio da Gest\u00e3o e Inova\u00e7\u00e3o em Servi\u00e7os P\u00fablicos. A decis\u00e3o, no entanto, abalou alas do governo, que veem um esvaziamento dos minist\u00e9rios de Meio Ambiente, comandado por Marina Silva (Rede) e Povos Ind\u00edgenas, chefiado por Sonia Guajajara (PSOL).<\/p>\n<p>&#8220;\u00c9 um texto de estado e n\u00e3o um texto de pessoas. Os parlamentares definiram que haver\u00e1 mais efici\u00eancia dessa forma&#8221;, disse Bulh\u00f5es. Ainda assim, o parlamentar afirmou que v\u00ea com naturalidade a proposi\u00e7\u00e3o de emendas na C\u00e2mara e no Senado.<\/p>\n<p>Pelo relat\u00f3rio, a pasta de Marina tamb\u00e9m perdeu a influ\u00eancia sobre o Sistema Nacional de Informa\u00e7\u00f5es em Saneamento B\u00e1sico (Sinisa), o Sistema Nacional de Informa\u00e7\u00f5es sobre a Gest\u00e3o dos Res\u00edduos S\u00f3lidos (Sinir) e o Sistema Nacional de Gerenciamento de Recursos H\u00eddricos (Singreh). As mudan\u00e7as causaram rea\u00e7\u00e3o da ministra, que mais cedo criticou o texto durante participa\u00e7\u00e3o em audi\u00eancia realizada em comiss\u00e3o na C\u00e2mara dos Deputados.<\/p>\n<p>O l\u00edder do governo no Congresso, senador Randolfe Rodrigues, que recentemente deixou a Rede, sigla de Marina, minimizou as mudan\u00e7as e lembrou que a vota\u00e7\u00e3o da Medida Provis\u00f3ria ocorreu ap\u00f3s semanas de impasse sobre os ritos de tramita\u00e7\u00e3o de medidas provis\u00f3ria, em queda de bra\u00e7o entre os presidentes da C\u00e2mara e do Senado.<\/p>\n<p>Randolfe reafirmou que o compromisso do governo \u00e9 fazer com que o texto seja votado nos plen\u00e1rios das Casas Legislativas na pr\u00f3xima semana, para que n\u00e3o seja perdido o prazo de 1\u00ba de junho. Depois dessa data, a MP perderia o efeito e o Executivo teria que lidar com os preju\u00edzos pol\u00edticos de voltar \u00e0 configura\u00e7\u00e3o de governo que vigorou durante a administra\u00e7\u00e3o de Jair Bolsonaro (PL).<\/p>\n<p>Ainda segundo Randolfe, se ao final das discuss\u00f5es na C\u00e2mara e no Senado houver algum tipo de preju\u00edzo para a governan\u00e7a ambiental, o presidente Luiz In\u00e1cio Lula da Silva poder\u00e1 recorrer ao mecanismo do veto presidencial.<\/p>\n<p>\u201cN\u00f3s n\u00e3o queremos jogar a suja com o beb\u00ea dentro. \u00c9 fundamental que essa MP seja votada at\u00e9 semana que vem. Se ocorrer espa\u00e7o para negocia\u00e7\u00e3o no plen\u00e1rio da C\u00e2mara, tudo bem\u201d, frisou.<\/p>\n<p>The post <a rel=\"nofollow noopener\" href=\"https:\/\/www.infomoney.com.br\/politica\/sob-aval-do-governo-parlamentares-esvaziam-ministerios-de-meio-ambiente-e-povos-indigenas\/\" target=\"_blank\">Sob aval do governo, parlamentares esvaziam minist\u00e9rios de Meio Ambiente e Povos Ind\u00edgenas<\/a> appeared first on <a rel=\"nofollow noopener\" href=\"https:\/\/www.infomoney.com.br\/\" target=\"_blank\">InfoMoney<\/a>.<\/p>\n","protected":false},"excerpt":{"rendered":"<p><img loading=\"lazy\" decoding=\"async\" width=\"300\" height=\"200\" src=\"https:\/\/www.infomoney.com.br\/wp-content\/uploads\/2021\/08\/23059589949_85b29f21ed_b.jpg?fit=300%2C200&amp;quality=70&amp;strip=all\" class=\"attachment-medium size-medium wp-post-image\" alt=\"Bras\u00edlia\" data-attachment-id=\"1689642\" data-permalink=\"https:\/\/www.infomoney.com.br\/colunistas\/convidados\/o-pais-da-hesitocracia\/attachment\/23059589949_85b29f21ed_b\/\" data-orig-file=\"https:\/\/www.infomoney.com.br\/wp-content\/uploads\/2021\/08\/23059589949_85b29f21ed_b.jpg?fit=1023%2C681&amp;quality=70&amp;strip=all\" data-orig-size=\"1023,681\" data-comments-opened=\"1\" data-image-meta='{\"aperture\":\"0\",\"credit\":\"Ana Volpe\\\/Ag\\u00eancia Senado\",\"camera\":\"\",\"caption\":\"\",\"created_timestamp\":\"0\",\"copyright\":\"Senado Federal do Brasil\",\"focal_length\":\"0\",\"iso\":\"0\",\"shutter_speed\":\"0\",\"title\":\"\",\"orientation\":\"0\"}' data-image-title=\"Bras\u00edlia\" data-image-description=\"\" data-image-caption=\"&lt;p&gt;IPC-S em Bras\u00edlia ficou negativo em 0,11% em fevereiro  (Ana Volpe\/Ag\u00eancia Senado)&lt;\/p&gt;\n\" data-medium-file=\"https:\/\/www.infomoney.com.br\/wp-content\/uploads\/2021\/08\/23059589949_85b29f21ed_b.jpg?fit=300%2C200&amp;quality=70&amp;strip=all\" data-large-file=\"https:\/\/www.infomoney.com.br\/wp-content\/uploads\/2021\/08\/23059589949_85b29f21ed_b.jpg?fit=1023%2C681&amp;quality=70&amp;strip=all\">&#8220;\u00c9 um texto de estado e n\u00e3o um texto de pessoas. Os parlamentares definiram que haver\u00e1 mais efici\u00eancia dessa forma&#8221;, disse o relator<\/p>\n<p>The post <a rel=\"nofollow\" href=\"https:\/\/www.infomoney.com.br\/politica\/sob-aval-do-governo-parlamentares-esvaziam-ministerios-de-meio-ambiente-e-povos-indigenas\/\">Sob aval do governo, parlamentares esvaziam minist\u00e9rios de Meio Ambiente e Povos Ind\u00edgenas<\/a> appeared first on <a rel=\"nofollow\" href=\"https:\/\/www.infomoney.com.br\/\">InfoMoney<\/a>.<\/p>\n","protected":false},"author":47,"featured_media":0,"comment_status":"closed","ping_status":"closed","sticky":false,"template":"","format":"standard","meta":{"advgb_blocks_editor_width":"","advgb_blocks_columns_visual_guide":"","footnotes":""},"categories":[3420,34,47,368],"tags":[35],"class_list":["post-18069","post","type-post","status-publish","format-standard","hentry","category-esplanada-dos-ministerios","category-g1","category-politica","category-randolfe-rodrigues","tag-g1"],"author_meta":{"display_name":"luispereira","author_link":"https:\/\/sindaopcpb.org.br\/author\/luispereira\/"},"featured_img":null,"coauthors":[],"tax_additional":{"categories":{"linked":["<a href=\"https:\/\/sindaopcpb.org.br\/esplanada-dos-ministerios\/\" class=\"advgb-post-tax-term\">Esplanada dos Minist\u00e9rios<\/a>","<a href=\"https:\/\/sindaopcpb.org.br\/g1\/\" class=\"advgb-post-tax-term\">G1<\/a>","<a href=\"https:\/\/sindaopcpb.org.br\/politica\/\" class=\"advgb-post-tax-term\">POLITICA<\/a>","<a href=\"https:\/\/sindaopcpb.org.br\/randolfe-rodrigues\/\" class=\"advgb-post-tax-term\">Randolfe Rodrigues<\/a>"],"unlinked":["<span class=\"advgb-post-tax-term\">Esplanada dos Minist\u00e9rios<\/span>","<span class=\"advgb-post-tax-term\">G1<\/span>","<span class=\"advgb-post-tax-term\">POLITICA<\/span>","<span class=\"advgb-post-tax-term\">Randolfe Rodrigues<\/span>"]},"tags":{"linked":["<a href=\"https:\/\/sindaopcpb.org.br\/randolfe-rodrigues\/\" class=\"advgb-post-tax-term\">g1<\/a>"],"unlinked":["<span class=\"advgb-post-tax-term\">g1<\/span>"]}},"comment_count":"0","relative_dates":{"created":"Publicado 3 anos atr\u00e1s","modified":"Atualizado 3 anos atr\u00e1s"},"absolute_dates":{"created":"Publicado em 25 de maio de 2023","modified":"Atualizado em 25 de maio de 2023"},"absolute_dates_time":{"created":"Publicado em 25 de maio de 2023 10:56","modified":"Atualizado em 25 de maio de 2023 10:56"},"featured_img_caption":"","series_order":"","_links":{"self":[{"href":"https:\/\/sindaopcpb.org.br\/index.php\/wp-json\/wp\/v2\/posts\/18069","targetHints":{"allow":["GET"]}}],"collection":[{"href":"https:\/\/sindaopcpb.org.br\/index.php\/wp-json\/wp\/v2\/posts"}],"about":[{"href":"https:\/\/sindaopcpb.org.br\/index.php\/wp-json\/wp\/v2\/types\/post"}],"author":[{"embeddable":true,"href":"https:\/\/sindaopcpb.org.br\/index.php\/wp-json\/wp\/v2\/users\/47"}],"replies":[{"embeddable":true,"href":"https:\/\/sindaopcpb.org.br\/index.php\/wp-json\/wp\/v2\/comments?post=18069"}],"version-history":[{"count":1,"href":"https:\/\/sindaopcpb.org.br\/index.php\/wp-json\/wp\/v2\/posts\/18069\/revisions"}],"predecessor-version":[{"id":18070,"href":"https:\/\/sindaopcpb.org.br\/index.php\/wp-json\/wp\/v2\/posts\/18069\/revisions\/18070"}],"wp:attachment":[{"href":"https:\/\/sindaopcpb.org.br\/index.php\/wp-json\/wp\/v2\/media?parent=18069"}],"wp:term":[{"taxonomy":"category","embeddable":true,"href":"https:\/\/sindaopcpb.org.br\/index.php\/wp-json\/wp\/v2\/categories?post=18069"},{"taxonomy":"post_tag","embeddable":true,"href":"https:\/\/sindaopcpb.org.br\/index.php\/wp-json\/wp\/v2\/tags?post=18069"}],"curies":[{"name":"wp","href":"https:\/\/api.w.org\/{rel}","templated":true}]}}