{"id":18040,"date":"2023-05-25T10:05:11","date_gmt":"2023-05-25T13:05:11","guid":{"rendered":"https:\/\/www.infomoney.com.br\/?p=2143698"},"modified":"2023-05-25T10:05:11","modified_gmt":"2023-05-25T13:05:11","slug":"governadores-pedem-a-haddad-ajustes-em-regras-de-recuperacao-fiscal","status":"publish","type":"post","link":"https:\/\/sindaopcpb.org.br\/index.php\/2023\/05\/25\/governadores-pedem-a-haddad-ajustes-em-regras-de-recuperacao-fiscal\/","title":{"rendered":"Governadores pedem a Haddad ajustes em regras de recupera\u00e7\u00e3o fiscal"},"content":{"rendered":"<p><img loading=\"lazy\" width=\"300\" height=\"206\" src=\"https:\/\/www.infomoney.com.br\/wp-content\/uploads\/2019\/06\/romeu-zema-2.jpg?fit=300%2C206&amp;quality=70&amp;strip=all\" class=\"attachment-medium size-medium wp-post-image\" alt=\"\" decoding=\"async\" style=\"float:right; margin:0 0 10px 10px;\" srcset=\"https:\/\/www.infomoney.com.br\/wp-content\/uploads\/2019\/06\/romeu-zema-2.jpg?w=900&amp;quality=70&amp;strip=all 900w, https:\/\/www.infomoney.com.br\/wp-content\/uploads\/2019\/06\/romeu-zema-2.jpg?w=300&amp;quality=70&amp;strip=all 300w, https:\/\/www.infomoney.com.br\/wp-content\/uploads\/2019\/06\/romeu-zema-2.jpg?w=768&amp;quality=70&amp;strip=all 768w, https:\/\/www.infomoney.com.br\/wp-content\/uploads\/2019\/06\/romeu-zema-2.jpg?w=150&amp;quality=70&amp;strip=all 150w\" sizes=\"auto, (max-width: 300px) 100vw, 300px\" data-attachment-id=\"54378\" data-permalink=\"https:\/\/www.infomoney.com.br\/romeu-zema-2\/\" data-orig-file=\"https:\/\/www.infomoney.com.br\/wp-content\/uploads\/2019\/06\/romeu-zema-2.jpg?fit=900%2C618&amp;quality=70&amp;strip=all\" data-orig-size=\"900,618\" data-comments-opened=\"1\" data-image-meta=\"{&quot;aperture&quot;:&quot;0&quot;,&quot;credit&quot;:&quot;&quot;,&quot;camera&quot;:&quot;&quot;,&quot;caption&quot;:&quot;&quot;,&quot;created_timestamp&quot;:&quot;0&quot;,&quot;copyright&quot;:&quot;&quot;,&quot;focal_length&quot;:&quot;0&quot;,&quot;iso&quot;:&quot;0&quot;,&quot;shutter_speed&quot;:&quot;0&quot;,&quot;title&quot;:&quot;&quot;,&quot;orientation&quot;:&quot;0&quot;}\" data-image-title=\"romeu-zema-2\" data-image-description=\"\" data-image-caption=\"\" data-medium-file=\"https:\/\/www.infomoney.com.br\/wp-content\/uploads\/2019\/06\/romeu-zema-2.jpg?fit=300%2C206&amp;quality=70&amp;strip=all\" data-large-file=\"https:\/\/www.infomoney.com.br\/wp-content\/uploads\/2019\/06\/romeu-zema-2.jpg?fit=900%2C618&amp;quality=70&amp;strip=all\" title=\"\"><\/p>\n<p>Os governadores de Goi\u00e1s, Minas Gerais, Rio Grande do Sul e Rio de Janeiro se reuniram nesta quarta-feira (24), em Bras\u00edlia, com o ministro da Fazenda, Fernando Haddad, para apresentar uma s\u00e9rie de propostas que flexibilizam as regras do Regime de Recupera\u00e7\u00e3o Fiscal (RRF). O argumento \u00e9 que as perdas de arrecada\u00e7\u00e3o no \u00faltimo ano frustraram a capacidade dos estados de honrarem os compromissos com a Uni\u00e3o.<\/p>\n<p>Entre os pedidos, est\u00e1 a amplia\u00e7\u00e3o de 9 para 15 anos do prazo m\u00e1ximo de perman\u00eancia no programa e uma redu\u00e7\u00e3o no indexador de corre\u00e7\u00e3o da d\u00edvida, entre outros ajustes. Os estados tamb\u00e9m pedem a possibilidade de ampliar o espa\u00e7o sobre as receitas pr\u00f3prias para a contrata\u00e7\u00e3o de opera\u00e7\u00f5es de cr\u00e9dito a serem usados no pagamento de passivos, como precat\u00f3rios (d\u00edvidas do governo reconhecidas em car\u00e1ter definitivo pela Justi\u00e7a), al\u00e9m de realiza\u00e7\u00e3o de investimentos em \u00e1reas como infraestrutura, por exemplo.<\/p>\n<p>As quatro unidades da Federa\u00e7\u00e3o possuem d\u00edvida elevada com o governo federal, constitu\u00edda ao longo de d\u00e9cadas. Desses estados, Goi\u00e1s, Rio de Janeiro e Rio Grande do Sul j\u00e1 est\u00e3o com seus planos de recupera\u00e7\u00e3o em vigor, enquanto Minas Gerais teve o seu pedido de ades\u00e3o aprovado, mas ainda aguarda a homologa\u00e7\u00e3o do plano de recupera\u00e7\u00e3o por parte da Uni\u00e3o.<\/p>\n<p>\u201cNo ano passado, a Uni\u00e3o, atrav\u00e9s das leis [complementares] 192 e 194, tirou parte substancial da nossa arrecada\u00e7\u00e3o. Os estados perderam bilh\u00f5es de reais. N\u00e3o apenas os bilh\u00f5es de reais em receita financeira, como os nossos resultados fiscais ficaram comprometidos. Estamos discutindo alternativas para contornar isso\u201d, explicou o governador do Rio Grande do Sul, Eduardo Leite.<\/p>\n<p>Em junho de 2022, durante o governo de Jair Bolsonaro, as leis complementares 192 e 194 impuseram um teto de 17% ou de 18% (dependendo do estado) para o Imposto sobre Circula\u00e7\u00e3o de Mercadorias e Servi\u00e7os (ICMS) sobre combust\u00edveis, energia, telecomunica\u00e7\u00f5es e transporte p\u00fablico. Anteriormente, havia estado que cobrava mais de 30% de ICMS sobre os combust\u00edveis. O ICMS \u00e9 um tributo estadual e a redu\u00e7\u00e3o das al\u00edquotas m\u00e1ximas impactou fortemente o caixa dos estados.<\/p>\n<p>Durante a tramita\u00e7\u00e3o das leis, os parlamentares inseriram um artigo obrigando a Uni\u00e3o a compensar as perdas de arrecada\u00e7\u00e3o do ICMS, mas o governo de ent\u00e3o vetou o dispositivo, que depois acabou sendo derrubado pelo Congresso, obrigando o governo a pagar alguma compensa\u00e7\u00e3o aos entes federados. Em mar\u00e7o deste ano, Uni\u00e3o e estados finalmente fecharam o acordo para a compensa\u00e7\u00e3o das perdas, no valor de R$ 26,9 bilh\u00f5es, a serem pagos at\u00e9 2026.<\/p>\n<p>\u201cN\u00f3s fomos vitimados por decis\u00f5es que mudaram a estrutura de arrecada\u00e7\u00e3o dos estados. Em Goi\u00e1s, combust\u00edveis, energia e comunica\u00e7\u00f5es significam 39% da arrecada\u00e7\u00e3o do estado\u201d, afirmou o governador goiano, Ronaldo Caiado.<\/p>\n<p>\u201cNingu\u00e9m est\u00e1 pedindo perd\u00e3o nem qualquer tipo de condi\u00e7\u00e3o de n\u00e3o pagamento. \u00c9 poder ajustar para que os estados n\u00e3o fiquem com um torniquete que torne invi\u00e1vel cumprir suas miss\u00f5es junto \u00e0s suas popula\u00e7\u00f5es\u201d, acrescentou Leite.<\/p>\n<h2><strong>Indexador<\/strong><\/h2>\n<p>Outro pedido de mudan\u00e7a \u00e9 em rela\u00e7\u00e3o ao valor de corre\u00e7\u00e3o das d\u00edvidas dos estados com a Uni\u00e3o, atualmente feitos pelo \u00cdndice de Pre\u00e7os ao Consumidor Amplo (IPCA) + 4% ao ano ou pela Taxa Selic, que est\u00e1 13,75% ao ano, o que for maior.<\/p>\n<p>\u2018Isso tamb\u00e9m \u00e9 um garrote nos estados. Est\u00e1 na carga que a gente colocou para ele [Haddad] a diminui\u00e7\u00e3o desse indexador, para que seja vinculada ao PIB [Produto Interno Bruto]\u201d, afirmou o governador do Rio de Janeiro, Cl\u00e1udio Castro. Segundo ele, o atual indexador torna a d\u00edvida praticamente impag\u00e1vel. \u201cNossa d\u00edvida hoje, no Rio de Janeiro, por exemplo, no mesmo tempo que ela aumentou 2.000%, o ICMS s\u00f3 cresceu 700%. Ent\u00e3o, a d\u00edvida vai ficando impag\u00e1vel todo ano\u201d, relatou.<\/p>\n<p>De acordo com os governadores, os pedidos foram bem recebidos pelo ministro da Fazenda e ser\u00e3o agora analisados pela \u00e1rea t\u00e9cnica do governo federal. \u201cFomos muito bem atendidos, o ministro Haddad est\u00e1 sens\u00edvel \u00e0s nossas solicita\u00e7\u00f5es\u201d, destacou o governador de Minas Gerais, Romeu Zema.<\/p>\n<p>The post <a rel=\"nofollow noopener\" href=\"https:\/\/www.infomoney.com.br\/politica\/governadores-pedem-a-haddad-ajustes-em-regras-de-recuperacao-fiscal\/\" target=\"_blank\">Governadores pedem a Haddad ajustes em regras de recupera\u00e7\u00e3o fiscal<\/a> appeared first on <a rel=\"nofollow noopener\" href=\"https:\/\/www.infomoney.com.br\/\" target=\"_blank\">InfoMoney<\/a>.<\/p>\n","protected":false},"excerpt":{"rendered":"<p><img loading=\"lazy\" decoding=\"async\" width=\"300\" height=\"206\" src=\"https:\/\/www.infomoney.com.br\/wp-content\/uploads\/2019\/06\/romeu-zema-2.jpg?fit=300%2C206&amp;quality=70&amp;strip=all\" class=\"attachment-medium size-medium wp-post-image\" alt=\"\" data-attachment-id=\"54378\" data-permalink=\"https:\/\/www.infomoney.com.br\/romeu-zema-2\/\" data-orig-file=\"https:\/\/www.infomoney.com.br\/wp-content\/uploads\/2019\/06\/romeu-zema-2.jpg?fit=900%2C618&amp;quality=70&amp;strip=all\" data-orig-size=\"900,618\" data-comments-opened=\"1\" data-image-meta='{\"aperture\":\"0\",\"credit\":\"\",\"camera\":\"\",\"caption\":\"\",\"created_timestamp\":\"0\",\"copyright\":\"\",\"focal_length\":\"0\",\"iso\":\"0\",\"shutter_speed\":\"0\",\"title\":\"\",\"orientation\":\"0\"}' data-image-title=\"romeu-zema-2\" data-image-description=\"\" data-image-caption=\"\" data-medium-file=\"https:\/\/www.infomoney.com.br\/wp-content\/uploads\/2019\/06\/romeu-zema-2.jpg?fit=300%2C206&amp;quality=70&amp;strip=all\" data-large-file=\"https:\/\/www.infomoney.com.br\/wp-content\/uploads\/2019\/06\/romeu-zema-2.jpg?fit=900%2C618&amp;quality=70&amp;strip=all\">Estados querem mais prazo e redu\u00e7\u00e3o no indexador da d\u00edvida com a Uni\u00e3o<\/p>\n<p>The post <a rel=\"nofollow\" href=\"https:\/\/www.infomoney.com.br\/politica\/governadores-pedem-a-haddad-ajustes-em-regras-de-recuperacao-fiscal\/\">Governadores pedem a Haddad ajustes em regras de recupera\u00e7\u00e3o fiscal<\/a> appeared first on <a rel=\"nofollow\" href=\"https:\/\/www.infomoney.com.br\/\">InfoMoney<\/a>.<\/p>\n","protected":false},"author":44,"featured_media":0,"comment_status":"closed","ping_status":"closed","sticky":false,"template":"","format":"standard","meta":{"advgb_blocks_editor_width":"","advgb_blocks_columns_visual_guide":"","footnotes":""},"categories":[34,130,47],"tags":[35],"class_list":["post-18040","post","type-post","status-publish","format-standard","hentry","category-g1","category-ministerio-da-fazenda","category-politica","tag-g1"],"author_meta":{"display_name":"Ag\u00eancia Brasil","author_link":"https:\/\/sindaopcpb.org.br\/author\/agencia-brasil\/"},"featured_img":null,"coauthors":[],"tax_additional":{"categories":{"linked":["<a href=\"https:\/\/sindaopcpb.org.br\/g1\/\" class=\"advgb-post-tax-term\">G1<\/a>","<a href=\"https:\/\/sindaopcpb.org.br\/ministerio-da-fazenda\/\" class=\"advgb-post-tax-term\">Minist\u00e9rio da Fazenda<\/a>","<a href=\"https:\/\/sindaopcpb.org.br\/politica\/\" class=\"advgb-post-tax-term\">POLITICA<\/a>"],"unlinked":["<span class=\"advgb-post-tax-term\">G1<\/span>","<span class=\"advgb-post-tax-term\">Minist\u00e9rio da Fazenda<\/span>","<span class=\"advgb-post-tax-term\">POLITICA<\/span>"]},"tags":{"linked":["<a href=\"https:\/\/sindaopcpb.org.br\/politica\/\" class=\"advgb-post-tax-term\">g1<\/a>"],"unlinked":["<span class=\"advgb-post-tax-term\">g1<\/span>"]}},"comment_count":"0","relative_dates":{"created":"Publicado 3 anos atr\u00e1s","modified":"Atualizado 3 anos atr\u00e1s"},"absolute_dates":{"created":"Publicado em 25 de maio de 2023","modified":"Atualizado em 25 de maio de 2023"},"absolute_dates_time":{"created":"Publicado em 25 de maio de 2023 10:05","modified":"Atualizado em 25 de maio de 2023 10:05"},"featured_img_caption":"","series_order":"","_links":{"self":[{"href":"https:\/\/sindaopcpb.org.br\/index.php\/wp-json\/wp\/v2\/posts\/18040","targetHints":{"allow":["GET"]}}],"collection":[{"href":"https:\/\/sindaopcpb.org.br\/index.php\/wp-json\/wp\/v2\/posts"}],"about":[{"href":"https:\/\/sindaopcpb.org.br\/index.php\/wp-json\/wp\/v2\/types\/post"}],"author":[{"embeddable":true,"href":"https:\/\/sindaopcpb.org.br\/index.php\/wp-json\/wp\/v2\/users\/44"}],"replies":[{"embeddable":true,"href":"https:\/\/sindaopcpb.org.br\/index.php\/wp-json\/wp\/v2\/comments?post=18040"}],"version-history":[{"count":1,"href":"https:\/\/sindaopcpb.org.br\/index.php\/wp-json\/wp\/v2\/posts\/18040\/revisions"}],"predecessor-version":[{"id":18041,"href":"https:\/\/sindaopcpb.org.br\/index.php\/wp-json\/wp\/v2\/posts\/18040\/revisions\/18041"}],"wp:attachment":[{"href":"https:\/\/sindaopcpb.org.br\/index.php\/wp-json\/wp\/v2\/media?parent=18040"}],"wp:term":[{"taxonomy":"category","embeddable":true,"href":"https:\/\/sindaopcpb.org.br\/index.php\/wp-json\/wp\/v2\/categories?post=18040"},{"taxonomy":"post_tag","embeddable":true,"href":"https:\/\/sindaopcpb.org.br\/index.php\/wp-json\/wp\/v2\/tags?post=18040"}],"curies":[{"name":"wp","href":"https:\/\/api.w.org\/{rel}","templated":true}]}}