{"id":18013,"date":"2023-05-25T08:04:29","date_gmt":"2023-05-25T11:04:29","guid":{"rendered":"https:\/\/www.infomoney.com.br\/?p=2143414"},"modified":"2023-05-25T08:04:29","modified_gmt":"2023-05-25T11:04:29","slug":"guilherme-mello-exalta-votacao-expressiva-do-arcabouco-fiscal-na-camara-e-diz-que-texto-retira-incertezas-do-radar-macroeconomico","status":"publish","type":"post","link":"https:\/\/sindaopcpb.org.br\/index.php\/2023\/05\/25\/guilherme-mello-exalta-votacao-expressiva-do-arcabouco-fiscal-na-camara-e-diz-que-texto-retira-incertezas-do-radar-macroeconomico\/","title":{"rendered":"Guilherme Mello exalta vota\u00e7\u00e3o expressiva do arcabou\u00e7o fiscal na C\u00e2mara e diz que texto retira incertezas do radar macroecon\u00f4mico"},"content":{"rendered":"<p><img loading=\"lazy\" width=\"300\" height=\"200\" src=\"https:\/\/www.infomoney.com.br\/wp-content\/uploads\/2023\/05\/52677895990_ec3a5f7402_c.jpg?fit=300%2C200&amp;quality=70&amp;strip=all\" class=\"attachment-medium size-medium wp-post-image\" alt=\"\" decoding=\"async\" style=\"float:right; margin:0 0 10px 10px;\" srcset=\"https:\/\/www.infomoney.com.br\/wp-content\/uploads\/2023\/05\/52677895990_ec3a5f7402_c.jpg?w=799&amp;quality=70&amp;strip=all 799w, https:\/\/www.infomoney.com.br\/wp-content\/uploads\/2023\/05\/52677895990_ec3a5f7402_c.jpg?w=300&amp;quality=70&amp;strip=all 300w, https:\/\/www.infomoney.com.br\/wp-content\/uploads\/2023\/05\/52677895990_ec3a5f7402_c.jpg?w=768&amp;quality=70&amp;strip=all 768w, https:\/\/www.infomoney.com.br\/wp-content\/uploads\/2023\/05\/52677895990_ec3a5f7402_c.jpg?w=150&amp;quality=70&amp;strip=all 150w\" sizes=\"auto, (max-width: 300px) 100vw, 300px\" data-attachment-id=\"2143425\" data-permalink=\"https:\/\/www.infomoney.com.br\/politica\/guilherme-mello-exalta-votacao-expressiva-do-arcabouco-fiscal-na-camara-e-diz-que-texto-retira-incertezas-do-radar-macroeconomico\/attachment\/52677895990_ec3a5f7402_c\/\" data-orig-file=\"https:\/\/www.infomoney.com.br\/wp-content\/uploads\/2023\/05\/52677895990_ec3a5f7402_c.jpg?fit=799%2C533&amp;quality=70&amp;strip=all\" data-orig-size=\"799,533\" data-comments-opened=\"0\" data-image-meta=\"{&quot;aperture&quot;:&quot;0&quot;,&quot;credit&quot;:&quot;&quot;,&quot;camera&quot;:&quot;&quot;,&quot;caption&quot;:&quot;&quot;,&quot;created_timestamp&quot;:&quot;0&quot;,&quot;copyright&quot;:&quot;&quot;,&quot;focal_length&quot;:&quot;0&quot;,&quot;iso&quot;:&quot;0&quot;,&quot;shutter_speed&quot;:&quot;0&quot;,&quot;title&quot;:&quot;&quot;,&quot;orientation&quot;:&quot;0&quot;}\" data-image-title=\"Guilherme Mello\" data-image-description=\"\" data-image-caption=\"&lt;p&gt;O secret\u00e1rio de Pol\u00edtica Econ\u00f4mica do Minist\u00e9rio da Fazenda, Guilherme Mello (FOTO: EDU ANDRADE\/Ascom\/MF)&lt;\/p&gt;\n\" data-medium-file=\"https:\/\/www.infomoney.com.br\/wp-content\/uploads\/2023\/05\/52677895990_ec3a5f7402_c.jpg?fit=300%2C200&amp;quality=70&amp;strip=all\" data-large-file=\"https:\/\/www.infomoney.com.br\/wp-content\/uploads\/2023\/05\/52677895990_ec3a5f7402_c.jpg?fit=799%2C533&amp;quality=70&amp;strip=all\" title=\"\"><\/p>\n<p>O secret\u00e1rio de Pol\u00edtica Econ\u00f4mica do Minist\u00e9rio da Fazenda, <strong>Guilherme Mello<\/strong>, comemorou a vota\u00e7\u00e3o conquistada pelo governo na vota\u00e7\u00e3o do texto-base do projeto de lei complementar que trata do <strong>novo arcabou\u00e7o fiscal<\/strong> (PLP 93\/2023), aprovado por 372 votos favor\u00e1veis a 108 contr\u00e1rios, na \u00faltima ter\u00e7a-feira (23), no plen\u00e1rio da C\u00e2mara dos Deputados.<\/p>\n<p>Em entrevista concedida ao <strong>InfoMoney<\/strong>, ele disse que o resultado, com qu\u00f3rum superior ao m\u00ednimo constitucional (308), mostra a constru\u00e7\u00e3o de uma proposta plural, que contempla um conjunto de vis\u00f5es da sociedade e compatibiliza responsabilidades fiscal e social, trazendo um horizonte de previsibilidade para as contas p\u00fablicas e a garantia de execu\u00e7\u00e3o de pol\u00edticas sinalizadas pelo presidente Luiz In\u00e1cio Lula da Silva (PT) na campanha eleitoral de 2022.<\/p>\n<p>&#8220;Foi uma vit\u00f3ria do Brasil. Em primeiro lugar, pela expressiva vota\u00e7\u00e3o, que demonstrou uma coordena\u00e7\u00e3o e uma capacidade de compreens\u00e3o da import\u00e2ncia do tema. E tamb\u00e9m do ponto de vista da economia, porque recupera a previsibilidade, a credibilidade, a transpar\u00eancia do nosso regime fiscal, apontando para a possibilidade de compatibilizar responsabilidade social e responsabilidade fiscal &#8211; e, desta forma, harmonizar a pol\u00edtica macroecon\u00f4mica como um todo&#8221;, afirmou.<\/p>\n<p>&#8220;O qu\u00f3rum demonstra que conseguimos construir uma proposta que minimamente atendia um conjunto grande de vis\u00f5es, que muitas vezes n\u00e3o s\u00e3o as mesmas, mas que existem elementos que demonstram a sustentabilidade da proposta&#8221;, afirmou.<\/p>\n<p>O secret\u00e1rio recebeu a reportagem do <strong>InfoMoney<\/strong> no gabinete da Secretaria de Pol\u00edtica Econ\u00f4mica (SPE), localizado na sede do Minist\u00e9rio da Fazenda, em Bras\u00edlia, na tarde de quarta-feira (24). Na entrevista, Mello exaltou o processo de constru\u00e7\u00e3o a v\u00e1rias m\u00e3os do projeto de lei complementar e disse que o novo regime foi bem recebido por agentes econ\u00f4micos.<\/p>\n<p>&#8220;Foi um processo muito rico, um resultado muito importante para o pa\u00eds e que reconstr\u00f3i um horizonte para a pol\u00edtica fiscal, e tamb\u00e9m para a pol\u00edtica macroecon\u00f4mica como um todo. Um horizonte bastante mais alvissareiro em que as principais incertezas saem do radar. Entra um regime previs\u00edvel, onde \u00e9 poss\u00edvel fazer contas, entender qual \u00e9 a trajet\u00f3ria, e passamos agora para outras agendas, que, junto com o novo regime fiscal, v\u00e3o colaborar para essa harmoniza\u00e7\u00e3o dentro da pol\u00edtica macroecon\u00f4mica&#8221;, disse.<\/p>\n<p><strong>Veja um trecho da entrevista em v\u00eddeo:<\/strong><\/p>\n<blockquote class=\"instagram-media\" data-instgrm-captioned data-instgrm-permalink=\"https:\/\/www.instagram.com\/reel\/CsqbpX6uslG\/?utm_source=ig_embed&amp;utm_campaign=loading\" data-instgrm-version=\"14\" style=\" background:#FFF; border:0; border-radius:3px; box-shadow:0 0 1px 0 rgba(0,0,0,0.5),0 1px 10px 0 rgba(0,0,0,0.15); margin: 1px; max-width:500px; min-width:326px; padding:0; width:99.375%; width:-webkit-calc(100% - 2px); width:calc(100% - 2px);\">\n<div style=\"padding:16px;\"> <a href=\"https:\/\/www.instagram.com\/reel\/CsqbpX6uslG\/?utm_source=ig_embed&amp;utm_campaign=loading\" style=\" background:#FFFFFF; line-height:0; padding:0 0; text-align:center; text-decoration:none; width:100%;\" rel=\"nofollow noopener\" target=\"_blank\"> <\/p>\n<div style=\" display: flex; flex-direction: row; align-items: center;\">\n<div style=\"background-color: #F4F4F4; border-radius: 50%; flex-grow: 0; height: 40px; margin-right: 14px; width: 40px;\"><\/div>\n<div style=\"display: flex; flex-direction: column; flex-grow: 1; justify-content: center;\">\n<div style=\" background-color: #F4F4F4; border-radius: 4px; flex-grow: 0; height: 14px; margin-bottom: 6px; width: 100px;\"><\/div>\n<div style=\" background-color: #F4F4F4; border-radius: 4px; flex-grow: 0; height: 14px; width: 60px;\"><\/div>\n<\/div>\n<\/div>\n<div style=\"padding: 19% 0;\"><\/div>\n<div style=\"display:block; height:50px; margin:0 auto 12px; width:50px;\"><svg width=\"50px\" height=\"50px\" viewBox=\"0 0 60 60\" version=\"1.1\" xmlns=\"https:\/\/www.w3.org\/2000\/svg\" xmlns:xlink=\"https:\/\/www.w3.org\/1999\/xlink\"><g stroke=\"none\" stroke-width=\"1\" fill=\"none\" fill-rule=\"evenodd\"><g transform=\"translate(-511.000000, -20.000000)\" fill=\"#000000\"><g><path d=\"M556.869,30.41 C554.814,30.41 553.148,32.076 553.148,34.131 C553.148,36.186 554.814,37.852 556.869,37.852 C558.924,37.852 560.59,36.186 560.59,34.131 C560.59,32.076 558.924,30.41 556.869,30.41 M541,60.657 C535.114,60.657 530.342,55.887 530.342,50 C530.342,44.114 535.114,39.342 541,39.342 C546.887,39.342 551.658,44.114 551.658,50 C551.658,55.887 546.887,60.657 541,60.657 M541,33.886 C532.1,33.886 524.886,41.1 524.886,50 C524.886,58.899 532.1,66.113 541,66.113 C549.9,66.113 557.115,58.899 557.115,50 C557.115,41.1 549.9,33.886 541,33.886 M565.378,62.101 C565.244,65.022 564.756,66.606 564.346,67.663 C563.803,69.06 563.154,70.057 562.106,71.106 C561.058,72.155 560.06,72.803 558.662,73.347 C557.607,73.757 556.021,74.244 553.102,74.378 C549.944,74.521 548.997,74.552 541,74.552 C533.003,74.552 532.056,74.521 528.898,74.378 C525.979,74.244 524.393,73.757 523.338,73.347 C521.94,72.803 520.942,72.155 519.894,71.106 C518.846,70.057 518.197,69.06 517.654,67.663 C517.244,66.606 516.755,65.022 516.623,62.101 C516.479,58.943 516.448,57.996 516.448,50 C516.448,42.003 516.479,41.056 516.623,37.899 C516.755,34.978 517.244,33.391 517.654,32.338 C518.197,30.938 518.846,29.942 519.894,28.894 C520.942,27.846 521.94,27.196 523.338,26.654 C524.393,26.244 525.979,25.756 528.898,25.623 C532.057,25.479 533.004,25.448 541,25.448 C548.997,25.448 549.943,25.479 553.102,25.623 C556.021,25.756 557.607,26.244 558.662,26.654 C560.06,27.196 561.058,27.846 562.106,28.894 C563.154,29.942 563.803,30.938 564.346,32.338 C564.756,33.391 565.244,34.978 565.378,37.899 C565.522,41.056 565.552,42.003 565.552,50 C565.552,57.996 565.522,58.943 565.378,62.101 M570.82,37.631 C570.674,34.438 570.167,32.258 569.425,30.349 C568.659,28.377 567.633,26.702 565.965,25.035 C564.297,23.368 562.623,22.342 560.652,21.575 C558.743,20.834 556.562,20.326 553.369,20.18 C550.169,20.033 549.148,20 541,20 C532.853,20 531.831,20.033 528.631,20.18 C525.438,20.326 523.257,20.834 521.349,21.575 C519.376,22.342 517.703,23.368 516.035,25.035 C514.368,26.702 513.342,28.377 512.574,30.349 C511.834,32.258 511.326,34.438 511.181,37.631 C511.035,40.831 511,41.851 511,50 C511,58.147 511.035,59.17 511.181,62.369 C511.326,65.562 511.834,67.743 512.574,69.651 C513.342,71.625 514.368,73.296 516.035,74.965 C517.703,76.634 519.376,77.658 521.349,78.425 C523.257,79.167 525.438,79.673 528.631,79.82 C531.831,79.965 532.853,80.001 541,80.001 C549.148,80.001 550.169,79.965 553.369,79.82 C556.562,79.673 558.743,79.167 560.652,78.425 C562.623,77.658 564.297,76.634 565.965,74.965 C567.633,73.296 568.659,71.625 569.425,69.651 C570.167,67.743 570.674,65.562 570.82,62.369 C570.966,59.17 571,58.147 571,50 C571,41.851 570.966,40.831 570.82,37.631\"><\/path><\/g><\/g><\/g><\/svg><\/div>\n<div style=\"padding-top: 8px;\">\n<div style=\" color:#3897f0; font-family:Arial,sans-serif; font-size:14px; font-style:normal; font-weight:550; line-height:18px;\">View this post on Instagram<\/div>\n<\/div>\n<div style=\"padding: 12.5% 0;\"><\/div>\n<div style=\"display: flex; flex-direction: row; margin-bottom: 14px; align-items: center;\">\n<div>\n<div style=\"background-color: #F4F4F4; border-radius: 50%; height: 12.5px; width: 12.5px; transform: translateX(0px) translateY(7px);\"><\/div>\n<div style=\"background-color: #F4F4F4; height: 12.5px; transform: rotate(-45deg) translateX(3px) translateY(1px); width: 12.5px; flex-grow: 0; margin-right: 14px; margin-left: 2px;\"><\/div>\n<div style=\"background-color: #F4F4F4; border-radius: 50%; height: 12.5px; width: 12.5px; transform: translateX(9px) translateY(-18px);\"><\/div>\n<\/div>\n<div style=\"margin-left: 8px;\">\n<div style=\" background-color: #F4F4F4; border-radius: 50%; flex-grow: 0; height: 20px; width: 20px;\"><\/div>\n<div style=\" width: 0; height: 0; border-top: 2px solid transparent; border-left: 6px solid #f4f4f4; border-bottom: 2px solid transparent; transform: translateX(16px) translateY(-4px) rotate(30deg)\"><\/div>\n<\/div>\n<div style=\"margin-left: auto;\">\n<div style=\" width: 0px; border-top: 8px solid #F4F4F4; border-right: 8px solid transparent; transform: translateY(16px);\"><\/div>\n<div style=\" background-color: #F4F4F4; flex-grow: 0; height: 12px; width: 16px; transform: translateY(-4px);\"><\/div>\n<div style=\" width: 0; height: 0; border-top: 8px solid #F4F4F4; border-left: 8px solid transparent; transform: translateY(-4px) translateX(8px);\"><\/div>\n<\/div>\n<\/div>\n<div style=\"display: flex; flex-direction: column; flex-grow: 1; justify-content: center; margin-bottom: 24px;\">\n<div style=\" background-color: #F4F4F4; border-radius: 4px; flex-grow: 0; height: 14px; margin-bottom: 6px; width: 224px;\"><\/div>\n<div style=\" background-color: #F4F4F4; border-radius: 4px; flex-grow: 0; height: 14px; width: 144px;\"><\/div>\n<\/div>\n<p><\/a><\/p>\n<p style=\" color:#c9c8cd; font-family:Arial,sans-serif; font-size:14px; line-height:17px; margin-bottom:0; margin-top:8px; overflow:hidden; padding:8px 0 7px; text-align:center; text-overflow:ellipsis; white-space:nowrap;\"><a href=\"https:\/\/www.instagram.com\/reel\/CsqbpX6uslG\/?utm_source=ig_embed&amp;utm_campaign=loading\" style=\" color:#c9c8cd; font-family:Arial,sans-serif; font-size:14px; font-style:normal; font-weight:normal; line-height:17px; text-decoration:none;\" rel=\"nofollow noopener\" target=\"_blank\">A post shared by InfoMoney (@infomoney)<\/a><\/p>\n<\/div>\n<\/blockquote>\n<p><script async src=\"https:\/\/platform.instagram.com\/en_US\/embeds.js\"><\/script><\/p>\n<p>O texto agora segue para aprecia\u00e7\u00e3o do Senado Federal, onde a tend\u00eancia \u00e9 que passe pelo menos pela Comiss\u00e3o de Assuntos Econ\u00f4micos (CAE) antes de ser levada a vota\u00e7\u00e3o em plen\u00e1rio. A relatoria ficar\u00e1 com o senador Omar Aziz (PSD-AM), um aliado do governo.<\/p>\n<p>Caso seja aprovado sem altera\u00e7\u00f5es de m\u00e9rito na casa legislativa, ele poder\u00e1 seguir para san\u00e7\u00e3o do presidente Lula. Se for modificado pelos senadores, precisar\u00e1 passar por mais uma rodada de discuss\u00f5es na C\u00e2mara, que tem a palavra final sobre proposi\u00e7\u00f5es encaminhadas pelo Poder Executivo.<\/p>\n<p>Durante a entrevista, Mello minimizou as modifica\u00e7\u00f5es feitas pelos deputados ao longo de um m\u00eas de tramita\u00e7\u00e3o do PLP na C\u00e2mara. O parecer final do relator, deputado Cl\u00e1udio Cajado (PP-BA), incorporou &#8220;gatilhos&#8221; obrigat\u00f3rios, que precisam ser acionados pelo governo caso o limite inferior da meta estabelecida para resultado prim\u00e1rio n\u00e3o seja alcan\u00e7ada em um determinado exerc\u00edcio.<\/p>\n<p>O item gerou preocupa\u00e7\u00f5es entre parlamentares de esquerda, que temem que o dispositivo coloque em risco a execu\u00e7\u00e3o de programas sociais, e foi objeto de destaque supressivo apresentado pela bancada da Federa\u00e7\u00e3o Rede-PSOL, mas acabou rejeitado em plen\u00e1rio &#8211; inclusive com apoio do pr\u00f3prio governo.<\/p>\n<p>&#8220;A quest\u00e3o dos gatilhos era algo que j\u00e1 estava presente na regra anterior. Houve um entendimento no parlamento de que seria importante ter medidas de &#8216;enforcement&#8217; (impositividade) mais estritas, para o caso de n\u00e3o cumprimento das metas&#8221;, observou o secret\u00e1rio.<\/p>\n<p>&#8220;Eu n\u00e3o acho que ela inviabiliza pol\u00edticas p\u00fablicas, at\u00e9 porque estamos confiantes na nossa capacidade de gerir a pol\u00edtica fiscal e cumprir as metas. Mas mesmo que por alguma circunst\u00e2ncia isso n\u00e3o ocorra, h\u00e1 um conjunto de limita\u00e7\u00f5es que n\u00e3o s\u00e3o perenes, que s\u00e3o s\u00f3 enquanto n\u00e3o conseguirmos retomar a trajet\u00f3ria e que podem, num curto espa\u00e7o de tempo, colaborar para retomar a trajet\u00f3ria inicialmente estabelecida&#8221;, pontuou.<\/p>\n<p>Outra mudan\u00e7a aprovada pela C\u00e2mara dos Deputados foi a incorpora\u00e7\u00e3o dos par\u00e2metros do novo marco fiscal ao pr\u00f3prio projeto de lei complementar, reduzindo o n\u00edvel de discricionariedade do governo de turno em estabelecer suas pr\u00f3prias balizas para a regra.<\/p>\n<p>&#8220;Em nosso desenho original, imaginamos que, a partir de determinado momento &#8211; ou de um novo governo ou quando estabilizasse a d\u00edvida p\u00fablica -, seria poss\u00edvel repensar esses par\u00e2metros, porque estar\u00edamos em outro momento, outra circunst\u00e2ncia, com outro governo&#8221;, disse o chefe da Secretaria de Pol\u00edtica Econ\u00f4mica da Fazenda.<\/p>\n<p>&#8220;Mas acho que isso tamb\u00e9m n\u00e3o impede o desenho da regra de se tornar perene. Se no futuro houver uma avalia\u00e7\u00e3o de que tudo mudou, as circunst\u00e2ncias mudaram e \u00e9 preciso fazer ajustes, sempre \u00e9 poss\u00edvel fazer ajustes dentro da pr\u00f3pria lei, mantendo o desenho, mas essa n\u00e3o \u00e9 nossa inten\u00e7\u00e3o&#8221;, sustentou.<\/p>\n<p>Mello tamb\u00e9m considerou um acerto dos deputados a manuten\u00e7\u00e3o de dispositivo que afasta a possibilidade de criminaliza\u00e7\u00e3o do agente p\u00fablico em caso de descumprimento das metas fiscais estabelecidas, conforme previa a Lei de Responsabilidade Fiscal (LRF), desde que todas as medidas previstas no projeto sejam tomadas.<\/p>\n<p>&#8220;Foi muito importante mantermos a ideia de descriminaliza\u00e7\u00e3o da pol\u00edtica fiscal. Ou seja, voc\u00ea tem que fazer tudo o que estiver a seu alcance, dentro de determinados limites, para alcan\u00e7ar as metas que voc\u00ea estabeleceu. Caso n\u00e3o alcance, h\u00e1 mecanismos de corre\u00e7\u00e3o que s\u00e3o colocados na regra, mas n\u00e3o se cometeu um crime, n\u00e3o personaliza e n\u00e3o cria at\u00e9 uma instabilidade pol\u00edtica que inviabiliza a continuidade do governo&#8221;, argumentou.<\/p>\n<p>&#8220;E tamb\u00e9m n\u00e3o se cria aquele incentivo para ficar mudando a meta a cada momento, porque n\u00e3o \u00e9 crime. Acho que o desenho final de alguma forma contempla aquilo que mais nos preocupava. N\u00e3o vejo problemas maiores desse ponto de vista&#8221;, concluiu.<\/p>\n<p>The post <a rel=\"nofollow noopener\" href=\"https:\/\/www.infomoney.com.br\/politica\/guilherme-mello-exalta-votacao-expressiva-do-arcabouco-fiscal-na-camara-e-diz-que-texto-retira-incertezas-do-radar-macroeconomico\/\" target=\"_blank\">Guilherme Mello exalta vota\u00e7\u00e3o expressiva do arcabou\u00e7o fiscal na C\u00e2mara e diz que texto retira incertezas do radar macroecon\u00f4mico<\/a> appeared first on <a rel=\"nofollow noopener\" href=\"https:\/\/www.infomoney.com.br\/\" target=\"_blank\">InfoMoney<\/a>.<\/p>\n","protected":false},"excerpt":{"rendered":"<p><img loading=\"lazy\" decoding=\"async\" width=\"300\" height=\"200\" src=\"https:\/\/www.infomoney.com.br\/wp-content\/uploads\/2023\/05\/52677895990_ec3a5f7402_c.jpg?fit=300%2C200&amp;quality=70&amp;strip=all\" class=\"attachment-medium size-medium wp-post-image\" alt=\"\" data-attachment-id=\"2143425\" data-permalink=\"https:\/\/www.infomoney.com.br\/politica\/guilherme-mello-exalta-votacao-expressiva-do-arcabouco-fiscal-na-camara-e-diz-que-texto-retira-incertezas-do-radar-macroeconomico\/attachment\/52677895990_ec3a5f7402_c\/\" data-orig-file=\"https:\/\/www.infomoney.com.br\/wp-content\/uploads\/2023\/05\/52677895990_ec3a5f7402_c.jpg?fit=799%2C533&amp;quality=70&amp;strip=all\" data-orig-size=\"799,533\" data-comments-opened=\"0\" data-image-meta='{\"aperture\":\"0\",\"credit\":\"\",\"camera\":\"\",\"caption\":\"\",\"created_timestamp\":\"0\",\"copyright\":\"\",\"focal_length\":\"0\",\"iso\":\"0\",\"shutter_speed\":\"0\",\"title\":\"\",\"orientation\":\"0\"}' data-image-title=\"Guilherme Mello\" data-image-description=\"\" data-image-caption=\"&lt;p&gt;O secret\u00e1rio de Pol\u00edtica Econ\u00f4mica do Minist\u00e9rio da Fazenda, Guilherme Mello (FOTO: EDU ANDRADE\/Ascom\/MF)&lt;\/p&gt;\n\" data-medium-file=\"https:\/\/www.infomoney.com.br\/wp-content\/uploads\/2023\/05\/52677895990_ec3a5f7402_c.jpg?fit=300%2C200&amp;quality=70&amp;strip=all\" data-large-file=\"https:\/\/www.infomoney.com.br\/wp-content\/uploads\/2023\/05\/52677895990_ec3a5f7402_c.jpg?fit=799%2C533&amp;quality=70&amp;strip=all\">Secret\u00e1rio de Pol\u00edtica Econ\u00f4mica da Fazenda minimiza mudan\u00e7as aprovadas pelos deputados e diz que &#8220;gatilhos&#8221; obrigat\u00f3rios n\u00e3o amea\u00e7am programas sociais<\/p>\n<p>The post <a rel=\"nofollow\" href=\"https:\/\/www.infomoney.com.br\/politica\/guilherme-mello-exalta-votacao-expressiva-do-arcabouco-fiscal-na-camara-e-diz-que-texto-retira-incertezas-do-radar-macroeconomico\/\">Guilherme Mello exalta vota\u00e7\u00e3o expressiva do arcabou\u00e7o fiscal na C\u00e2mara e diz que texto retira incertezas do radar macroecon\u00f4mico<\/a> appeared first on <a rel=\"nofollow\" href=\"https:\/\/www.infomoney.com.br\/\">InfoMoney<\/a>.<\/p>\n","protected":false},"author":52,"featured_media":0,"comment_status":"closed","ping_status":"closed","sticky":false,"template":"","format":"standard","meta":{"advgb_blocks_editor_width":"","advgb_blocks_columns_visual_guide":"","footnotes":""},"categories":[108,559,69,34,260,280,130,47],"tags":[35],"class_list":["post-18013","post","type-post","status-publish","format-standard","hentry","category-arcabouco-fiscal","category-contas-publicas","category-economia","category-g1","category-governo","category-guilherme-mello","category-ministerio-da-fazenda","category-politica","tag-g1"],"author_meta":{"display_name":"Marcos Mortari","author_link":"https:\/\/sindaopcpb.org.br\/author\/marcos-mortari\/"},"featured_img":null,"coauthors":[],"tax_additional":{"categories":{"linked":["<a href=\"https:\/\/sindaopcpb.org.br\/arcabouco-fiscal\/\" class=\"advgb-post-tax-term\">Arcabou\u00e7o Fiscal<\/a>","<a href=\"https:\/\/sindaopcpb.org.br\/contas-publicas\/\" class=\"advgb-post-tax-term\">Contas P\u00fablicas<\/a>","<a href=\"https:\/\/sindaopcpb.org.br\/economia\/\" class=\"advgb-post-tax-term\">Economia<\/a>","<a href=\"https:\/\/sindaopcpb.org.br\/g1\/\" class=\"advgb-post-tax-term\">G1<\/a>","<a href=\"https:\/\/sindaopcpb.org.br\/governo\/\" class=\"advgb-post-tax-term\">Governo<\/a>","<a href=\"https:\/\/sindaopcpb.org.br\/guilherme-mello\/\" class=\"advgb-post-tax-term\">Guilherme Mello<\/a>","<a href=\"https:\/\/sindaopcpb.org.br\/ministerio-da-fazenda\/\" class=\"advgb-post-tax-term\">Minist\u00e9rio da Fazenda<\/a>","<a href=\"https:\/\/sindaopcpb.org.br\/politica\/\" class=\"advgb-post-tax-term\">POLITICA<\/a>"],"unlinked":["<span class=\"advgb-post-tax-term\">Arcabou\u00e7o Fiscal<\/span>","<span class=\"advgb-post-tax-term\">Contas P\u00fablicas<\/span>","<span class=\"advgb-post-tax-term\">Economia<\/span>","<span class=\"advgb-post-tax-term\">G1<\/span>","<span class=\"advgb-post-tax-term\">Governo<\/span>","<span class=\"advgb-post-tax-term\">Guilherme Mello<\/span>","<span class=\"advgb-post-tax-term\">Minist\u00e9rio da Fazenda<\/span>","<span class=\"advgb-post-tax-term\">POLITICA<\/span>"]},"tags":{"linked":["<a href=\"https:\/\/sindaopcpb.org.br\/politica\/\" class=\"advgb-post-tax-term\">g1<\/a>"],"unlinked":["<span class=\"advgb-post-tax-term\">g1<\/span>"]}},"comment_count":"0","relative_dates":{"created":"Publicado 3 anos atr\u00e1s","modified":"Atualizado 3 anos atr\u00e1s"},"absolute_dates":{"created":"Publicado em 25 de maio de 2023","modified":"Atualizado em 25 de maio de 2023"},"absolute_dates_time":{"created":"Publicado em 25 de maio de 2023 08:04","modified":"Atualizado em 25 de maio de 2023 08:04"},"featured_img_caption":"","series_order":"","_links":{"self":[{"href":"https:\/\/sindaopcpb.org.br\/index.php\/wp-json\/wp\/v2\/posts\/18013","targetHints":{"allow":["GET"]}}],"collection":[{"href":"https:\/\/sindaopcpb.org.br\/index.php\/wp-json\/wp\/v2\/posts"}],"about":[{"href":"https:\/\/sindaopcpb.org.br\/index.php\/wp-json\/wp\/v2\/types\/post"}],"author":[{"embeddable":true,"href":"https:\/\/sindaopcpb.org.br\/index.php\/wp-json\/wp\/v2\/users\/52"}],"replies":[{"embeddable":true,"href":"https:\/\/sindaopcpb.org.br\/index.php\/wp-json\/wp\/v2\/comments?post=18013"}],"version-history":[{"count":1,"href":"https:\/\/sindaopcpb.org.br\/index.php\/wp-json\/wp\/v2\/posts\/18013\/revisions"}],"predecessor-version":[{"id":18014,"href":"https:\/\/sindaopcpb.org.br\/index.php\/wp-json\/wp\/v2\/posts\/18013\/revisions\/18014"}],"wp:attachment":[{"href":"https:\/\/sindaopcpb.org.br\/index.php\/wp-json\/wp\/v2\/media?parent=18013"}],"wp:term":[{"taxonomy":"category","embeddable":true,"href":"https:\/\/sindaopcpb.org.br\/index.php\/wp-json\/wp\/v2\/categories?post=18013"},{"taxonomy":"post_tag","embeddable":true,"href":"https:\/\/sindaopcpb.org.br\/index.php\/wp-json\/wp\/v2\/tags?post=18013"}],"curies":[{"name":"wp","href":"https:\/\/api.w.org\/{rel}","templated":true}]}}