{"id":18,"date":"2019-08-08T12:34:33","date_gmt":"2019-08-08T15:34:33","guid":{"rendered":"https:\/\/sindaopcpb.org.br\/index.php\/2019\/08\/08\/entidades-de-representacao-das-policias-civil-militar-e-corpo-de-bombeiros-militar-da-paraiba-se-reuniram-para-fortalecer-campanha-pelo-cumprimento-da-lei-do-subsidio\/"},"modified":"2019-08-08T12:34:33","modified_gmt":"2019-08-08T15:34:33","slug":"entidades-de-representacao-das-policias-civil-militar-e-corpo-de-bombeiros-militar-da-paraiba-se-reuniram-para-fortalecer-campanha-pelo-cumprimento-da-lei-do-subsidio","status":"publish","type":"post","link":"https:\/\/sindaopcpb.org.br\/index.php\/2019\/08\/08\/entidades-de-representacao-das-policias-civil-militar-e-corpo-de-bombeiros-militar-da-paraiba-se-reuniram-para-fortalecer-campanha-pelo-cumprimento-da-lei-do-subsidio\/","title":{"rendered":"ENTIDADES DE REPRESENTA\u00c7\u00c3O\u00a0DAS POL\u00cdCIAS CIVIL, MILITAR E CORPO DE BOMBEIROS MILITAR DA PARA\u00cdBA, SE REUNIRAM PARA FORTALECER CAMPANHA PELO CUMPRIMENTO DA LEI DO SUBS\u00cdDIO"},"content":{"rendered":"<header class=\"entry-header\">\n<h1 class=\"entry-title\"><span class=\"byline\" style=\"font-size: 10pt;\">Por:\u00a0<a class=\"url fn n\" href=\"http:\/\/ncstpb.org.br\/author\/ncstpb\/\" rel=\"nofollow noopener\" target=\"_blank\">NCST-PB<\/a><\/span><\/h1>\n<\/header>\n<div class=\"entry-content\">\n<div class=\"post_image\" style=\"text-align: justify;\"><\/div>\n<div class=\"post_content\">\n<p style=\"text-align: justify;\">Na manh\u00e3 do \u00faltimo dia 30, o Sindicato dos Servidores da Pol\u00edcia Civil do Estado da Para\u00edba, filiado a Nova Central Sindical \u2013 NCST, Confedera\u00e7\u00e3o Brasileira de Trabalhadores Policias Civis \u2013 COBRAPOL, FEIPOL\/NE, se reuniu com \u00e0 Associa\u00e7\u00e3o de Defesa das Prerrogativas dos Delegados de Pol\u00edcia da Para\u00edba (Adepdel) em sua sede, juntamente com outros representantes de entidades associativas das Pol\u00edcias Civil, Militar e dos Bombeiros, Caixa Beneficente dos Oficiais e Pra\u00e7as da Pol\u00edcia Militar e Bombeiro Militar da Para\u00edba, Clube dos Oficiais da Pol\u00edcia e Bombeiro Militar da Para\u00edba, Associa\u00e7\u00e3o dos T\u00e9cnicos em Per\u00edcia e Necrotomistas da Pol\u00edcia Civil (Atenepol), Associa\u00e7\u00e3o dos Papiloscopistas Policiais Civis da Para\u00edba e o representante da categoria dos Agentes Operacionais da Pol\u00edcia Civil, \u00a0para unir for\u00e7as em busca do cumprimento da implementa\u00e7\u00e3o da remunera\u00e7\u00e3o por subs\u00eddio. O pleito vai beneficiar mais de 17 dezesseismil profissionais, garantindo a incorpora\u00e7\u00e3o da bolsa desempenho e demais verbas prec\u00e1rias nos sal\u00e1rios desses trabalhadores da Seguran\u00e7a P\u00fablica. A Constitui\u00e7\u00e3o Federal prev\u00ea que o pagamento das pol\u00edcias civis e militares seja por subs\u00eddio.<\/p>\n<p style=\"text-align: justify;\">O momento de conseguirmos essa conquista \u00e9 agora, pois temos confian\u00e7a no trabalho da atual Secretaria de Seguran\u00e7a P\u00fablica e do novo governador, que reconhecem a import\u00e2ncia das for\u00e7as de seguran\u00e7a e da valoriza\u00e7\u00e3o do ser humano, como demonstrou na semana passada com a assinatura do Plano de Cargos e Carreiras dos agentes penitenci\u00e1rios. Vale lembrar que Pernambuco e Rio Grande do Norte, j\u00e1 garantiram o direito do subs\u00eddio aos seus profissionais\u201d, disse o presidente da Adepdel, Steferson Nogueira.<\/p>\n<p style=\"text-align: justify;\">A incorpora\u00e7\u00e3o da bolsa desempenho e demais verbas prec\u00e1rias no sal\u00e1rio \u00e9 importante porque garante que, ao se aposentar, um policial civil ou militar n\u00e3o perca 40% ou mais do sal\u00e1rio como vem acontecendo no Estado da Para\u00edba, acredito que o subs\u00eddio v\u00e1 corrigir esse tipo de distor\u00e7\u00e3o\u201d, afirmou o representante da Caixa Beneficente dos Oficiais e Pra\u00e7as da Pol\u00edcia Militar e Bombeiro Militar da Para\u00edba, falou o Major Edilson Bernardo.<\/p>\n<p style=\"text-align: justify;\">A presidente da Associa\u00e7\u00e3o dos T\u00e9cnicos em Per\u00edcia e Necrotomistas da Pol\u00edcia Civil (Atenepol), Germana Hon\u00f3rio, tamb\u00e9m se posicionou sobre o assunto: \u201choje, a maior reivindica\u00e7\u00e3o da nossa categoria \u00e9 o cumprimento da lei. O subs\u00eddio vai ser um passo fundamental para que depois a gente possa buscar outro ponto importante que \u00e9 a aplica\u00e7\u00e3o da Lei Complementar 94. Atualmente, recebemos sal\u00e1rios de n\u00edvel m\u00e9dio, mas nossas carreiras desde 2010 passaram a ser de n\u00edvel superior\u201d, colocou a necrotomista. Ela foi apoiada por Cl\u00e9bio da Silva Gomes, presidente da Associa\u00e7\u00e3o dos Papiloscopistas Policiais Civis da Para\u00edba, que se posicionou a favor da cria\u00e7\u00e3o de uma unidade das entidades associativas e sindicais em busca do subs\u00eddio.<\/p>\n<p style=\"text-align: justify;\">Tamb\u00e9m declarou apoio ao pleito, o presidente do Sindicato dos Servidores da Pol\u00edcia Civil do Estado da Para\u00edba, Ant\u00f4nio Erivaldo Henrique de Sousa. \u201cNosso sistema \u00e9 escravagista quando se trata de aposentadoria. Nos unirmos em busca do subs\u00eddio \u00e9 um grande avan\u00e7o, sinal de amadurecimento pol\u00edtico. Acredito que este grupo aqui reunido e unido represente 99% do caminho para a vit\u00f3ria\u201d, afirmou.<\/p>\n<p style=\"text-align: justify;\">J\u00e1 o coronel Francisco de Assis, presidente do Clube dos Oficiais da Pol\u00edcia e Bombeiro Militar da Para\u00edba levantou um aspecto importante da discuss\u00e3o. Para ele, hoje quem est\u00e1 na ativa tem uma situa\u00e7\u00e3o confort\u00e1vel, apesar de saber que uma hora vai ser atingido. \u201cDiante do cen\u00e1rio favor\u00e1vel no Governo, acredito que este \u00e9 o momento de cobrar o que \u00e9 assegurado por lei e n\u00e3o vem sendo cumprido\u201d, disse.<\/p>\n<\/div>\n<\/div>\n","protected":false},"excerpt":{"rendered":"<p>Por:\u00a0NCST-PB Na manh\u00e3 do \u00faltimo dia 30, o Sindicato dos Servidores da Pol\u00edcia Civil do<\/p>\n","protected":false},"author":1,"featured_media":17,"comment_status":"open","ping_status":"open","sticky":false,"template":"","format":"standard","meta":{"advgb_blocks_editor_width":"","advgb_blocks_columns_visual_guide":"","footnotes":""},"categories":[3],"tags":[19,20,21],"class_list":["post-18","post","type-post","status-publish","format-standard","has-post-thumbnail","hentry","category-uncategorised","tag-entidades-de-representacao-das-policias-civil","tag-militar-e-corpo-de-bombeiros-militar-da-paraiba","tag-se-reuniram-para-fortalecer-campanha-pelo-cumprimento-da-lei-do-subsidio"],"author_meta":{"display_name":"OrlandoPassos","author_link":"https:\/\/sindaopcpb.org.br\/author\/orlandopassos\/"},"featured_img":"https:\/\/sindaopcpb.org.br\/wp-content\/uploads\/2019\/08\/images_WhatsApp_Image_2019-08-08_at_215844-300x300.jpeg","coauthors":[],"tax_additional":{"categories":{"linked":["<a href=\"https:\/\/sindaopcpb.org.br\/uncategorised\/\" class=\"advgb-post-tax-term\">Geral<\/a>"],"unlinked":["<span class=\"advgb-post-tax-term\">Geral<\/span>"]},"tags":{"linked":["<a href=\"https:\/\/sindaopcpb.org.br\/uncategorised\/\" class=\"advgb-post-tax-term\">ENTIDADES DE REPRESENTA\u00c7\u00c3O\u00a0DAS POL\u00cdCIAS CIVIL<\/a>","<a href=\"https:\/\/sindaopcpb.org.br\/uncategorised\/\" class=\"advgb-post-tax-term\">MILITAR E CORPO DE BOMBEIROS MILITAR DA PARA\u00cdBA<\/a>","<a href=\"https:\/\/sindaopcpb.org.br\/uncategorised\/\" class=\"advgb-post-tax-term\">SE REUNIRAM PARA FORTALECER CAMPANHA PELO CUMPRIMENTO DA LEI DO SUBS\u00cdDIO<\/a>"],"unlinked":["<span class=\"advgb-post-tax-term\">ENTIDADES DE REPRESENTA\u00c7\u00c3O\u00a0DAS POL\u00cdCIAS CIVIL<\/span>","<span class=\"advgb-post-tax-term\">MILITAR E CORPO DE BOMBEIROS MILITAR DA PARA\u00cdBA<\/span>","<span class=\"advgb-post-tax-term\">SE REUNIRAM PARA FORTALECER CAMPANHA PELO CUMPRIMENTO DA LEI DO SUBS\u00cdDIO<\/span>"]}},"comment_count":"0","relative_dates":{"created":"Publicado 7 anos atr\u00e1s","modified":"Atualizado 7 anos atr\u00e1s"},"absolute_dates":{"created":"Publicado em 8 de agosto de 2019","modified":"Atualizado em 8 de agosto de 2019"},"absolute_dates_time":{"created":"Publicado em 8 de agosto de 2019 12:34","modified":"Atualizado em 8 de agosto de 2019 12:34"},"featured_img_caption":"","series_order":"","_links":{"self":[{"href":"https:\/\/sindaopcpb.org.br\/index.php\/wp-json\/wp\/v2\/posts\/18","targetHints":{"allow":["GET"]}}],"collection":[{"href":"https:\/\/sindaopcpb.org.br\/index.php\/wp-json\/wp\/v2\/posts"}],"about":[{"href":"https:\/\/sindaopcpb.org.br\/index.php\/wp-json\/wp\/v2\/types\/post"}],"author":[{"embeddable":true,"href":"https:\/\/sindaopcpb.org.br\/index.php\/wp-json\/wp\/v2\/users\/1"}],"replies":[{"embeddable":true,"href":"https:\/\/sindaopcpb.org.br\/index.php\/wp-json\/wp\/v2\/comments?post=18"}],"version-history":[{"count":0,"href":"https:\/\/sindaopcpb.org.br\/index.php\/wp-json\/wp\/v2\/posts\/18\/revisions"}],"wp:featuredmedia":[{"embeddable":true,"href":"https:\/\/sindaopcpb.org.br\/index.php\/wp-json\/wp\/v2\/media\/17"}],"wp:attachment":[{"href":"https:\/\/sindaopcpb.org.br\/index.php\/wp-json\/wp\/v2\/media?parent=18"}],"wp:term":[{"taxonomy":"category","embeddable":true,"href":"https:\/\/sindaopcpb.org.br\/index.php\/wp-json\/wp\/v2\/categories?post=18"},{"taxonomy":"post_tag","embeddable":true,"href":"https:\/\/sindaopcpb.org.br\/index.php\/wp-json\/wp\/v2\/tags?post=18"}],"curies":[{"name":"wp","href":"https:\/\/api.w.org\/{rel}","templated":true}]}}