{"id":17960,"date":"2023-05-24T16:40:00","date_gmt":"2023-05-24T19:40:00","guid":{"rendered":"https:\/\/www.infomoney.com.br\/?p=2143055"},"modified":"2023-05-24T16:40:00","modified_gmt":"2023-05-24T19:40:00","slug":"intervencao-na-oi-oibr3-e-possivel-mas-decisao-agora-seria-prematura-diz-ministro","status":"publish","type":"post","link":"https:\/\/sindaopcpb.org.br\/index.php\/2023\/05\/24\/intervencao-na-oi-oibr3-e-possivel-mas-decisao-agora-seria-prematura-diz-ministro\/","title":{"rendered":"Interven\u00e7\u00e3o na Oi (OIBR3) \u00e9 poss\u00edvel, mas decis\u00e3o agora seria prematura, diz ministro"},"content":{"rendered":"<p><img loading=\"lazy\" width=\"300\" height=\"217\" src=\"https:\/\/www.infomoney.com.br\/wp-content\/uploads\/2020\/07\/GettyImages-542628202.jpg?fit=300%2C217&amp;quality=70&amp;strip=all\" class=\"attachment-medium size-medium wp-post-image\" alt=\"Loja da Oi M\u00f3vel\/Oi telecomunica\u00e7\u00f5es em S\u00e3o Paulo\" decoding=\"async\" style=\"float:right; margin:0 0 10px 10px;\" srcset=\"https:\/\/www.infomoney.com.br\/wp-content\/uploads\/2020\/07\/GettyImages-542628202.jpg?w=1024&amp;quality=70&amp;strip=all 1024w, https:\/\/www.infomoney.com.br\/wp-content\/uploads\/2020\/07\/GettyImages-542628202.jpg?w=300&amp;quality=70&amp;strip=all 300w, https:\/\/www.infomoney.com.br\/wp-content\/uploads\/2020\/07\/GettyImages-542628202.jpg?w=768&amp;quality=70&amp;strip=all 768w, https:\/\/www.infomoney.com.br\/wp-content\/uploads\/2020\/07\/GettyImages-542628202.jpg?w=150&amp;quality=70&amp;strip=all 150w\" sizes=\"auto, (max-width: 300px) 100vw, 300px\" data-attachment-id=\"1485482\" data-permalink=\"https:\/\/www.infomoney.com.br\/brazil-business-oi-mobile-phone-store\/\" data-orig-file=\"https:\/\/www.infomoney.com.br\/wp-content\/uploads\/2020\/07\/GettyImages-542628202.jpg?fit=1024%2C740&amp;quality=70&amp;strip=all\" data-orig-size=\"1024,740\" data-comments-opened=\"1\" data-image-meta=\"{&quot;aperture&quot;:&quot;0&quot;,&quot;credit&quot;:&quot;Corbis via Getty Images&quot;,&quot;camera&quot;:&quot;&quot;,&quot;caption&quot;:&quot;Patrons speak to a representative at an Oi mobile phone store in the Eldorado Mall in Sao Paulo, Brazil. (Photo by Paulo Fridman\\\/Corbis via Getty Images)&quot;,&quot;created_timestamp&quot;:&quot;0&quot;,&quot;copyright&quot;:&quot;&quot;,&quot;focal_length&quot;:&quot;0&quot;,&quot;iso&quot;:&quot;0&quot;,&quot;shutter_speed&quot;:&quot;0&quot;,&quot;title&quot;:&quot;Brazil - Business - Oi Mobile Phone Store&quot;,&quot;orientation&quot;:&quot;0&quot;}\" data-image-title=\"Loja da Oi telecomunica\u00e7\u00f5es em S\u00e3o Paulo\" data-image-description=\"\" data-image-caption=\"&lt;p&gt;Loja da Oi M\u00f3vel\/Oi telecomunica\u00e7\u00f5es em S\u00e3o Paulo (Foto: Paulo Fridman\/Corbis via Getty Images)&lt;\/p&gt;\n\" data-medium-file=\"https:\/\/www.infomoney.com.br\/wp-content\/uploads\/2020\/07\/GettyImages-542628202.jpg?fit=300%2C217&amp;quality=70&amp;strip=all\" data-large-file=\"https:\/\/www.infomoney.com.br\/wp-content\/uploads\/2020\/07\/GettyImages-542628202.jpg?fit=1024%2C740&amp;quality=70&amp;strip=all\" title=\"\"><\/p>\n<p>O ministro das Comunica&ccedil;&otilde;es, Juscelino Filho, afirmou que o governo federal est&aacute; monitorando a situa&ccedil;&atilde;o da Oi (<a href=\"https:\/\/www.infomoney.com.br\/cotacoes\/b3\/acao\/oi-oibr3\/\" rel=\"nofollow noopener\" target=\"_blank\">OIBR3<\/a>;<a href=\"https:\/\/www.infomoney.com.br\/cotacoes\/b3\/acao\/oi-oibr4\/\" rel=\"nofollow noopener\" target=\"_blank\">OIBR4<\/a>) &ndash; maior concession&aacute;ria de telefonia fixa do Pa&iacute;s &ndash; e que a cassa&ccedil;&atilde;o da sua licen&ccedil;a ou uma interven&ccedil;&atilde;o direta na companhia s&atilde;o medidas a serem avaliadas. &ldquo;No momento, n&atilde;o h&aacute; nada definido quanto a isso. Ainda &eacute; prematuro (anunciar) uma medida dessa, mas tudo &eacute; poss&iacute;vel&rdquo;, afirmou, durante entrevista coletiva &agrave; imprensa ap&oacute;s participar de evento organizado pela Associa&ccedil;&atilde;o Brasileira de Provedores de Internet e Telecomunica&ccedil;&otilde;es (Abrint), em S&atilde;o Paulo.<\/p>\n<p>Juscelino Filho disse que j&aacute; pediu &agrave; Ag&ecirc;ncia Nacional de Telecomunica&ccedil;&otilde;es (Anatel) que preparasse um relat&oacute;rio sobre a situa&ccedil;&atilde;o financeira da operadora. A partir da&iacute;, o governo poder&aacute; avaliar quais medidas poder&atilde;o ser adotadas. &ldquo;A avalia&ccedil;&atilde;o t&eacute;cnica da Anatel &eacute; que vai determinar as medidas, n&atilde;o &eacute; o minist&eacute;rio sozinho&rdquo;, afirmou. &ldquo;Estamos acompanhando e temos esperan&ccedil;a de que se construa uma boa solu&ccedil;&atilde;o.&rdquo;<\/p>\n<p>No come&ccedil;o deste m&ecirc;s, a ag&ecirc;ncia reguladora abriu, formalmente, o processo para avaliar se a Oi tem condi&ccedil;&otilde;es econ&ocirc;micas de manter a concess&atilde;o de telefonia fixa. Dentro desse processo, a tele ter&aacute; a chance de se manifestar.<\/p>\n<div class=\"cta-middle\">\n<div class=\"im-cta\" >\n<div class=\"cta-textual bg-light bg-opacity-25 border rounded-4 p-3 p-sm-4 p-md-3 p-lg-4 px-xxl-5 my-5\">\n<div class=\"d-flex flex-column align-items-center align-items-lg-start flex-lg-row\">\n<div class=\"rounded-circle mb-2 mb-lg-0 mr-lg-4 me-lg-4 p-3 p-lg-4 bg-yellow-500\">\t\t\t\t\t\t\t\t\t<\/div>\n<div class=\"flex-fill text-center text-lg-left\">\n<div class=\"h6 small text-orange-700 lh-base mb-1\">\t\t\t\t\t\tRelat&oacute;rio Levante\t\t\t\t\t<\/div>\n<div class=\"text-body h4 m-0\">\t\t\t\t\t\tA melhor a&ccedil;&atilde;o da Bolsa para comprar agora\t\t\t\t\t<\/div>\n<div class=\"text-body small lh-base mt-2\">\t\t\t\t\t\tConfira nesse relat&oacute;rio gratuito uma Tese de Investimentos com a melhor a&ccedil;&atilde;o da Bolsa Brasileira\t\t\t\t\t<\/div>\n<p>\t\t\t\t\t\t\t\t\t\t\t\t\t<a class=\"call-to-action btn btn-primary text-white text-decoration-none mt-4 d-inline-block\" href=\"https:\/\/cloud.levanteinvestimentos.com\/melhor-acao-da-bolsa-brasileira?utm_source=infomoney&#038;utm_medium=materia&#038;%23038;utm_campaign=ifm-melhor-acao-da-bolsa-brasileira&#038;%23038;fireglass_rsn=true%23fireglass_params&#038;%23038;tabid=ac073091508a14fb&#038;%23038;start_with_session_counter=2&#038;%23038;application_server_address=xpinvestimentos-6-southamerica-east1.prod.fire.glass\" data-wa=\"cta_texto;ifm;meio\" rel=\"nofollow noopener\" target=\"_blank\">\t\t\t\t\t\tQuero receber\t\t\t\t\t<\/a>\t\t\t\t\t\t\t<\/div>\n<\/p><\/div>\n<\/p><\/div>\n<\/div>\n<\/div>\n<p>A companhia entrou, neste ano, em recupera&ccedil;&atilde;o judicial pela segunda vez, com d&iacute;vidas que totalizam R$ 44,3 bilh&otilde;es. Al&eacute;m da press&atilde;o financeira sobre a empresa, o sinal vermelho acendeu na Anatel ao perceber ind&iacute;cios de uma piora nos indicadores de servi&ccedil;os prestados pela operadora, com aumento das reclama&ccedil;&otilde;es de clientes.<\/p>\n<div class=\"infomoney-related-posts\">\n<h4>Leia tamb&eacute;m<\/h4>\n<div class=\"list\">\n<div class=\"row mx-0 item\">\n<div class=\"img-container\">\n<figure><img decoding=\"async\" class=\"img-fluid img-fluid\" src=\"https:\/\/www.infomoney.com.br\/wp-content\/uploads\/2022\/10\/oi-tele-oibr3.jpg?quality=70&#038;w=150&#038;%23038;h=150&#038;%23038;crop=1&#038;%23038;strip=all\" data-recalc-dims=\"1\" alt=\"\" title=\"\"><\/figure>\n<\/div>\n<div class=\"info\"><span class=\"hl-hat\">Em crise<\/span><span class=\"hl-title\"><a href=\"https:\/\/www.infomoney.com.br\/mercados\/oi-oibr3oibr4-recuperacao-judicial-e-caminho-mais-adequado-para-sustentabilidade-da-empresa-diz-ceo\/\" rel=\"nofollow noopener\" target=\"_blank\">Oi (OIBR3,OIBR4): Recupera&ccedil;&atilde;o judicial &eacute; caminho mais adequado para sustentabilidade da empresa, diz CEO<\/a><\/span><span class=\"hl-description\">Rodrigo Abreu tamb&eacute;m falou sobre a dilui&ccedil;&atilde;o de participa&ccedil;&otilde;es acion&aacute;rias, que deve deixar os credores com 80% da companhia<\/span><\/div>\n<\/div>\n<div class=\"row mx-0 item\">\n<div class=\"img-container\">\n<figure><img decoding=\"async\" class=\"img-fluid img-fluid\" src=\"https:\/\/www.infomoney.com.br\/wp-content\/uploads\/2020\/03\/65c2fadc-2c1c-a0d8-d80f-84b3951aab9a.jpg?quality=70&#038;w=150&#038;%23038;h=150&#038;%23038;crop=1&#038;%23038;strip=all\" data-recalc-dims=\"1\" alt=\"\" title=\"\"><\/figure>\n<\/div>\n<div class=\"info\"><span class=\"hl-hat\">Ainda mais enxuta<\/span><span class=\"hl-title\"><a href=\"https:\/\/www.infomoney.com.br\/mercados\/oi-oibr3-ao-se-desfazer-de-negocios-estrategicos-empresa-corre-o-risco-de-se-igualar-a-operadoras-regionais-de-banda-larga\/\" rel=\"nofollow noopener\" target=\"_blank\">Oi (OIBR3): Ao se desfazer de neg&oacute;cios estrat&eacute;gicos, empresa corre o risco de se igualar a operadoras regionais de banda larga<\/a><\/span><span class=\"hl-description\">Plano de recupera&ccedil;&atilde;o judicial prev&ecirc; venda de mais uma fatia da V.tal e de unidade de solu&ccedil;&otilde;es para empresas<\/span><\/div>\n<\/div>\n<\/div>\n<\/div>\n<p>Em nota sobre o caso na semana passada, a Oi afirmou que o seu processo de recupera&ccedil;&atilde;o judicial n&atilde;o apresenta impacto em suas opera&ccedil;&otilde;es. Os servi&ccedil;os prestados a clientes, e as atividades de vendas, instala&ccedil;&otilde;es, opera&ccedil;&otilde;es de campo e atendimento a clientes seguem funcionando regularmente, defendeu a operadora.<\/p>\n<p>Na nota, a companhia acrescentou que a Anatel, como poder concedente, tem o dever fiduci&aacute;rio de acompanhar as opera&ccedil;&otilde;es das concession&aacute;rias. E, no caso da Oi, h&aacute; um regime diferenciado devido ao processo de recupera&ccedil;&atilde;o, mas sem motivo para &ldquo;considera&ccedil;&otilde;es al&eacute;m disso&rdquo;, afirmou.<\/p>\n<p>Nesta quarta, durante a entrevista &agrave; imprensa, Juscelino Filho chegou a comentar que existe a possibilidade de mudan&ccedil;a do regime de concess&atilde;o para autoriza&ccedil;&atilde;o. &ldquo;&Eacute; uma possibilidade a ser constru&iacute;da, j&aacute; vinha em debate dentro da Anatel com a pr&oacute;pria Oi, mas sem defini&ccedil;&atilde;o&rdquo;, afirmou.<\/p>\n<\/p>\n<p>The post <a rel=\"nofollow noopener\" href=\"https:\/\/www.infomoney.com.br\/mercados\/intervencao-na-oi-oibr3-e-possivel-mas-decisao-agora-seria-prematura-diz-ministro\/\" target=\"_blank\">Interven\u00e7\u00e3o na Oi (OIBR3) \u00e9 poss\u00edvel, mas decis\u00e3o agora seria prematura, diz ministro<\/a> appeared first on <a rel=\"nofollow noopener\" href=\"https:\/\/www.infomoney.com.br\/\" target=\"_blank\">InfoMoney<\/a>.<\/p>\n","protected":false},"excerpt":{"rendered":"<p><img loading=\"lazy\" decoding=\"async\" width=\"300\" height=\"217\" src=\"https:\/\/www.infomoney.com.br\/wp-content\/uploads\/2020\/07\/GettyImages-542628202.jpg?fit=300%2C217&amp;quality=70&amp;strip=all\" class=\"attachment-medium size-medium wp-post-image\" alt=\"Loja da Oi M\u00f3vel\/Oi telecomunica\u00e7\u00f5es em S\u00e3o Paulo\" data-attachment-id=\"1485482\" data-permalink=\"https:\/\/www.infomoney.com.br\/brazil-business-oi-mobile-phone-store\/\" data-orig-file=\"https:\/\/www.infomoney.com.br\/wp-content\/uploads\/2020\/07\/GettyImages-542628202.jpg?fit=1024%2C740&amp;quality=70&amp;strip=all\" data-orig-size=\"1024,740\" data-comments-opened=\"1\" data-image-meta='{\"aperture\":\"0\",\"credit\":\"Corbis via Getty Images\",\"camera\":\"\",\"caption\":\"Patrons speak to a representative at an Oi mobile phone store in the Eldorado Mall in Sao Paulo, Brazil. (Photo by Paulo Fridman\\\/Corbis via Getty Images)\",\"created_timestamp\":\"0\",\"copyright\":\"\",\"focal_length\":\"0\",\"iso\":\"0\",\"shutter_speed\":\"0\",\"title\":\"Brazil - Business - Oi Mobile Phone Store\",\"orientation\":\"0\"}' data-image-title=\"Loja da Oi telecomunica\u00e7\u00f5es em S\u00e3o Paulo\" data-image-description=\"\" data-image-caption=\"&lt;p&gt;Loja da Oi M\u00f3vel\/Oi telecomunica\u00e7\u00f5es em S\u00e3o Paulo (Foto: Paulo Fridman\/Corbis via Getty Images)&lt;\/p&gt;\n\" data-medium-file=\"https:\/\/www.infomoney.com.br\/wp-content\/uploads\/2020\/07\/GettyImages-542628202.jpg?fit=300%2C217&amp;quality=70&amp;strip=all\" data-large-file=\"https:\/\/www.infomoney.com.br\/wp-content\/uploads\/2020\/07\/GettyImages-542628202.jpg?fit=1024%2C740&amp;quality=70&amp;strip=all\">&#8220;No momento, n\u00e3o h\u00e1 nada definido quanto a isso. Ainda \u00e9 prematuro (anunciar) uma medida dessa, mas tudo \u00e9 poss\u00edvel&#8221;, afirmou Juscelino Filho<\/p>\n<p>The post <a rel=\"nofollow\" href=\"https:\/\/www.infomoney.com.br\/mercados\/intervencao-na-oi-oibr3-e-possivel-mas-decisao-agora-seria-prematura-diz-ministro\/\">Interven\u00e7\u00e3o na Oi (OIBR3) \u00e9 poss\u00edvel, mas decis\u00e3o agora seria prematura, diz ministro<\/a> appeared first on <a rel=\"nofollow\" href=\"https:\/\/www.infomoney.com.br\/\">InfoMoney<\/a>.<\/p>\n","protected":false},"author":43,"featured_media":0,"comment_status":"closed","ping_status":"closed","sticky":false,"template":"","format":"standard","meta":{"advgb_blocks_editor_width":"","advgb_blocks_columns_visual_guide":"","footnotes":""},"categories":[3532,34,127,3533,120,3534,47,3535],"tags":[35],"class_list":["post-17960","post","type-post","status-publish","format-standard","hentry","category-anatel","category-g1","category-mercados","category-ministerio-das-comunicacoes","category-negocios","category-oi","category-politica","category-recuperacao-judicial","tag-g1"],"author_meta":{"display_name":"Estad\u00e3o Conte\u00fado","author_link":"https:\/\/sindaopcpb.org.br\/author\/estadao-conteudo\/"},"featured_img":null,"coauthors":[],"tax_additional":{"categories":{"linked":["<a href=\"https:\/\/sindaopcpb.org.br\/anatel\/\" class=\"advgb-post-tax-term\">Anatel<\/a>","<a href=\"https:\/\/sindaopcpb.org.br\/g1\/\" class=\"advgb-post-tax-term\">G1<\/a>","<a href=\"https:\/\/sindaopcpb.org.br\/mercados\/\" class=\"advgb-post-tax-term\">Mercados<\/a>","<a href=\"https:\/\/sindaopcpb.org.br\/ministerio-das-comunicacoes\/\" class=\"advgb-post-tax-term\">Minist\u00e9rio das Comunica\u00e7\u00f5es<\/a>","<a href=\"https:\/\/sindaopcpb.org.br\/negocios\/\" class=\"advgb-post-tax-term\">Neg\u00f3cios<\/a>","<a href=\"https:\/\/sindaopcpb.org.br\/oi\/\" class=\"advgb-post-tax-term\">Oi<\/a>","<a href=\"https:\/\/sindaopcpb.org.br\/politica\/\" class=\"advgb-post-tax-term\">POLITICA<\/a>","<a href=\"https:\/\/sindaopcpb.org.br\/recuperacao-judicial\/\" class=\"advgb-post-tax-term\">Recupera\u00e7\u00e3o judicial<\/a>"],"unlinked":["<span class=\"advgb-post-tax-term\">Anatel<\/span>","<span class=\"advgb-post-tax-term\">G1<\/span>","<span class=\"advgb-post-tax-term\">Mercados<\/span>","<span class=\"advgb-post-tax-term\">Minist\u00e9rio das Comunica\u00e7\u00f5es<\/span>","<span class=\"advgb-post-tax-term\">Neg\u00f3cios<\/span>","<span class=\"advgb-post-tax-term\">Oi<\/span>","<span class=\"advgb-post-tax-term\">POLITICA<\/span>","<span class=\"advgb-post-tax-term\">Recupera\u00e7\u00e3o judicial<\/span>"]},"tags":{"linked":["<a href=\"https:\/\/sindaopcpb.org.br\/recuperacao-judicial\/\" class=\"advgb-post-tax-term\">g1<\/a>"],"unlinked":["<span class=\"advgb-post-tax-term\">g1<\/span>"]}},"comment_count":"0","relative_dates":{"created":"Publicado 3 anos atr\u00e1s","modified":"Atualizado 3 anos atr\u00e1s"},"absolute_dates":{"created":"Publicado em 24 de maio de 2023","modified":"Atualizado em 24 de maio de 2023"},"absolute_dates_time":{"created":"Publicado em 24 de maio de 2023 16:40","modified":"Atualizado em 24 de maio de 2023 16:40"},"featured_img_caption":"","series_order":"","_links":{"self":[{"href":"https:\/\/sindaopcpb.org.br\/index.php\/wp-json\/wp\/v2\/posts\/17960","targetHints":{"allow":["GET"]}}],"collection":[{"href":"https:\/\/sindaopcpb.org.br\/index.php\/wp-json\/wp\/v2\/posts"}],"about":[{"href":"https:\/\/sindaopcpb.org.br\/index.php\/wp-json\/wp\/v2\/types\/post"}],"author":[{"embeddable":true,"href":"https:\/\/sindaopcpb.org.br\/index.php\/wp-json\/wp\/v2\/users\/43"}],"replies":[{"embeddable":true,"href":"https:\/\/sindaopcpb.org.br\/index.php\/wp-json\/wp\/v2\/comments?post=17960"}],"version-history":[{"count":1,"href":"https:\/\/sindaopcpb.org.br\/index.php\/wp-json\/wp\/v2\/posts\/17960\/revisions"}],"predecessor-version":[{"id":17961,"href":"https:\/\/sindaopcpb.org.br\/index.php\/wp-json\/wp\/v2\/posts\/17960\/revisions\/17961"}],"wp:attachment":[{"href":"https:\/\/sindaopcpb.org.br\/index.php\/wp-json\/wp\/v2\/media?parent=17960"}],"wp:term":[{"taxonomy":"category","embeddable":true,"href":"https:\/\/sindaopcpb.org.br\/index.php\/wp-json\/wp\/v2\/categories?post=17960"},{"taxonomy":"post_tag","embeddable":true,"href":"https:\/\/sindaopcpb.org.br\/index.php\/wp-json\/wp\/v2\/tags?post=17960"}],"curies":[{"name":"wp","href":"https:\/\/api.w.org\/{rel}","templated":true}]}}