{"id":17958,"date":"2023-05-24T16:43:53","date_gmt":"2023-05-24T19:43:53","guid":{"rendered":"https:\/\/www.infomoney.com.br\/?p=2143095"},"modified":"2023-05-24T16:43:53","modified_gmt":"2023-05-24T19:43:53","slug":"lira-ve-fatiamento-como-alternativa-para-aprovar-pl-das-fake-news","status":"publish","type":"post","link":"https:\/\/sindaopcpb.org.br\/index.php\/2023\/05\/24\/lira-ve-fatiamento-como-alternativa-para-aprovar-pl-das-fake-news\/","title":{"rendered":"Lira v\u00ea fatiamento como alternativa para aprovar PL das Fake News"},"content":{"rendered":"<p><img loading=\"lazy\" width=\"300\" height=\"200\" src=\"https:\/\/www.infomoney.com.br\/wp-content\/uploads\/2022\/07\/img20220621184844363MED-1.jpg?fit=300%2C200&amp;quality=70&amp;strip=all\" class=\"attachment-medium size-medium wp-post-image\" alt=\"\" decoding=\"async\" style=\"float:right; margin:0 0 10px 10px;\" srcset=\"https:\/\/www.infomoney.com.br\/wp-content\/uploads\/2022\/07\/img20220621184844363MED-1.jpg?w=1000&amp;quality=70&amp;strip=all 1000w, https:\/\/www.infomoney.com.br\/wp-content\/uploads\/2022\/07\/img20220621184844363MED-1.jpg?w=300&amp;quality=70&amp;strip=all 300w, https:\/\/www.infomoney.com.br\/wp-content\/uploads\/2022\/07\/img20220621184844363MED-1.jpg?w=768&amp;quality=70&amp;strip=all 768w, https:\/\/www.infomoney.com.br\/wp-content\/uploads\/2022\/07\/img20220621184844363MED-1.jpg?w=150&amp;quality=70&amp;strip=all 150w\" sizes=\"auto, (max-width: 300px) 100vw, 300px\" data-attachment-id=\"1883904\" data-permalink=\"https:\/\/www.infomoney.com.br\/politica\/pec-dos-auxilios-ganha-tramitacao-especial-para-passar-na-camara-antes-do-recesso\/attachment\/img20220621184844363med-1\/\" data-orig-file=\"https:\/\/www.infomoney.com.br\/wp-content\/uploads\/2022\/07\/img20220621184844363MED-1.jpg?fit=1000%2C667&amp;quality=70&amp;strip=all\" data-orig-size=\"1000,667\" data-comments-opened=\"1\" data-image-meta=\"{&quot;aperture&quot;:&quot;0&quot;,&quot;credit&quot;:&quot;&quot;,&quot;camera&quot;:&quot;&quot;,&quot;caption&quot;:&quot;&quot;,&quot;created_timestamp&quot;:&quot;0&quot;,&quot;copyright&quot;:&quot;&quot;,&quot;focal_length&quot;:&quot;0&quot;,&quot;iso&quot;:&quot;0&quot;,&quot;shutter_speed&quot;:&quot;0&quot;,&quot;title&quot;:&quot;&quot;,&quot;orientation&quot;:&quot;0&quot;}\" data-image-title=\"Arthur Lira\" data-image-description=\"\" data-image-caption=\"&lt;p&gt;O presidente da C\u00e2mara dos Deputados, Arthur Lira (PP-AL), durante sess\u00e3o plen\u00e1ria (Marina Ramos\/C\u00e2mara dos Deputados).&lt;\/p&gt;\n\" data-medium-file=\"https:\/\/www.infomoney.com.br\/wp-content\/uploads\/2022\/07\/img20220621184844363MED-1.jpg?fit=300%2C200&amp;quality=70&amp;strip=all\" data-large-file=\"https:\/\/www.infomoney.com.br\/wp-content\/uploads\/2022\/07\/img20220621184844363MED-1.jpg?fit=1000%2C667&amp;quality=70&amp;strip=all\" title=\"\"><\/p>\n<p>O presidente da C\u00e2mara dos Deputados, Arthur Lira (PP-AL), afirmou que a resist\u00eancia ao projeto que combate as fake news se deve a um interesse financeiro gigantesco das chamadas big techs para impedir a vota\u00e7\u00e3o, com a narrativa de que o texto criava uma censura. Lira concedeu entrevista \u00e0 <em>GloboNews<\/em> nesta quarta-feira (24). Ele disse que acionou a Procuradoria-Geral da Rep\u00fablica contra o Telegram e o Google por pr\u00e1ticas ofensivas ao Poder Legislativo.<\/p>\n<p>\u201cEspero que sejam chamados e sejam responsabilizados, porque exageraram na atua\u00e7\u00e3o dos algoritmos para impressionar parlamentares de maneira vil. \u00c9 um tema sens\u00edvel que merece todas nossas aten\u00e7\u00f5es. Agora, na impossibilidade de tratar tudo junto, vamos tratar no fatiamento, com di\u00e1logo\u201d, afirmou.<\/p>\n<p>Segundo ele, a discuss\u00e3o do projeto superou barreiras partid\u00e1rias e ideol\u00f3gicas e, por a\u00e7\u00e3o dessas grandes empresas, que n\u00e3o queriam debater o tema de maneira razo\u00e1vel e justa, o ideal \u00e9 tratar da proposta de maneira fatiada, ou seja, em v\u00e1rios projetos distintos.<\/p>\n<h2><strong>Rela\u00e7\u00e3o com o Executivo<\/strong><\/h2>\n<p>Na entrevista, Lira tamb\u00e9m foi questionado sobre a rela\u00e7\u00e3o entre o Legislativo e o Executivo. Segundo o presidente da C\u00e2mara, as circunst\u00e2ncias pol\u00edticas atuais s\u00e3o diferentes dos dois primeiros mandatos do presidente Lula.<\/p>\n<p>\u201cN\u00e3o tinha teto de gastos, n\u00e3o tinha ag\u00eancia reguladora, n\u00e3o tinha Banco Central independente, n\u00e3o tinha o Congresso com o protagonismo que tem hoje\u201d, pontuou.<\/p>\n<p>\u201cO governo precisa cumprir os acordos com o Legislativo, na prioriza\u00e7\u00e3o dos espa\u00e7o dos parlamentares com respeito as fun\u00e7\u00f5es de cada Poder, sem isso fica muito dif\u00edcil o governo implementar mudan\u00e7as que o Congresso entenda como interesse do governo, n\u00e3o do pa\u00eds\u201d, destacou Lira.<\/p>\n<h2><strong>C\u00e2mara e Senado<\/strong><\/h2>\n<p>Lira tamb\u00e9m voltou a defender a manuten\u00e7\u00e3o das atuais regras de an\u00e1lise de medidas provis\u00f3rias, sem passar pelas comiss\u00f5es mistas. No m\u00eas passado, o presidente do Senado, Rodrigo Pacheco, determinou a volta dos colegiados formado por integrantes das duas Casas para debater as MPs. Lira foi contra a decis\u00e3o.<\/p>\n<p>\u201cN\u00e3o quero polemizar, respeitamos a Constitui\u00e7\u00e3o, e o governo vai ter que se adequar a essa dificuldade, mas h\u00e1 um impasse entre prerrogativas de deputados e senadores. Eu e o presidente Pacheco estamos buscando a melhor rela\u00e7\u00e3o de conviv\u00eancia pac\u00edfica e respeitosa. Penso que o modelo das comiss\u00f5es mista&#8230; basta s\u00f3 pegar as frequ\u00eancias, o que se aproveitou, as audi\u00eancias p\u00fablicas, quantos parlamentares participaram das discuss\u00f5es, quantos l\u00edderes sabem do texto, h\u00e1 uma restri\u00e7\u00e3o do debate\u201d, disse o presidente.<\/p>\n<p>The post <a rel=\"nofollow noopener\" href=\"https:\/\/www.infomoney.com.br\/politica\/lira-ve-fatiamento-como-alternativa-para-aprovar-pl-das-fake-news\/\" target=\"_blank\">Lira v\u00ea fatiamento como alternativa para aprovar PL das Fake News<\/a> appeared first on <a rel=\"nofollow noopener\" href=\"https:\/\/www.infomoney.com.br\/\" target=\"_blank\">InfoMoney<\/a>.<\/p>\n","protected":false},"excerpt":{"rendered":"<p><img loading=\"lazy\" decoding=\"async\" width=\"300\" height=\"200\" src=\"https:\/\/www.infomoney.com.br\/wp-content\/uploads\/2022\/07\/img20220621184844363MED-1.jpg?fit=300%2C200&amp;quality=70&amp;strip=all\" class=\"attachment-medium size-medium wp-post-image\" alt=\"\" data-attachment-id=\"1883904\" data-permalink=\"https:\/\/www.infomoney.com.br\/politica\/pec-dos-auxilios-ganha-tramitacao-especial-para-passar-na-camara-antes-do-recesso\/attachment\/img20220621184844363med-1\/\" data-orig-file=\"https:\/\/www.infomoney.com.br\/wp-content\/uploads\/2022\/07\/img20220621184844363MED-1.jpg?fit=1000%2C667&amp;quality=70&amp;strip=all\" data-orig-size=\"1000,667\" data-comments-opened=\"1\" data-image-meta='{\"aperture\":\"0\",\"credit\":\"\",\"camera\":\"\",\"caption\":\"\",\"created_timestamp\":\"0\",\"copyright\":\"\",\"focal_length\":\"0\",\"iso\":\"0\",\"shutter_speed\":\"0\",\"title\":\"\",\"orientation\":\"0\"}' data-image-title=\"Arthur Lira\" data-image-description=\"\" data-image-caption=\"&lt;p&gt;O presidente da C\u00e2mara dos Deputados, Arthur Lira (PP-AL), durante sess\u00e3o plen\u00e1ria (Marina Ramos\/C\u00e2mara dos Deputados).&lt;\/p&gt;\n\" data-medium-file=\"https:\/\/www.infomoney.com.br\/wp-content\/uploads\/2022\/07\/img20220621184844363MED-1.jpg?fit=300%2C200&amp;quality=70&amp;strip=all\" data-large-file=\"https:\/\/www.infomoney.com.br\/wp-content\/uploads\/2022\/07\/img20220621184844363MED-1.jpg?fit=1000%2C667&amp;quality=70&amp;strip=all\">Presidente fala tamb\u00e9m sobre a rela\u00e7\u00e3o do governo Lula com o Congresso<\/p>\n<p>The post <a rel=\"nofollow\" href=\"https:\/\/www.infomoney.com.br\/politica\/lira-ve-fatiamento-como-alternativa-para-aprovar-pl-das-fake-news\/\">Lira v\u00ea fatiamento como alternativa para aprovar PL das Fake News<\/a> appeared first on <a rel=\"nofollow\" href=\"https:\/\/www.infomoney.com.br\/\">InfoMoney<\/a>.<\/p>\n","protected":false},"author":47,"featured_media":0,"comment_status":"closed","ping_status":"closed","sticky":false,"template":"","format":"standard","meta":{"advgb_blocks_editor_width":"","advgb_blocks_columns_visual_guide":"","footnotes":""},"categories":[275,34,47],"tags":[35],"class_list":["post-17958","post","type-post","status-publish","format-standard","hentry","category-arthur-lira","category-g1","category-politica","tag-g1"],"author_meta":{"display_name":"luispereira","author_link":"https:\/\/sindaopcpb.org.br\/author\/luispereira\/"},"featured_img":null,"coauthors":[],"tax_additional":{"categories":{"linked":["<a href=\"https:\/\/sindaopcpb.org.br\/arthur-lira\/\" class=\"advgb-post-tax-term\">Arthur Lira<\/a>","<a href=\"https:\/\/sindaopcpb.org.br\/g1\/\" class=\"advgb-post-tax-term\">G1<\/a>","<a href=\"https:\/\/sindaopcpb.org.br\/politica\/\" class=\"advgb-post-tax-term\">POLITICA<\/a>"],"unlinked":["<span class=\"advgb-post-tax-term\">Arthur Lira<\/span>","<span class=\"advgb-post-tax-term\">G1<\/span>","<span class=\"advgb-post-tax-term\">POLITICA<\/span>"]},"tags":{"linked":["<a href=\"https:\/\/sindaopcpb.org.br\/politica\/\" class=\"advgb-post-tax-term\">g1<\/a>"],"unlinked":["<span class=\"advgb-post-tax-term\">g1<\/span>"]}},"comment_count":"0","relative_dates":{"created":"Publicado 3 anos atr\u00e1s","modified":"Atualizado 3 anos atr\u00e1s"},"absolute_dates":{"created":"Publicado em 24 de maio de 2023","modified":"Atualizado em 24 de maio de 2023"},"absolute_dates_time":{"created":"Publicado em 24 de maio de 2023 16:43","modified":"Atualizado em 24 de maio de 2023 16:43"},"featured_img_caption":"","series_order":"","_links":{"self":[{"href":"https:\/\/sindaopcpb.org.br\/index.php\/wp-json\/wp\/v2\/posts\/17958","targetHints":{"allow":["GET"]}}],"collection":[{"href":"https:\/\/sindaopcpb.org.br\/index.php\/wp-json\/wp\/v2\/posts"}],"about":[{"href":"https:\/\/sindaopcpb.org.br\/index.php\/wp-json\/wp\/v2\/types\/post"}],"author":[{"embeddable":true,"href":"https:\/\/sindaopcpb.org.br\/index.php\/wp-json\/wp\/v2\/users\/47"}],"replies":[{"embeddable":true,"href":"https:\/\/sindaopcpb.org.br\/index.php\/wp-json\/wp\/v2\/comments?post=17958"}],"version-history":[{"count":1,"href":"https:\/\/sindaopcpb.org.br\/index.php\/wp-json\/wp\/v2\/posts\/17958\/revisions"}],"predecessor-version":[{"id":17959,"href":"https:\/\/sindaopcpb.org.br\/index.php\/wp-json\/wp\/v2\/posts\/17958\/revisions\/17959"}],"wp:attachment":[{"href":"https:\/\/sindaopcpb.org.br\/index.php\/wp-json\/wp\/v2\/media?parent=17958"}],"wp:term":[{"taxonomy":"category","embeddable":true,"href":"https:\/\/sindaopcpb.org.br\/index.php\/wp-json\/wp\/v2\/categories?post=17958"},{"taxonomy":"post_tag","embeddable":true,"href":"https:\/\/sindaopcpb.org.br\/index.php\/wp-json\/wp\/v2\/tags?post=17958"}],"curies":[{"name":"wp","href":"https:\/\/api.w.org\/{rel}","templated":true}]}}