{"id":17956,"date":"2023-05-24T16:45:00","date_gmt":"2023-05-24T19:45:00","guid":{"rendered":"https:\/\/www.infomoney.com.br\/?p=2142873"},"modified":"2023-05-24T16:45:00","modified_gmt":"2023-05-24T19:45:00","slug":"alexandre-de-moraes-nega-vinculo-trabalhista-entre-motorista-e-app-de-transporte","status":"publish","type":"post","link":"https:\/\/sindaopcpb.org.br\/index.php\/2023\/05\/24\/alexandre-de-moraes-nega-vinculo-trabalhista-entre-motorista-e-app-de-transporte\/","title":{"rendered":"Alexandre de Moraes nega v\u00ednculo trabalhista entre motorista e app de transporte"},"content":{"rendered":"<p><img loading=\"lazy\" width=\"300\" height=\"184\" src=\"https:\/\/www.infomoney.com.br\/wp-content\/uploads\/2019\/06\/cabify-.png?fit=300%2C184&amp;quality=70&amp;strip=all\" class=\"attachment-medium size-medium wp-post-image\" alt=\"\" decoding=\"async\" style=\"float:right; margin:0 0 10px 10px;\" srcset=\"https:\/\/www.infomoney.com.br\/wp-content\/uploads\/2019\/06\/cabify-.png?w=514&amp;quality=70&amp;strip=all 514w, https:\/\/www.infomoney.com.br\/wp-content\/uploads\/2019\/06\/cabify-.png?w=300&amp;quality=70&amp;strip=all 300w, https:\/\/www.infomoney.com.br\/wp-content\/uploads\/2019\/06\/cabify-.png?w=150&amp;quality=70&amp;strip=all 150w\" sizes=\"auto, (max-width: 300px) 100vw, 300px\" data-attachment-id=\"55104\" data-permalink=\"https:\/\/www.infomoney.com.br\/cabify-3\/\" data-orig-file=\"https:\/\/www.infomoney.com.br\/wp-content\/uploads\/2019\/06\/cabify-.png?fit=514%2C315&amp;quality=70&amp;strip=all\" data-orig-size=\"514,315\" data-comments-opened=\"1\" data-image-meta=\"{&quot;aperture&quot;:&quot;0&quot;,&quot;credit&quot;:&quot;&quot;,&quot;camera&quot;:&quot;&quot;,&quot;caption&quot;:&quot;&quot;,&quot;created_timestamp&quot;:&quot;0&quot;,&quot;copyright&quot;:&quot;&quot;,&quot;focal_length&quot;:&quot;0&quot;,&quot;iso&quot;:&quot;0&quot;,&quot;shutter_speed&quot;:&quot;0&quot;,&quot;title&quot;:&quot;&quot;,&quot;orientation&quot;:&quot;0&quot;}\" data-image-title=\"cabify-\" data-image-description=\"\" data-image-caption=\"\" data-medium-file=\"https:\/\/www.infomoney.com.br\/wp-content\/uploads\/2019\/06\/cabify-.png?fit=300%2C184&amp;quality=70&amp;strip=all\" data-large-file=\"https:\/\/www.infomoney.com.br\/wp-content\/uploads\/2019\/06\/cabify-.png?fit=514%2C315&amp;quality=70&amp;strip=all\" title=\"\"><\/p>\n<p>O Supremo Tribunal Federal (STF) negou o v&iacute;nculo de emprego entre a empresa de transporte por aplicativo Cabify e um motorista. Em decis&atilde;o monocr&aacute;tica, o ministro Alexandre de Moraes derrubou uma decis&atilde;o do Tribunal Regional do Trabalho da 3&ordf; Regi&atilde;o (TRT-3), de Minas Gerais, que havia reconhecido o v&iacute;nculo trabalhista.<\/p>\n<p>Moraes acolheu o recurso da Cabify e afirmou que a Constitui&ccedil;&atilde;o permite formas de emprego alternativas &agrave; <a href=\"https:\/\/www.infomoney.com.br\/carreira\/clt-faz-80-anos-como-estao-os-direitos-dos-trabalhadores\/\" rel=\"noopener nofollow\" target=\"_blank\">Consolida&ccedil;&atilde;o das Leis do Trabalho (CLT)<\/a>, como a terceiriza&ccedil;&atilde;o. Para o ministro, o v&iacute;nculo do motorista com a plataforma se assemelha &agrave; do trabalhador aut&ocirc;nomo.<\/p>\n<p>&ldquo;A rela&ccedil;&atilde;o estabelecida entre o motorista de aplicativo e a plataforma reclamante mais se assemelha com a situa&ccedil;&atilde;o prevista na Lei 11.442\/2007, do transportador aut&ocirc;nomo, sendo aquele propriet&aacute;rio de v&iacute;nculo pr&oacute;prio e que tem rela&ccedil;&atilde;o de natureza comercial&rdquo;, afirmou Moraes em sua decis&atilde;o. Ela foi assinada na sexta-feira (19) e publicada na ter&ccedil;a-feira (23).<\/p>\n<h2>V&iacute;nculo com aplicativos<\/h2>\n<p>A quest&atilde;o do (n&atilde;o) v&iacute;nculo de trabalho de motoristas profissionais com aplicativos de transporte e de entrega, como a Uber (<a href=\"https:\/\/www.infomoney.com.br\/cotacoes\/b3\/bdr\/uber-tech-in-u1be34\/\" rel=\"nofollow noopener\" target=\"_blank\">U1BE34<\/a>) e o iFood, &eacute; tema recorrente no Judici&aacute;rio em todo o mundo. Essa nova forma de trabalho inclusive ganhou o nome de &ldquo;Uberiza&ccedil;&atilde;o&rdquo;, e no Brasil as decis&otilde;es judiciais s&atilde;o divergentes inclusive em um mesmo tribunal.<\/p>\n<p>No Tribunal Superior do Trabalho (TST), por exemplo, houve duas decis&otilde;es opostas em dezembro de 2022: enquanto <a href=\"https:\/\/www.infomoney.com.br\/carreira\/colegiado-do-tst-mantem-vinculo-de-emprego-de-motorista-do-rio-de-janeiro-com-a-uber\/\" rel=\"nofollow noopener\" target=\"_blank\">a Oitava Turma rejeitou um recurso da Uber, contra decis&atilde;o que reconheceu o v&iacute;nculo de emprego com uma motorista do Rio de Janeiro<\/a> (RJ), a Quarta Turma negou o exame de um recurso de um motorista de Cambori&uacute; (SC), que pretendia reconhecer o v&iacute;nculo com a empresa.<\/p>\n<h2>Decis&otilde;es divergentes<\/h2>\n<p>Os ministros da Quarta Turma decidiram, de forma un&acirc;nime, manter o entendimento de que n&atilde;o h&aacute; subordina&ccedil;&atilde;o jur&iacute;dica entre o trabalhador e a empresa provedora do aplicativo. Tamb&eacute;m h&aacute; decis&otilde;es contra a rela&ccedil;&atilde;o trabalhista na Quinta e at&eacute; na Oitava Turma. J&aacute; a Terceira Turma tamb&eacute;m tem precedente de que existem elementos caracterizadores da rela&ccedil;&atilde;o de emprego com o aplicativo.<\/p>\n<p>No processo da Oitava Turma, o relator afirmou em seu voto que a rela&ccedil;&atilde;o da motorista com a empresa &eacute; de subordina&ccedil;&atilde;o cl&aacute;ssica, pois n&atilde;o tem controle sobre o pre&ccedil;o da corrida, o percentual do repasse, a apresenta&ccedil;&atilde;o e a forma da presta&ccedil;&atilde;o do trabalho. &ldquo;At&eacute; a classifica&ccedil;&atilde;o do ve&iacute;culo utilizado &eacute; definida pela empresa, que pode baixar, remunerar, aumentar, parcelar ou n&atilde;o repassar o valor da corrida&rdquo;.<\/p>\n<p>Tamb&eacute;m h&aacute; decis&otilde;es divergentes em inst&acirc;ncias inferiores. Por isso, o TST come&ccedil;ou a analisar em outubro o assunto na Subse&ccedil;&atilde;o I Especializada em Diss&iacute;dios Individuais (SDI-1), &oacute;rg&atilde;o respons&aacute;vel pela uniformiza&ccedil;&atilde;o da jurisprud&ecirc;ncia das Turmas. N&atilde;o h&aacute; prazo para uma decis&atilde;o definitiva, e tamb&eacute;m n&atilde;o se sabe como a decis&atilde;o monocr&aacute;tica de Alexandre de Moraes pode afetar a discuss&atilde;o.<\/p>\n<blockquote>\n<div class=\"cta-middle\">\n<div class=\"im-cta\" >\n<div class=\"cta-textual bg-light bg-opacity-25 border rounded-4 p-3 p-sm-4 p-md-3 p-lg-4 px-xxl-5 my-5\">\n<div class=\"d-flex flex-column align-items-center align-items-lg-start flex-lg-row\">\n<div class=\"rounded-circle mb-2 mb-lg-0 mr-lg-4 me-lg-4 p-3 p-lg-4 bg-red-500\">\t\t\t\t\t\t\t\t\t<\/div>\n<div class=\"flex-fill text-center text-lg-left\">\n<div class=\"h6 small text-orange-700 lh-base mb-1\">\t\t\t\t\t\tMBA em Investimentos &amp; Asset Allocation\t\t\t\t\t<\/div>\n<div class=\"text-body h4 m-0\">\t\t\t\t\t\tInscri&ccedil;&otilde;es Abertas\t\t\t\t\t<\/div>\n<div class=\"text-body small lh-base mt-2\">\t\t\t\t\t\tCurse o melhor MBA em investimentos do Brasil e aprenda com os principais nomes do segmento.\t\t\t\t\t<\/div>\n<p>\t\t\t\t\t\t\t\t\t\t\t\t\t<a class=\"call-to-action btn btn-primary text-white text-decoration-none mt-4 d-inline-block\" href=\"https:\/\/mbathiagonigro.com.br\/MBATN0002\/mba.html?pmp=MBA-VEX-HOME-LNK-BINF-20230512-ORG-MBATN0002-MBATN-MATERIA&#038;utm_source=SITELINK&#038;%23038;utm_campaign=MBATN0002&#038;%23038;utm_medium=BASEINFOMONEY&#038;%23038;utm_content=ORGANICO&#038;%23038;utm_term=MBA-VEX-HOME-LNK-BINF-20230512-ORG-MBATN0002-MBATN-MATERIA&#038;%23038;src=MBA-VEX-HOME-LNK-BINF-20230512-ORG-MBATN0002-MBATN-MATERIA&#038;%23038;sck=MBA-VEX-HOME-LNK-BINF-20230512-ORG-MBATN0002-MBATN-MATERIA&#038;%23038;fireglass_rsn=true%23fireglass_params&#038;%23038;tabid=aee4867e5a68ab5e&#038;%23038;start_with_session_counter=2&#038;%23038;application_server_address=xpinvestimentos-6-southamerica-east1.prod.fire.glass\" data-wa=\"cta_texto;maa;meio\" rel=\"nofollow noopener\" target=\"_blank\">\t\t\t\t\t\tInscreva-se\t\t\t\t\t<\/a>\t\t\t\t\t\t\t<\/div>\n<\/p><\/div>\n<\/p><\/div>\n<\/div>\n<\/div>\n<p>&ldquo;O mundo inteiro est&aacute; com esse desafio pela frente. Esse tipo de trabalho &eacute; um trabalho muito diferente do emprego convencional e &eacute; muito el&aacute;stico no tempo e no espa&ccedil;o&rdquo;, afirma o economista Jos&eacute; Pastore, professor da FEA-USP. &ldquo;A pessoa trabalha no hor&aacute;rio que quer, trabalha para duas, tr&ecirc;s, quatro plataformas ao mesmo tempo&rdquo;.<\/p>\n<\/blockquote>\n<h2>Regulamenta&ccedil;&atilde;o da profiss&atilde;o<\/h2>\n<p>O governo Luiz In&aacute;cio Lula da Silva (PT) j&aacute; disse que pretende regulamentar o trabalho por aplicativos, o que tem potencial para afetar milh&otilde;es de motoristas e entregadores. O Brasil tem hoje cerca de 1,7 milh&atilde;o de motoristas e entregadores por aplicativo, segundo dados do Centro Brasileiro de An&aacute;lise e Planejamento (Cebrap).<\/p>\n<p>Em meio ao debate, o iFood e a Uber encomendaram uma pesquisa com o instituto Datafolha, para saber a opini&atilde;o dos profissionais. As empresas dizem que os trabalhadores querem mais garantias de prote&ccedil;&atilde;o social, mas n&atilde;o comprometer a autonomia que o trabalho mediado por plataformas proporciona.<\/p>\n<p>O instituto ouviu 2,8 mil motoristas e entregadores em todo o pa&iacute;s, e 89% dos entrevistados aprovam ter novos direitos, desde que n&atilde;o percam a flexibilidade (para poder, por exemplo, continuar a atuar em m&uacute;ltiplas plataformas ao mesmo tempo e escolher quais hor&aacute;rios fazer e quais viagens aceitar).<\/p>\n<p>Al&eacute;m disso, 3 a cada 4 trabalhadores preferem o modelo atual a um emprego com v&iacute;nculo CLT, mas 7 em cada 10 contribuiriam para a Previd&ecirc;ncia caso as empresas empregadoras automatizassem o processo.<\/p>\n<p>Segundo a pesquisa, mais da metade dos motoristas e entregadores de aplicativo contribuem com a Previd&ecirc;ncia: 30% por meio de outras ocupa&ccedil;&otilde;es de trabalho e 25% dizem realizar a contribui&ccedil;&atilde;o como profissional aut&ocirc;nomo, em modelos como o MEI (Microempreendedor Individual).<\/p>\n<h2><b>Resist&ecirc;ncia do governo<\/b><\/h2>\n<p>O ministro do Trabalho e Emprego, Luiz Marinho (PT), diz que a proposta de regulamenta&ccedil;&atilde;o do governo deve ser enviada ao Congresso apenas no segundo semestre, mas interlocutores j&aacute; falam que o projeto pode ficar para 2024, diante de outras prioridades da agenda econ&ocirc;mica.<\/p>\n<p>O governo deve sofrer resist&ecirc;ncias no Congresso, mas as empresas tamb&eacute;m devem encontrar resist&ecirc;ncia nas negocia&ccedil;&otilde;es diante de uma posi&ccedil;&atilde;o mais cr&iacute;tica da atual gest&atilde;o sobre o papel das plataformas. Em diversas ocasi&otilde;es, Lula e Marinho afirmaram que a situa&ccedil;&atilde;o dos trabalhadores &ldquo;beira trabalho escravo&rdquo;.<\/p>\n<p><em>(Com Estad&atilde;o Conte&uacute;do)<\/em><\/p>\n<\/p>\n<p>The post <a rel=\"nofollow noopener\" href=\"https:\/\/www.infomoney.com.br\/carreira\/alexandre-de-moraes-nega-vinculo-trabalhista-entre-motorista-e-app-de-transporte\/\" target=\"_blank\">Alexandre de Moraes nega v\u00ednculo trabalhista entre motorista e app de transporte<\/a> appeared first on <a rel=\"nofollow noopener\" href=\"https:\/\/www.infomoney.com.br\/\" target=\"_blank\">InfoMoney<\/a>.<\/p>\n","protected":false},"excerpt":{"rendered":"<p><img loading=\"lazy\" decoding=\"async\" width=\"300\" height=\"184\" src=\"https:\/\/www.infomoney.com.br\/wp-content\/uploads\/2019\/06\/cabify-.png?fit=300%2C184&amp;quality=70&amp;strip=all\" class=\"attachment-medium size-medium wp-post-image\" alt=\"\" data-attachment-id=\"55104\" data-permalink=\"https:\/\/www.infomoney.com.br\/cabify-3\/\" data-orig-file=\"https:\/\/www.infomoney.com.br\/wp-content\/uploads\/2019\/06\/cabify-.png?fit=514%2C315&amp;quality=70&amp;strip=all\" data-orig-size=\"514,315\" data-comments-opened=\"1\" data-image-meta='{\"aperture\":\"0\",\"credit\":\"\",\"camera\":\"\",\"caption\":\"\",\"created_timestamp\":\"0\",\"copyright\":\"\",\"focal_length\":\"0\",\"iso\":\"0\",\"shutter_speed\":\"0\",\"title\":\"\",\"orientation\":\"0\"}' data-image-title=\"cabify-\" data-image-description=\"\" data-image-caption=\"\" data-medium-file=\"https:\/\/www.infomoney.com.br\/wp-content\/uploads\/2019\/06\/cabify-.png?fit=300%2C184&amp;quality=70&amp;strip=all\" data-large-file=\"https:\/\/www.infomoney.com.br\/wp-content\/uploads\/2019\/06\/cabify-.png?fit=514%2C315&amp;quality=70&amp;strip=all\">Ministro do STF acolheu recurso do Cabify e derrubou decis\u00e3o do TRT-3, que havia reconhecido v\u00ednculo trabalhista; entenda a pol\u00eamica sobre o assunto<\/p>\n<p>The post <a rel=\"nofollow\" href=\"https:\/\/www.infomoney.com.br\/carreira\/alexandre-de-moraes-nega-vinculo-trabalhista-entre-motorista-e-app-de-transporte\/\">Alexandre de Moraes nega v\u00ednculo trabalhista entre motorista e app de transporte<\/a> appeared first on <a rel=\"nofollow\" href=\"https:\/\/www.infomoney.com.br\/\">InfoMoney<\/a>.<\/p>\n","protected":false},"author":45,"featured_media":0,"comment_status":"closed","ping_status":"closed","sticky":false,"template":"","format":"standard","meta":{"advgb_blocks_editor_width":"","advgb_blocks_columns_visual_guide":"","footnotes":""},"categories":[463,3528,3529,1387,201,34,3530,278,3531,444,47,449,772],"tags":[35],"class_list":["post-17956","post","type-post","status-publish","format-standard","hentry","category-alexandre-de-moraes","category-aplicativos","category-cabify","category-carreira","category-consumo","category-g1","category-ifood","category-justica","category-justica-do-trabalho","category-minhas-financas","category-politica","category-stf","category-uber","tag-g1"],"author_meta":{"display_name":"Equipe InfoMoney","author_link":"https:\/\/sindaopcpb.org.br\/author\/equipe-infomoney\/"},"featured_img":null,"coauthors":[],"tax_additional":{"categories":{"linked":["<a href=\"https:\/\/sindaopcpb.org.br\/alexandre-de-moraes\/\" class=\"advgb-post-tax-term\">Alexandre de Moraes<\/a>","<a href=\"https:\/\/sindaopcpb.org.br\/aplicativos\/\" class=\"advgb-post-tax-term\">Aplicativos<\/a>","<a href=\"https:\/\/sindaopcpb.org.br\/cabify\/\" class=\"advgb-post-tax-term\">Cabify<\/a>","<a href=\"https:\/\/sindaopcpb.org.br\/carreira\/\" class=\"advgb-post-tax-term\">Carreira<\/a>","<a href=\"https:\/\/sindaopcpb.org.br\/consumo\/\" class=\"advgb-post-tax-term\">Consumo<\/a>","<a href=\"https:\/\/sindaopcpb.org.br\/g1\/\" class=\"advgb-post-tax-term\">G1<\/a>","<a href=\"https:\/\/sindaopcpb.org.br\/ifood\/\" class=\"advgb-post-tax-term\">iFood<\/a>","<a href=\"https:\/\/sindaopcpb.org.br\/justica\/\" class=\"advgb-post-tax-term\">Justi\u00e7a<\/a>","<a href=\"https:\/\/sindaopcpb.org.br\/justica-do-trabalho\/\" class=\"advgb-post-tax-term\">Justi\u00e7a do Trabalho<\/a>","<a href=\"https:\/\/sindaopcpb.org.br\/minhas-financas\/\" class=\"advgb-post-tax-term\">Minhas Finan\u00e7as<\/a>","<a href=\"https:\/\/sindaopcpb.org.br\/politica\/\" class=\"advgb-post-tax-term\">POLITICA<\/a>","<a href=\"https:\/\/sindaopcpb.org.br\/stf\/\" class=\"advgb-post-tax-term\">STF<\/a>","<a href=\"https:\/\/sindaopcpb.org.br\/uber\/\" class=\"advgb-post-tax-term\">Uber<\/a>"],"unlinked":["<span class=\"advgb-post-tax-term\">Alexandre de Moraes<\/span>","<span class=\"advgb-post-tax-term\">Aplicativos<\/span>","<span class=\"advgb-post-tax-term\">Cabify<\/span>","<span class=\"advgb-post-tax-term\">Carreira<\/span>","<span class=\"advgb-post-tax-term\">Consumo<\/span>","<span class=\"advgb-post-tax-term\">G1<\/span>","<span class=\"advgb-post-tax-term\">iFood<\/span>","<span class=\"advgb-post-tax-term\">Justi\u00e7a<\/span>","<span class=\"advgb-post-tax-term\">Justi\u00e7a do Trabalho<\/span>","<span class=\"advgb-post-tax-term\">Minhas Finan\u00e7as<\/span>","<span class=\"advgb-post-tax-term\">POLITICA<\/span>","<span class=\"advgb-post-tax-term\">STF<\/span>","<span class=\"advgb-post-tax-term\">Uber<\/span>"]},"tags":{"linked":["<a href=\"https:\/\/sindaopcpb.org.br\/uber\/\" class=\"advgb-post-tax-term\">g1<\/a>"],"unlinked":["<span class=\"advgb-post-tax-term\">g1<\/span>"]}},"comment_count":"0","relative_dates":{"created":"Publicado 3 anos atr\u00e1s","modified":"Atualizado 3 anos atr\u00e1s"},"absolute_dates":{"created":"Publicado em 24 de maio de 2023","modified":"Atualizado em 24 de maio de 2023"},"absolute_dates_time":{"created":"Publicado em 24 de maio de 2023 16:45","modified":"Atualizado em 24 de maio de 2023 16:45"},"featured_img_caption":"","series_order":"","_links":{"self":[{"href":"https:\/\/sindaopcpb.org.br\/index.php\/wp-json\/wp\/v2\/posts\/17956","targetHints":{"allow":["GET"]}}],"collection":[{"href":"https:\/\/sindaopcpb.org.br\/index.php\/wp-json\/wp\/v2\/posts"}],"about":[{"href":"https:\/\/sindaopcpb.org.br\/index.php\/wp-json\/wp\/v2\/types\/post"}],"author":[{"embeddable":true,"href":"https:\/\/sindaopcpb.org.br\/index.php\/wp-json\/wp\/v2\/users\/45"}],"replies":[{"embeddable":true,"href":"https:\/\/sindaopcpb.org.br\/index.php\/wp-json\/wp\/v2\/comments?post=17956"}],"version-history":[{"count":1,"href":"https:\/\/sindaopcpb.org.br\/index.php\/wp-json\/wp\/v2\/posts\/17956\/revisions"}],"predecessor-version":[{"id":17957,"href":"https:\/\/sindaopcpb.org.br\/index.php\/wp-json\/wp\/v2\/posts\/17956\/revisions\/17957"}],"wp:attachment":[{"href":"https:\/\/sindaopcpb.org.br\/index.php\/wp-json\/wp\/v2\/media?parent=17956"}],"wp:term":[{"taxonomy":"category","embeddable":true,"href":"https:\/\/sindaopcpb.org.br\/index.php\/wp-json\/wp\/v2\/categories?post=17956"},{"taxonomy":"post_tag","embeddable":true,"href":"https:\/\/sindaopcpb.org.br\/index.php\/wp-json\/wp\/v2\/tags?post=17956"}],"curies":[{"name":"wp","href":"https:\/\/api.w.org\/{rel}","templated":true}]}}