{"id":17933,"date":"2023-05-24T14:17:19","date_gmt":"2023-05-24T17:17:19","guid":{"rendered":"https:\/\/g1.globo.com\/pb\/paraiba\/noticia\/2023\/05\/24\/homem-e-preso-suspeito-de-abuso-sexual-contra-duas-meninas-no-agreste-da-paraiba.ghtml"},"modified":"2023-05-24T14:17:19","modified_gmt":"2023-05-24T17:17:19","slug":"homem-e-preso-suspeito-de-abuso-sexual-contra-duas-meninas-no-agreste-da-paraiba","status":"publish","type":"post","link":"https:\/\/sindaopcpb.org.br\/index.php\/2023\/05\/24\/homem-e-preso-suspeito-de-abuso-sexual-contra-duas-meninas-no-agreste-da-paraiba\/","title":{"rendered":"Homem \u00e9 preso suspeito de abuso sexual contra duas meninas, no Agreste da Para\u00edba"},"content":{"rendered":"   <img src=\"https:\/\/s2.glbimg.com\/Agndna-AMgkXcGGFKfXAsCuWTh0=\/i.s3.glbimg.com\/v1\/AUTH_59edd422c0c84a879bd37670ae4f538a\/internal_photos\/bs\/2022\/W\/P\/UkxC6aRwuwUdRqupBm0w\/policia-civil-da-paraiba-ilustra.jpg\" \/><br \/>     Segundo a pol\u00edcia, suspeito teria confessado o crime de abuso contra as v\u00edtimas.  Pol\u00edcia Civil prende homem suspeito de abuso sexual contra duas crian\u00e7as menores de idade em Serra Redonda\nReprodu\u00e7\u00e3o\/TV Para\u00edba\nUm homem de 25 anos foi preso suspeito de ter cometido abuso sexual contra duas menores de idade na cidade de Serra Redonda, no Agreste da Para\u00edba, na manh\u00e3 desta quarta-feira (24). A pris\u00e3o aconteceu em a\u00e7\u00e3o da Delegacia de Crimes Cibern\u00e9ticos (DECC). \nDe acordo com o delegado da Pol\u00edcia Civil, Jo\u00e3o Ricardo, a opera\u00e7\u00e3o tinha o objetivo de cumprir tr\u00eas mandados de busca e apreens\u00e3o dos aparelhos digitais do suspeito, como o celular, onde ele armazenava fotos com cenas pornogr\u00e1ficas com menores de idade. \nEntre esses conte\u00fados impr\u00f3prios, dois v\u00eddeos chamaram a aten\u00e7\u00e3o da pol\u00edcia. Nas imagens m o homem aparece abusando de uma crian\u00e7a de tr\u00eas anos de idade e de uma adolescente que tinha entre 14 e 15 anos, na \u00e9poca da grava\u00e7\u00e3o do v\u00eddeo\nDurante a opera\u00e7\u00e3o, a pol\u00edcia pediu a familiares das v\u00edtimas para reconhecerem as identidades. o que acabou sendo confirmado pelas fam\u00edlias. Segundo a pol\u00edcia, o homem suspeito de ter cometido os crimes chegou a confessar os dois casos de abuso para a pol\u00edcia. \nO homem foi preso e  conduzido para Campina Grande, onde fica \u00e0 disposi\u00e7\u00e3o da Justi\u00e7a para responder pelos crimes. \nV\u00eddeos mais assistidos do g1 Para\u00edba  ","protected":false},"excerpt":{"rendered":"<p>        Segundo a pol\u00edcia, suspeito teria confessado o crime de abuso contra as v\u00edtimas.  Pol\u00edcia Civil prende homem suspeito de abuso sexual contra duas crian\u00e7as menores de idade em Serra Redonda<br \/>\nReprodu\u00e7\u00e3o\/TV Para\u00edba<br \/>\nUm homem de 25 anos foi preso sus&#8230;<\/p>\n","protected":false},"author":2,"featured_media":0,"comment_status":"closed","ping_status":"closed","sticky":false,"template":"","format":"standard","meta":{"advgb_blocks_editor_width":"","advgb_blocks_columns_visual_guide":"","footnotes":""},"categories":[34],"tags":[35],"class_list":["post-17933","post","type-post","status-publish","format-standard","hentry","category-g1","tag-g1"],"author_meta":{"display_name":"g1 &gt; Para\u00edba","author_link":"https:\/\/sindaopcpb.org.br\/author\/g1-paraiba\/"},"featured_img":null,"coauthors":[],"tax_additional":{"categories":{"linked":["<a href=\"https:\/\/sindaopcpb.org.br\/g1\/\" class=\"advgb-post-tax-term\">G1<\/a>"],"unlinked":["<span class=\"advgb-post-tax-term\">G1<\/span>"]},"tags":{"linked":["<a href=\"https:\/\/sindaopcpb.org.br\/g1\/\" class=\"advgb-post-tax-term\">g1<\/a>"],"unlinked":["<span class=\"advgb-post-tax-term\">g1<\/span>"]}},"comment_count":"0","relative_dates":{"created":"Publicado 3 anos atr\u00e1s","modified":"Atualizado 3 anos atr\u00e1s"},"absolute_dates":{"created":"Publicado em 24 de maio de 2023","modified":"Atualizado em 24 de maio de 2023"},"absolute_dates_time":{"created":"Publicado em 24 de maio de 2023 14:17","modified":"Atualizado em 24 de maio de 2023 14:17"},"featured_img_caption":"","series_order":"","_links":{"self":[{"href":"https:\/\/sindaopcpb.org.br\/index.php\/wp-json\/wp\/v2\/posts\/17933","targetHints":{"allow":["GET"]}}],"collection":[{"href":"https:\/\/sindaopcpb.org.br\/index.php\/wp-json\/wp\/v2\/posts"}],"about":[{"href":"https:\/\/sindaopcpb.org.br\/index.php\/wp-json\/wp\/v2\/types\/post"}],"author":[{"embeddable":true,"href":"https:\/\/sindaopcpb.org.br\/index.php\/wp-json\/wp\/v2\/users\/2"}],"replies":[{"embeddable":true,"href":"https:\/\/sindaopcpb.org.br\/index.php\/wp-json\/wp\/v2\/comments?post=17933"}],"version-history":[{"count":1,"href":"https:\/\/sindaopcpb.org.br\/index.php\/wp-json\/wp\/v2\/posts\/17933\/revisions"}],"predecessor-version":[{"id":17934,"href":"https:\/\/sindaopcpb.org.br\/index.php\/wp-json\/wp\/v2\/posts\/17933\/revisions\/17934"}],"wp:attachment":[{"href":"https:\/\/sindaopcpb.org.br\/index.php\/wp-json\/wp\/v2\/media?parent=17933"}],"wp:term":[{"taxonomy":"category","embeddable":true,"href":"https:\/\/sindaopcpb.org.br\/index.php\/wp-json\/wp\/v2\/categories?post=17933"},{"taxonomy":"post_tag","embeddable":true,"href":"https:\/\/sindaopcpb.org.br\/index.php\/wp-json\/wp\/v2\/tags?post=17933"}],"curies":[{"name":"wp","href":"https:\/\/api.w.org\/{rel}","templated":true}]}}