{"id":17914,"date":"2023-05-24T13:47:30","date_gmt":"2023-05-24T16:47:30","guid":{"rendered":"https:\/\/www.infomoney.com.br\/?p=2142841"},"modified":"2023-05-24T13:47:30","modified_gmt":"2023-05-24T16:47:30","slug":"ccj-aprova-prorrogacao-de-incentivos-fiscais-da-sudam-e-da-sudene","status":"publish","type":"post","link":"https:\/\/sindaopcpb.org.br\/index.php\/2023\/05\/24\/ccj-aprova-prorrogacao-de-incentivos-fiscais-da-sudam-e-da-sudene\/","title":{"rendered":"CCJ aprova prorroga\u00e7\u00e3o de incentivos fiscais da Sudam e da Sudene"},"content":{"rendered":"<p><img loading=\"lazy\" width=\"300\" height=\"200\" src=\"https:\/\/www.infomoney.com.br\/wp-content\/uploads\/2021\/12\/Congresso.1.jpg?fit=300%2C200&amp;quality=70&amp;strip=all\" class=\"attachment-medium size-medium wp-post-image\" alt=\"\" decoding=\"async\" style=\"float:right; margin:0 0 10px 10px;\" srcset=\"https:\/\/www.infomoney.com.br\/wp-content\/uploads\/2021\/12\/Congresso.1.jpg?w=1000&amp;quality=70&amp;strip=all 1000w, https:\/\/www.infomoney.com.br\/wp-content\/uploads\/2021\/12\/Congresso.1.jpg?w=300&amp;quality=70&amp;strip=all 300w, https:\/\/www.infomoney.com.br\/wp-content\/uploads\/2021\/12\/Congresso.1.jpg?w=768&amp;quality=70&amp;strip=all 768w, https:\/\/www.infomoney.com.br\/wp-content\/uploads\/2021\/12\/Congresso.1.jpg?w=150&amp;quality=70&amp;strip=all 150w\" sizes=\"auto, (max-width: 300px) 100vw, 300px\" data-attachment-id=\"1752390\" data-permalink=\"https:\/\/www.infomoney.com.br\/politica\/fundao-eleitoral-emendas-de-relator-e-mudancas-na-politica-de-precos-dos-combustiveis-os-riscos-fiscais-no-radar-de-analistas-politicos\/attachment\/congresso-1-2\/\" data-orig-file=\"https:\/\/www.infomoney.com.br\/wp-content\/uploads\/2021\/12\/Congresso.1.jpg?fit=1000%2C668&amp;quality=70&amp;strip=all\" data-orig-size=\"1000,668\" data-comments-opened=\"1\" data-image-meta=\"{&quot;aperture&quot;:&quot;0&quot;,&quot;credit&quot;:&quot;&quot;,&quot;camera&quot;:&quot;&quot;,&quot;caption&quot;:&quot;&quot;,&quot;created_timestamp&quot;:&quot;0&quot;,&quot;copyright&quot;:&quot;&quot;,&quot;focal_length&quot;:&quot;0&quot;,&quot;iso&quot;:&quot;0&quot;,&quot;shutter_speed&quot;:&quot;0&quot;,&quot;title&quot;:&quot;&quot;,&quot;orientation&quot;:&quot;0&quot;}\" data-image-title=\"Congresso Nacional\" data-image-description=\"\" data-image-caption=\"&lt;p&gt;(Zeca Ribeiro\/C\u00e2mara dos Deputados)&lt;\/p&gt;\n\" data-medium-file=\"https:\/\/www.infomoney.com.br\/wp-content\/uploads\/2021\/12\/Congresso.1.jpg?fit=300%2C200&amp;quality=70&amp;strip=all\" data-large-file=\"https:\/\/www.infomoney.com.br\/wp-content\/uploads\/2021\/12\/Congresso.1.jpg?fit=1000%2C668&amp;quality=70&amp;strip=all\" title=\"\"><\/p>\n<p>A Comiss\u00e3o de Constitui\u00e7\u00e3o e Justi\u00e7a e de Cidadania da C\u00e2mara dos Deputados aprovou o Projeto de Lei 4416\/21, do deputado J\u00falio C\u00e9sar (PSD-PI), que prorroga por mais cinco anos (at\u00e9 2028) os atuais incentivos fiscais para empresas nas \u00e1reas de atua\u00e7\u00e3o das superintend\u00eancias de Desenvolvimento da Amaz\u00f4nia (Sudam) e do Nordeste (Sudene).<\/p>\n<p>O texto aprovado altera a Medida Provis\u00f3ria 2.199-14\/01, que prev\u00ea os incentivos at\u00e9 31 de dezembro de 2023. O prazo j\u00e1 havia sido postergado outras vezes pelo Congresso Nacional \u2013 a \u00faltima vez ocorreu em 2018 (Lei 13.799\/19).<\/p>\n<p>Como foi aprovado em decis\u00e3o conclusiva, o PL 4416\/21 ser\u00e1 encaminhado ao Senado, a menos que haja recurso para vota\u00e7\u00e3o em Plen\u00e1rio.<\/p>\n<h2><strong>Alcance<\/strong><\/h2>\n<p>O relator, deputado Eduardo Bismarck (PDT-CE), recomendou a aprova\u00e7\u00e3o do projeto. Ele negociou o projeto com o governo.<\/p>\n<p>\u201cA exist\u00eancia desses incentivos s\u00f3 ocorre mediante investimento em estruturas produtivas e o alcance de resultados positivos. S\u00e3o incentivos inteligentes, que carregam consigo a semente do crescimento econ\u00f4mico de forma consistente e dur\u00e1vel\u201d, disse Bismarck.<\/p>\n<p>Outros deputados destacaram a import\u00e2ncia da proposta. \u201cMinas Gerais tem 246 munic\u00edpios na \u00e1rea da Sudene. \u00c9 uma regi\u00e3o muito pobre, uma regi\u00e3o que precisa realmente de incentivos\u201d, disse o deputado Lafayette de Andrada (Republicanos-MG).<\/p>\n<p>\u201cEsse projeto vai ser muito ben\u00e9fico para estimular a ind\u00fastria na regi\u00e3o Norte e Nordeste no Brasil\u201d, disse o deputado Silvio Costa Filho (Republicanos-PE). J\u00e1 o deputado Ricardo Ayres (Republicanos-TO) afirmou que as regi\u00f5es mais pobres do Pa\u00eds n\u00e3o conseguem se desenvolver sem apoio do poder p\u00fablico.<\/p>\n<h2><strong>Incentivos<\/strong><\/h2>\n<p>As empresas beneficiadas com os incentivos fiscais conseguem a redu\u00e7\u00e3o de 75% no Imposto de Renda (IR) calculado com base no lucro. Entre outros pontos, a legisla\u00e7\u00e3o permite ainda a reten\u00e7\u00e3o de 30% do IR devido como dep\u00f3sito para reinvestimento, medida que serve de est\u00edmulo aos projetos de moderniza\u00e7\u00e3o ou compra de equipamentos.<\/p>\n<p>O autor do projeto, deputado J\u00falio Cesar, avalia que a capacidade de investimento das empresas instaladas no Norte e Nordeste reduzir\u00e1 drasticamente se os incentivos forem encerrados.<\/p>\n<p>The post <a rel=\"nofollow noopener\" href=\"https:\/\/www.infomoney.com.br\/politica\/ccj-aprova-prorrogacao-de-incentivos-fiscais-da-sudam-e-da-sudene\/\" target=\"_blank\">CCJ aprova prorroga\u00e7\u00e3o de incentivos fiscais da Sudam e da Sudene<\/a> appeared first on <a rel=\"nofollow noopener\" href=\"https:\/\/www.infomoney.com.br\/\" target=\"_blank\">InfoMoney<\/a>.<\/p>\n","protected":false},"excerpt":{"rendered":"<p><img loading=\"lazy\" decoding=\"async\" width=\"300\" height=\"200\" src=\"https:\/\/www.infomoney.com.br\/wp-content\/uploads\/2021\/12\/Congresso.1.jpg?fit=300%2C200&amp;quality=70&amp;strip=all\" class=\"attachment-medium size-medium wp-post-image\" alt=\"\" data-attachment-id=\"1752390\" data-permalink=\"https:\/\/www.infomoney.com.br\/politica\/fundao-eleitoral-emendas-de-relator-e-mudancas-na-politica-de-precos-dos-combustiveis-os-riscos-fiscais-no-radar-de-analistas-politicos\/attachment\/congresso-1-2\/\" data-orig-file=\"https:\/\/www.infomoney.com.br\/wp-content\/uploads\/2021\/12\/Congresso.1.jpg?fit=1000%2C668&amp;quality=70&amp;strip=all\" data-orig-size=\"1000,668\" data-comments-opened=\"1\" data-image-meta='{\"aperture\":\"0\",\"credit\":\"\",\"camera\":\"\",\"caption\":\"\",\"created_timestamp\":\"0\",\"copyright\":\"\",\"focal_length\":\"0\",\"iso\":\"0\",\"shutter_speed\":\"0\",\"title\":\"\",\"orientation\":\"0\"}' data-image-title=\"Congresso Nacional\" data-image-description=\"\" data-image-caption=\"&lt;p&gt;(Zeca Ribeiro\/C\u00e2mara dos Deputados)&lt;\/p&gt;\n\" data-medium-file=\"https:\/\/www.infomoney.com.br\/wp-content\/uploads\/2021\/12\/Congresso.1.jpg?fit=300%2C200&amp;quality=70&amp;strip=all\" data-large-file=\"https:\/\/www.infomoney.com.br\/wp-content\/uploads\/2021\/12\/Congresso.1.jpg?fit=1000%2C668&amp;quality=70&amp;strip=all\">Como foi aprovado em decis\u00e3o conclusiva, o projeto ser\u00e1 encaminhado ao Senado, a menos que haja recurso para vota\u00e7\u00e3o em Plen\u00e1rio<\/p>\n<p>The post <a rel=\"nofollow\" href=\"https:\/\/www.infomoney.com.br\/politica\/ccj-aprova-prorrogacao-de-incentivos-fiscais-da-sudam-e-da-sudene\/\">CCJ aprova prorroga\u00e7\u00e3o de incentivos fiscais da Sudam e da Sudene<\/a> appeared first on <a rel=\"nofollow\" href=\"https:\/\/www.infomoney.com.br\/\">InfoMoney<\/a>.<\/p>\n","protected":false},"author":47,"featured_media":0,"comment_status":"closed","ping_status":"closed","sticky":false,"template":"","format":"standard","meta":{"advgb_blocks_editor_width":"","advgb_blocks_columns_visual_guide":"","footnotes":""},"categories":[276,34,47,3501],"tags":[35],"class_list":["post-17914","post","type-post","status-publish","format-standard","hentry","category-camara-dos-deputados","category-g1","category-politica","category-sudene","tag-g1"],"author_meta":{"display_name":"luispereira","author_link":"https:\/\/sindaopcpb.org.br\/author\/luispereira\/"},"featured_img":null,"coauthors":[],"tax_additional":{"categories":{"linked":["<a href=\"https:\/\/sindaopcpb.org.br\/camara-dos-deputados\/\" class=\"advgb-post-tax-term\">C\u00e2mara dos Deputados<\/a>","<a href=\"https:\/\/sindaopcpb.org.br\/g1\/\" class=\"advgb-post-tax-term\">G1<\/a>","<a href=\"https:\/\/sindaopcpb.org.br\/politica\/\" class=\"advgb-post-tax-term\">POLITICA<\/a>","<a href=\"https:\/\/sindaopcpb.org.br\/sudene\/\" class=\"advgb-post-tax-term\">Sudene<\/a>"],"unlinked":["<span class=\"advgb-post-tax-term\">C\u00e2mara dos Deputados<\/span>","<span class=\"advgb-post-tax-term\">G1<\/span>","<span class=\"advgb-post-tax-term\">POLITICA<\/span>","<span class=\"advgb-post-tax-term\">Sudene<\/span>"]},"tags":{"linked":["<a href=\"https:\/\/sindaopcpb.org.br\/sudene\/\" class=\"advgb-post-tax-term\">g1<\/a>"],"unlinked":["<span class=\"advgb-post-tax-term\">g1<\/span>"]}},"comment_count":"0","relative_dates":{"created":"Publicado 3 anos atr\u00e1s","modified":"Atualizado 3 anos atr\u00e1s"},"absolute_dates":{"created":"Publicado em 24 de maio de 2023","modified":"Atualizado em 24 de maio de 2023"},"absolute_dates_time":{"created":"Publicado em 24 de maio de 2023 13:47","modified":"Atualizado em 24 de maio de 2023 13:47"},"featured_img_caption":"","series_order":"","_links":{"self":[{"href":"https:\/\/sindaopcpb.org.br\/index.php\/wp-json\/wp\/v2\/posts\/17914","targetHints":{"allow":["GET"]}}],"collection":[{"href":"https:\/\/sindaopcpb.org.br\/index.php\/wp-json\/wp\/v2\/posts"}],"about":[{"href":"https:\/\/sindaopcpb.org.br\/index.php\/wp-json\/wp\/v2\/types\/post"}],"author":[{"embeddable":true,"href":"https:\/\/sindaopcpb.org.br\/index.php\/wp-json\/wp\/v2\/users\/47"}],"replies":[{"embeddable":true,"href":"https:\/\/sindaopcpb.org.br\/index.php\/wp-json\/wp\/v2\/comments?post=17914"}],"version-history":[{"count":1,"href":"https:\/\/sindaopcpb.org.br\/index.php\/wp-json\/wp\/v2\/posts\/17914\/revisions"}],"predecessor-version":[{"id":17915,"href":"https:\/\/sindaopcpb.org.br\/index.php\/wp-json\/wp\/v2\/posts\/17914\/revisions\/17915"}],"wp:attachment":[{"href":"https:\/\/sindaopcpb.org.br\/index.php\/wp-json\/wp\/v2\/media?parent=17914"}],"wp:term":[{"taxonomy":"category","embeddable":true,"href":"https:\/\/sindaopcpb.org.br\/index.php\/wp-json\/wp\/v2\/categories?post=17914"},{"taxonomy":"post_tag","embeddable":true,"href":"https:\/\/sindaopcpb.org.br\/index.php\/wp-json\/wp\/v2\/tags?post=17914"}],"curies":[{"name":"wp","href":"https:\/\/api.w.org\/{rel}","templated":true}]}}