{"id":17903,"date":"2023-05-24T11:07:00","date_gmt":"2023-05-24T14:07:00","guid":{"rendered":"https:\/\/www.infomoney.com.br\/?p=2142601"},"modified":"2023-05-24T11:07:00","modified_gmt":"2023-05-24T14:07:00","slug":"vencimento-da-mp-do-carf-e-ruim-diz-haddad-que-ainda-espera-dialogo-sobre-tema","status":"publish","type":"post","link":"https:\/\/sindaopcpb.org.br\/index.php\/2023\/05\/24\/vencimento-da-mp-do-carf-e-ruim-diz-haddad-que-ainda-espera-dialogo-sobre-tema\/","title":{"rendered":"Vencimento da MP do Carf \u00e9 ruim, diz Haddad, que ainda espera di\u00e1logo sobre tema"},"content":{"rendered":"<p><img loading=\"lazy\" width=\"300\" height=\"200\" src=\"https:\/\/www.infomoney.com.br\/wp-content\/uploads\/2023\/05\/52870680701_f92a7b2063_c.jpg?fit=300%2C200&amp;quality=70&amp;strip=all\" class=\"attachment-medium size-medium wp-post-image\" alt=\"\" decoding=\"async\" style=\"float:right; margin:0 0 10px 10px;\" srcset=\"https:\/\/www.infomoney.com.br\/wp-content\/uploads\/2023\/05\/52870680701_f92a7b2063_c.jpg?w=799&amp;quality=70&amp;strip=all 799w, https:\/\/www.infomoney.com.br\/wp-content\/uploads\/2023\/05\/52870680701_f92a7b2063_c.jpg?w=300&amp;quality=70&amp;strip=all 300w, https:\/\/www.infomoney.com.br\/wp-content\/uploads\/2023\/05\/52870680701_f92a7b2063_c.jpg?w=768&amp;quality=70&amp;strip=all 768w, https:\/\/www.infomoney.com.br\/wp-content\/uploads\/2023\/05\/52870680701_f92a7b2063_c.jpg?w=150&amp;quality=70&amp;strip=all 150w\" sizes=\"auto, (max-width: 300px) 100vw, 300px\" data-attachment-id=\"2125874\" data-permalink=\"https:\/\/www.infomoney.com.br\/politica\/governo-pode-nao-arrecadar-os-r-90-bilhoes-projetados-com-fim-de-subvencoes-sobre-icms\/attachment\/52870680701_f92a7b2063_c\/\" data-orig-file=\"https:\/\/www.infomoney.com.br\/wp-content\/uploads\/2023\/05\/52870680701_f92a7b2063_c.jpg?fit=799%2C533&amp;quality=70&amp;strip=all\" data-orig-size=\"799,533\" data-comments-opened=\"0\" data-image-meta=\"{&quot;aperture&quot;:&quot;0&quot;,&quot;credit&quot;:&quot;&quot;,&quot;camera&quot;:&quot;&quot;,&quot;caption&quot;:&quot;&quot;,&quot;created_timestamp&quot;:&quot;0&quot;,&quot;copyright&quot;:&quot;&quot;,&quot;focal_length&quot;:&quot;0&quot;,&quot;iso&quot;:&quot;0&quot;,&quot;shutter_speed&quot;:&quot;0&quot;,&quot;title&quot;:&quot;&quot;,&quot;orientation&quot;:&quot;0&quot;}\" data-image-title=\"Fernando Haddad\" data-image-description=\"\" data-image-caption=\"&lt;p&gt;O ministro da Fazenda, Fernando Haddad (PT), discursa em cerim\u00f4nia do Conselho de Desenvolvimento Econ\u00f4mico Social Sustent\u00e1vel (CDESS), no Pal\u00e1cio Itamaraty (Foto: Diogo Zacarias)&lt;\/p&gt;\n\" data-medium-file=\"https:\/\/www.infomoney.com.br\/wp-content\/uploads\/2023\/05\/52870680701_f92a7b2063_c.jpg?fit=300%2C200&amp;quality=70&amp;strip=all\" data-large-file=\"https:\/\/www.infomoney.com.br\/wp-content\/uploads\/2023\/05\/52870680701_f92a7b2063_c.jpg?fit=799%2C533&amp;quality=70&amp;strip=all\" title=\"\"><\/p>\n<p>O ministro da Fazenda, Fernando Haddad, admitiu que o vencimento da Medida Provis\u00f3ria (MP) do Conselho Administrativo de Recursos Fiscais (Carf) \u00e9 muito ruim, mas sinalizou que o presidente da C\u00e2mara, Arthur Lira (PP-AL), deve abrir o di\u00e1logo sobre o tema com os l\u00edderes da Casa. &#8220;Lira tem sido muito prudente com o cronograma de vota\u00e7\u00f5es. Ele disse que \u00e9 um tema sens\u00edvel, mas eu disse a ele que temos apoio do Tribunal de Contas da Uni\u00e3o (TCU), de ministro do STJ e que a OCDE j\u00e1 disse que o Brasil sequer entraria no grupo com a regra anterior&#8221;, disse Haddad, em conversa r\u00e1pida com jornalistas na entrada do Minist\u00e9rio. &#8220;Respeitosamente, estamos aguardando a principal lideran\u00e7a da C\u00e2mara, que \u00e9 seu presidente.&#8221;<\/p>\n<p>A Fazenda busca, com as mudan\u00e7as no Carf, retomar o voto de qualidade, que d\u00e1 vit\u00f3ria para a Uni\u00e3o em casos de empate na corte tribut\u00e1ria. Inicialmente, o governo fez a altera\u00e7\u00e3o por MP, que caduca no dia 1\u00ba. Diante de resist\u00eancias no Congresso ao instrumento, foi enviado um projeto de lei sobre o tema, mas que provavelmente n\u00e3o deve ser votado antes de a MP caducar.<\/p>\n<p>Segundo Haddad, a indefini\u00e7\u00e3o sobre as regras do Carf tem paralisado os processos. O ministro afirmou que houve um aumento, em valores, no n\u00famero de processos, com mais R$ 150 bilh\u00f5es para julgar, em um montante total de R$ 1,3 trilh\u00e3o. &#8220;N\u00e3o prejudica o ajuste fiscal ainda, mas, se a indefini\u00e7\u00e3o durar muito, o R$ 1,3 trilh\u00e3o vira R$ 2 trilh\u00f5es rapidinho. Todo mundo se sente confort\u00e1vel e a autoridade fiscal perde for\u00e7a.&#8221;<\/p>\n<p>Sobre o Coaf, Haddad disse que os parlamentares se mostraram resistentes ao retorno do \u00f3rg\u00e3o para o Minist\u00e9rio da Fazenda, conforme queria o governo. Antes da MP sobre o tema, o Coaf estava no Banco Central (BC). O relat\u00f3rio da MP de reestrutura\u00e7\u00e3o do governo n\u00e3o tratou do tema, com isso, o Coaf deve voltar ao BC.<\/p>\n<p>&#8220;No texto, mais importante do que onde vai ficar o Coaf, \u00e9 a quest\u00e3o da integridade de dados. Penso que vamos perder grande oportunidade, porque \u00e9 salvaguarda da popula\u00e7\u00e3o. Onde vai ficar n\u00e3o era t\u00e3o importante&#8221;, minimizou o ministro.<\/p>\n<p>The post <a rel=\"nofollow noopener\" href=\"https:\/\/www.infomoney.com.br\/politica\/vencimento-da-mp-do-carf-e-ruim-diz-haddad-que-ainda-espera-dialogo-sobre-tema\/\" target=\"_blank\">Vencimento da MP do Carf \u00e9 ruim, diz Haddad, que ainda espera di\u00e1logo sobre tema<\/a> appeared first on <a rel=\"nofollow noopener\" href=\"https:\/\/www.infomoney.com.br\/\" target=\"_blank\">InfoMoney<\/a>.<\/p>\n","protected":false},"excerpt":{"rendered":"<p><img loading=\"lazy\" decoding=\"async\" width=\"300\" height=\"200\" src=\"https:\/\/www.infomoney.com.br\/wp-content\/uploads\/2023\/05\/52870680701_f92a7b2063_c.jpg?fit=300%2C200&amp;quality=70&amp;strip=all\" class=\"attachment-medium size-medium wp-post-image\" alt=\"\" data-attachment-id=\"2125874\" data-permalink=\"https:\/\/www.infomoney.com.br\/politica\/governo-pode-nao-arrecadar-os-r-90-bilhoes-projetados-com-fim-de-subvencoes-sobre-icms\/attachment\/52870680701_f92a7b2063_c\/\" data-orig-file=\"https:\/\/www.infomoney.com.br\/wp-content\/uploads\/2023\/05\/52870680701_f92a7b2063_c.jpg?fit=799%2C533&amp;quality=70&amp;strip=all\" data-orig-size=\"799,533\" data-comments-opened=\"0\" data-image-meta='{\"aperture\":\"0\",\"credit\":\"\",\"camera\":\"\",\"caption\":\"\",\"created_timestamp\":\"0\",\"copyright\":\"\",\"focal_length\":\"0\",\"iso\":\"0\",\"shutter_speed\":\"0\",\"title\":\"\",\"orientation\":\"0\"}' data-image-title=\"Fernando Haddad\" data-image-description=\"\" data-image-caption=\"&lt;p&gt;O ministro da Fazenda, Fernando Haddad (PT), discursa em cerim\u00f4nia do Conselho de Desenvolvimento Econ\u00f4mico Social Sustent\u00e1vel (CDESS), no Pal\u00e1cio Itamaraty (Foto: Diogo Zacarias)&lt;\/p&gt;\n\" data-medium-file=\"https:\/\/www.infomoney.com.br\/wp-content\/uploads\/2023\/05\/52870680701_f92a7b2063_c.jpg?fit=300%2C200&amp;quality=70&amp;strip=all\" data-large-file=\"https:\/\/www.infomoney.com.br\/wp-content\/uploads\/2023\/05\/52870680701_f92a7b2063_c.jpg?fit=799%2C533&amp;quality=70&amp;strip=all\">Projeto de lei enviado ao Congresso sobre o tema provavelmente n\u00e3o deve ser votado antes de medida provis\u00f3ria caducar<\/p>\n<p>The post <a rel=\"nofollow\" href=\"https:\/\/www.infomoney.com.br\/politica\/vencimento-da-mp-do-carf-e-ruim-diz-haddad-que-ainda-espera-dialogo-sobre-tema\/\">Vencimento da MP do Carf \u00e9 ruim, diz Haddad, que ainda espera di\u00e1logo sobre tema<\/a> appeared first on <a rel=\"nofollow\" href=\"https:\/\/www.infomoney.com.br\/\">InfoMoney<\/a>.<\/p>\n","protected":false},"author":43,"featured_media":0,"comment_status":"closed","ping_status":"closed","sticky":false,"template":"","format":"standard","meta":{"advgb_blocks_editor_width":"","advgb_blocks_columns_visual_guide":"","footnotes":""},"categories":[469,69,109,34,47],"tags":[35],"class_list":["post-17903","post","type-post","status-publish","format-standard","hentry","category-carf","category-economia","category-fernando-haddad","category-g1","category-politica","tag-g1"],"author_meta":{"display_name":"Estad\u00e3o Conte\u00fado","author_link":"https:\/\/sindaopcpb.org.br\/author\/estadao-conteudo\/"},"featured_img":null,"coauthors":[],"tax_additional":{"categories":{"linked":["<a href=\"https:\/\/sindaopcpb.org.br\/carf\/\" class=\"advgb-post-tax-term\">Carf<\/a>","<a href=\"https:\/\/sindaopcpb.org.br\/economia\/\" class=\"advgb-post-tax-term\">Economia<\/a>","<a href=\"https:\/\/sindaopcpb.org.br\/fernando-haddad\/\" class=\"advgb-post-tax-term\">FERNANDO HADDAD<\/a>","<a href=\"https:\/\/sindaopcpb.org.br\/g1\/\" class=\"advgb-post-tax-term\">G1<\/a>","<a href=\"https:\/\/sindaopcpb.org.br\/politica\/\" class=\"advgb-post-tax-term\">POLITICA<\/a>"],"unlinked":["<span class=\"advgb-post-tax-term\">Carf<\/span>","<span class=\"advgb-post-tax-term\">Economia<\/span>","<span class=\"advgb-post-tax-term\">FERNANDO HADDAD<\/span>","<span class=\"advgb-post-tax-term\">G1<\/span>","<span class=\"advgb-post-tax-term\">POLITICA<\/span>"]},"tags":{"linked":["<a href=\"https:\/\/sindaopcpb.org.br\/politica\/\" class=\"advgb-post-tax-term\">g1<\/a>"],"unlinked":["<span class=\"advgb-post-tax-term\">g1<\/span>"]}},"comment_count":"0","relative_dates":{"created":"Publicado 3 anos atr\u00e1s","modified":"Atualizado 3 anos atr\u00e1s"},"absolute_dates":{"created":"Publicado em 24 de maio de 2023","modified":"Atualizado em 24 de maio de 2023"},"absolute_dates_time":{"created":"Publicado em 24 de maio de 2023 11:07","modified":"Atualizado em 24 de maio de 2023 11:07"},"featured_img_caption":"","series_order":"","_links":{"self":[{"href":"https:\/\/sindaopcpb.org.br\/index.php\/wp-json\/wp\/v2\/posts\/17903","targetHints":{"allow":["GET"]}}],"collection":[{"href":"https:\/\/sindaopcpb.org.br\/index.php\/wp-json\/wp\/v2\/posts"}],"about":[{"href":"https:\/\/sindaopcpb.org.br\/index.php\/wp-json\/wp\/v2\/types\/post"}],"author":[{"embeddable":true,"href":"https:\/\/sindaopcpb.org.br\/index.php\/wp-json\/wp\/v2\/users\/43"}],"replies":[{"embeddable":true,"href":"https:\/\/sindaopcpb.org.br\/index.php\/wp-json\/wp\/v2\/comments?post=17903"}],"version-history":[{"count":1,"href":"https:\/\/sindaopcpb.org.br\/index.php\/wp-json\/wp\/v2\/posts\/17903\/revisions"}],"predecessor-version":[{"id":17904,"href":"https:\/\/sindaopcpb.org.br\/index.php\/wp-json\/wp\/v2\/posts\/17903\/revisions\/17904"}],"wp:attachment":[{"href":"https:\/\/sindaopcpb.org.br\/index.php\/wp-json\/wp\/v2\/media?parent=17903"}],"wp:term":[{"taxonomy":"category","embeddable":true,"href":"https:\/\/sindaopcpb.org.br\/index.php\/wp-json\/wp\/v2\/categories?post=17903"},{"taxonomy":"post_tag","embeddable":true,"href":"https:\/\/sindaopcpb.org.br\/index.php\/wp-json\/wp\/v2\/tags?post=17903"}],"curies":[{"name":"wp","href":"https:\/\/api.w.org\/{rel}","templated":true}]}}