{"id":17888,"date":"2023-05-24T10:12:34","date_gmt":"2023-05-24T13:12:34","guid":{"rendered":"https:\/\/g1.globo.com\/pb\/paraiba\/noticia\/2023\/05\/24\/barracas-da-orla-de-cabedelo-pb-sem-autorizacao-de-funcionamento-sao-demolidas.ghtml"},"modified":"2023-05-24T10:12:34","modified_gmt":"2023-05-24T13:12:34","slug":"barracas-da-orla-de-cabedelo-pb-sem-autorizacao-de-funcionamento-sao-demolidas","status":"publish","type":"post","link":"https:\/\/sindaopcpb.org.br\/index.php\/2023\/05\/24\/barracas-da-orla-de-cabedelo-pb-sem-autorizacao-de-funcionamento-sao-demolidas\/","title":{"rendered":"Barracas da orla de Cabedelo, PB, sem autoriza\u00e7\u00e3o de funcionamento s\u00e3o demolidas"},"content":{"rendered":"   <img src=\"https:\/\/s2.glbimg.com\/onESAfkcwitq34ik3wLsdZT6Lf0=\/i.s3.glbimg.com\/v1\/AUTH_59edd422c0c84a879bd37670ae4f538a\/internal_photos\/bs\/2023\/L\/5\/LAh4GaQCAkePyL5cxpKw\/barracas-da-orla-de-cabedelo-pb-sem-autorizacao-de-funcionamento-sao-demolidas.jpeg\" \/><br \/>     Demoli\u00e7\u00e3o cumpre uma recomenda\u00e7\u00e3o do Minist\u00e9rio P\u00fablico Federal (MPF) de 2019. Barracas da orla de Cabedelo, PB, sem autoriza\u00e7\u00e3o de funcionamento s\u00e3o demolidas\nAnt\u00f4nio Vieira\/TV Cabo Branco\nPelo menos 70 estruturas de bares, quiosques e cai\u00e7aras est\u00e3o sendo demolidos, na manh\u00e3 desta quarta-feira (24), na praia de Miramar, em Cabedelo, na Grande Jo\u00e3o Pessoa. A demoli\u00e7\u00e3o cumpre uma recomenda\u00e7\u00e3o do Minist\u00e9rio P\u00fablico Federal (MPF) de 2019.\nDe acordo com Paulo Moura, diretor de fiscaliza\u00e7\u00e3o de obras da prefeitura de Cabedelo, os barraqueiros mais antigos v\u00e3o ter a oportunidade de ser contemplados com novas constru\u00e7\u00f5es de bares e quiosques. No entanto, essa distribui\u00e7\u00e3o vai acontecer por meio de sorteio.\nNo in\u00edcio de mar\u00e7o, quiosques da Praia Formosa tamb\u00e9m foram demolidos seguindo a mesma recomenda\u00e7\u00e3o de 2019 do Minist\u00e9rio P\u00fablico Federal (MPF).\nA assessoria da procuradoria do munic\u00edpio informou \u00e0 \u00e9poca que a recomenda\u00e7\u00e3o n\u00e3o foi cumprida anteriormente por conta da Covid-19, j\u00e1 que atividades administrativas foram reduzidas e n\u00e3o estava havendo funcionamento dos com\u00e9rcios em raz\u00e3o das restri\u00e7\u00f5es pela doen\u00e7a.\nJoel Roberto, de 57 anos, pescador na praia de Miramar, em Cabedelo\nAnt\u00f4nio Vieira\/TV Cabo Branco\nPara os pescadores, a situa\u00e7\u00e3o preocupa. De acordo com o abastecedor de barco Joselito Ribeiro, eles n\u00e3o receberam informa\u00e7\u00f5es pr\u00e9vias sobre a retirada das barracas dos pescadores.\n\"Estou mais de 17 anos na praia. A gente n\u00e3o sabia nada, falou sobre os bares, mas sobre as cai\u00e7aras n\u00e3o disseram nada\", relata Joselito. \nPara Joel Roberto, de 57 anos, a situa\u00e7\u00e3o rememora a origem de todos que trabalham no local. \"Isso \u00e9 por causa de rico, porque quando fazem esses apartamentos aqui, n\u00e3o querem pobre na frente. N\u00f3s somos pescadores. Quando chegaram aqui, a gente j\u00e1 estava. Estou com 57 anos, nasci e me criei aqui na beira de praia\", desabafa.\nA recomenda\u00e7\u00e3o foi cumprida nesta quarta-feira com apoio da Guarda Municipal e Pol\u00edcia Militar, para manter a seguran\u00e7a do local, do Minist\u00e9rio P\u00fablico Federal e da Pol\u00edcia Federal.\nV\u00eddeos mais assistidos da Para\u00edba  ","protected":false},"excerpt":{"rendered":"<p>        Demoli\u00e7\u00e3o cumpre uma recomenda\u00e7\u00e3o do Minist\u00e9rio P\u00fablico Federal (MPF) de 2019. Barracas da orla de Cabedelo, PB, sem autoriza\u00e7\u00e3o de funcionamento s\u00e3o demolidas<br \/>\nAnt\u00f4nio Vieira\/TV Cabo Branco<br \/>\nPelo menos 70 estruturas de bares, quiosques e cai\u00e7ara&#8230;<\/p>\n","protected":false},"author":2,"featured_media":0,"comment_status":"closed","ping_status":"closed","sticky":false,"template":"","format":"standard","meta":{"advgb_blocks_editor_width":"","advgb_blocks_columns_visual_guide":"","footnotes":""},"categories":[34],"tags":[35],"class_list":["post-17888","post","type-post","status-publish","format-standard","hentry","category-g1","tag-g1"],"author_meta":{"display_name":"g1 &gt; Para\u00edba","author_link":"https:\/\/sindaopcpb.org.br\/author\/g1-paraiba\/"},"featured_img":null,"coauthors":[],"tax_additional":{"categories":{"linked":["<a href=\"https:\/\/sindaopcpb.org.br\/g1\/\" class=\"advgb-post-tax-term\">G1<\/a>"],"unlinked":["<span class=\"advgb-post-tax-term\">G1<\/span>"]},"tags":{"linked":["<a href=\"https:\/\/sindaopcpb.org.br\/g1\/\" class=\"advgb-post-tax-term\">g1<\/a>"],"unlinked":["<span class=\"advgb-post-tax-term\">g1<\/span>"]}},"comment_count":"0","relative_dates":{"created":"Publicado 3 anos atr\u00e1s","modified":"Atualizado 3 anos atr\u00e1s"},"absolute_dates":{"created":"Publicado em 24 de maio de 2023","modified":"Atualizado em 24 de maio de 2023"},"absolute_dates_time":{"created":"Publicado em 24 de maio de 2023 10:12","modified":"Atualizado em 24 de maio de 2023 10:12"},"featured_img_caption":"","series_order":"","_links":{"self":[{"href":"https:\/\/sindaopcpb.org.br\/index.php\/wp-json\/wp\/v2\/posts\/17888","targetHints":{"allow":["GET"]}}],"collection":[{"href":"https:\/\/sindaopcpb.org.br\/index.php\/wp-json\/wp\/v2\/posts"}],"about":[{"href":"https:\/\/sindaopcpb.org.br\/index.php\/wp-json\/wp\/v2\/types\/post"}],"author":[{"embeddable":true,"href":"https:\/\/sindaopcpb.org.br\/index.php\/wp-json\/wp\/v2\/users\/2"}],"replies":[{"embeddable":true,"href":"https:\/\/sindaopcpb.org.br\/index.php\/wp-json\/wp\/v2\/comments?post=17888"}],"version-history":[{"count":1,"href":"https:\/\/sindaopcpb.org.br\/index.php\/wp-json\/wp\/v2\/posts\/17888\/revisions"}],"predecessor-version":[{"id":17889,"href":"https:\/\/sindaopcpb.org.br\/index.php\/wp-json\/wp\/v2\/posts\/17888\/revisions\/17889"}],"wp:attachment":[{"href":"https:\/\/sindaopcpb.org.br\/index.php\/wp-json\/wp\/v2\/media?parent=17888"}],"wp:term":[{"taxonomy":"category","embeddable":true,"href":"https:\/\/sindaopcpb.org.br\/index.php\/wp-json\/wp\/v2\/categories?post=17888"},{"taxonomy":"post_tag","embeddable":true,"href":"https:\/\/sindaopcpb.org.br\/index.php\/wp-json\/wp\/v2\/tags?post=17888"}],"curies":[{"name":"wp","href":"https:\/\/api.w.org\/{rel}","templated":true}]}}