{"id":17770,"date":"2023-05-23T15:32:00","date_gmt":"2023-05-23T18:32:00","guid":{"rendered":"https:\/\/www.infomoney.com.br\/?p=2141578"},"modified":"2023-05-23T15:32:00","modified_gmt":"2023-05-23T18:32:00","slug":"nao-da-para-cuidar-dos-pobres-com-juros-neste-tamanho-afirma-ministro","status":"publish","type":"post","link":"https:\/\/sindaopcpb.org.br\/index.php\/2023\/05\/23\/nao-da-para-cuidar-dos-pobres-com-juros-neste-tamanho-afirma-ministro\/","title":{"rendered":"N\u00e3o d\u00e1 para cuidar dos pobres com juros neste tamanho, afirma ministro"},"content":{"rendered":"<p><img loading=\"lazy\" width=\"300\" height=\"225\" src=\"https:\/\/www.infomoney.com.br\/wp-content\/uploads\/2022\/11\/mcmgo_abr_21112018-_1548.jpg?fit=300%2C225&amp;quality=70&amp;strip=all\" class=\"attachment-medium size-medium wp-post-image\" alt=\"\" decoding=\"async\" style=\"float:right; margin:0 0 10px 10px;\" srcset=\"https:\/\/www.infomoney.com.br\/wp-content\/uploads\/2022\/11\/mcmgo_abr_21112018-_1548.jpg?w=1024&amp;quality=70&amp;strip=all 1024w, https:\/\/www.infomoney.com.br\/wp-content\/uploads\/2022\/11\/mcmgo_abr_21112018-_1548.jpg?w=300&amp;quality=70&amp;strip=all 300w, https:\/\/www.infomoney.com.br\/wp-content\/uploads\/2022\/11\/mcmgo_abr_21112018-_1548.jpg?w=768&amp;quality=70&amp;strip=all 768w, https:\/\/www.infomoney.com.br\/wp-content\/uploads\/2022\/11\/mcmgo_abr_21112018-_1548.jpg?w=150&amp;quality=70&amp;strip=all 150w\" sizes=\"auto, (max-width: 300px) 100vw, 300px\" data-attachment-id=\"1993653\" data-permalink=\"https:\/\/www.infomoney.com.br\/politica\/wellington-dias-brasil-precisa-crescer-a-taxas-mais-elevadas\/attachment\/mcmgo_abr_21112018-_1548\/\" data-orig-file=\"https:\/\/www.infomoney.com.br\/wp-content\/uploads\/2022\/11\/mcmgo_abr_21112018-_1548.jpg?fit=1024%2C768&amp;quality=70&amp;strip=all\" data-orig-size=\"1024,768\" data-comments-opened=\"0\" data-image-meta=\"{&quot;aperture&quot;:&quot;2.8&quot;,&quot;credit&quot;:&quot;Marcelo Camargo\\\/Ag\\u00eancia Brasil&quot;,&quot;camera&quot;:&quot;Canon EOS-1D X&quot;,&quot;caption&quot;:&quot;O governador reeleito do Piau\\u00ed, Wellington Dias, ap\\u00f3s reuni\\u00e3o dos governadores eleitos dos estados do nordeste, em Bras\\u00edlia.&quot;,&quot;created_timestamp&quot;:&quot;1542800982&quot;,&quot;copyright&quot;:&quot;Agencia Brasil&quot;,&quot;focal_length&quot;:&quot;200&quot;,&quot;iso&quot;:&quot;1250&quot;,&quot;shutter_speed&quot;:&quot;0.0015625&quot;,&quot;title&quot;:&quot;&quot;,&quot;orientation&quot;:&quot;1&quot;}\" data-image-title=\"mcmgo_abr_21112018-_1548\" data-image-description=\"\" data-image-caption=\"&lt;p&gt;O governador reeleito do Piau\u00ed, Wellington Dias. (Foto: Marcelo Camargo\/Ag\u00eancia Brasil)&lt;\/p&gt;\n\" data-medium-file=\"https:\/\/www.infomoney.com.br\/wp-content\/uploads\/2022\/11\/mcmgo_abr_21112018-_1548.jpg?fit=300%2C225&amp;quality=70&amp;strip=all\" data-large-file=\"https:\/\/www.infomoney.com.br\/wp-content\/uploads\/2022\/11\/mcmgo_abr_21112018-_1548.jpg?fit=1024%2C768&amp;quality=70&amp;strip=all\" title=\"\"><\/p>\n<p>O ministro do Desenvolvimento e Assist\u00eancia Social, Wellington Dias, disse, nesta ter\u00e7a-feira (23), que o enfrentamento da pobreza \u00e9 prejudicado pelos juros elevados, refor\u00e7ando a press\u00e3o do governo por cortes da Selic pelo Banco Central (BC). &#8220;N\u00e3o d\u00e1 para cuidar dos pobres com juros neste tamanho&#8221;, declarou, durante discurso no lan\u00e7amento do movimento Pacto Contra a Fome, uma iniciativa da sociedade civil que re\u00fane organiza\u00e7\u00f5es n\u00e3o governamentais, iniciativa privada e setor p\u00fablico com o objetivo de organizar a\u00e7\u00f5es conjuntas para erradicar a fome no Brasil at\u00e9 2030.<\/p>\n<p>Ao reivindicar que os juros voltem a um patamar &#8220;mais adequado&#8221;, Dias afirmou que aceitou ser ministro para tirar pessoas da pobreza e n\u00e3o para piorar a vida das fam\u00edlias de baixa renda com mais endividamento.<\/p>\n<p>Em seu discurso, o ministro destacou que o aumento do sal\u00e1rio m\u00ednimo acima da infla\u00e7\u00e3o contribui para elevar a renda na base da pir\u00e2mide social e &#8220;tirar mais gente da pobreza&#8221;.<\/p>\n<p>Com o refor\u00e7o do Bolsa Fam\u00edlia em junho, dado o acr\u00e9scimo dos repasses de R$ 50 a gestantes e crian\u00e7as e adolescentes de sete a 18 anos, mais de 8,5 milh\u00f5es de fam\u00edlias sair\u00e3o da extrema pobreza, tamb\u00e9m frisou o ministro.<\/p>\n<p>Ele comentou ainda que o novo marco fiscal, substituto da regra do teto de gastos a ser votado na C\u00e2mara, vai melhorar as condi\u00e7\u00f5es para o Brasil receber investimentos.<\/p>\n<p>Assim como Dias, a ministra do Planejamento, Simone Tebet, refor\u00e7ou durante o evento o compromisso do governo no combate \u00e0 fome, principal objetivo do presidente Luiz In\u00e1cio Lula da Silva. Nesse sentido, ela considerou a aprova\u00e7\u00e3o da reforma tribut\u00e1ria &#8220;fundamental&#8221; para a gera\u00e7\u00e3o de emprego e renda, diminuindo assim os \u00edndices de fome e mis\u00e9ria no Pa\u00eds.<\/p>\n<p>&#8220;\u00c9 fundamental uma reforma tribut\u00e1ria que diminua a carga tribut\u00e1ria do setor produtivo, para que nossas ind\u00fastrias voltem a ser competitivas para garantir emprego e renda \u00e0 popula\u00e7\u00e3o&#8221;, disse Tebet.<\/p>\n<p>Segundo a ministra, n\u00e3o falta dinheiro para o combate \u00e0 fome, mas o Brasil &#8220;gasta mal&#8221; e n\u00e3o fez pol\u00edticas p\u00fablicas permanentes nos \u00faltimos anos para erradicar o problema. &#8220;Colocamos, no Minist\u00e9rio do Desenvolvimento Social, R$ 170 bilh\u00f5es para o Bolsa Fam\u00edlia. N\u00e3o \u00e9 poss\u00edvel que, ainda assim, tenhamos pessoas na fila do cadastro \u00fanico&#8221;, pontuou.<\/p>\n<p>A ministra do Planejamento salientou que a miss\u00e3o designada pelo presidente Lula de &#8220;incluir o pobre no or\u00e7amento&#8221; est\u00e1 sendo executada com responsabilidade fiscal.<\/p>\n<p>&#8220;Depois de 30 anos, voltamos para o mapa da fome. A pergunta mais importante \u00e9: por que um Pa\u00eds de dimens\u00e3o continental, com solo que temos, com m\u00e3o de obra, por que esse Pa\u00eds tem um povo t\u00e3o miser\u00e1vel, tem 8 milh\u00f5es de crian\u00e7as que dormem com barriguinhas vazias \u00e0 noite? N\u00e3o tivemos, nesses 30 anos, pol\u00edticas p\u00fablicas permanentes que fa\u00e7am o Brasil crescer sem deixar ningu\u00e9m para tr\u00e1s&#8221;, criticou Tebet.<\/p>\n<p>Antes do discurso de Tebet, o ministro Wellington Dias cobrou que o Plano Safra n\u00e3o tenha financiamento direcionado apenas a grupos agr\u00edcolas exportadores, mas tamb\u00e9m \u00e0 agricultura familiar, de modo a aumentar a oferta de alimentos para a &#8220;mesa dos brasileiros&#8221;.<\/p>\n<p>The post <a rel=\"nofollow noopener\" href=\"https:\/\/www.infomoney.com.br\/politica\/nao-da-para-cuidar-dos-pobres-com-juros-neste-tamanho-afirma-ministro\/\" target=\"_blank\">N\u00e3o d\u00e1 para cuidar dos pobres com juros neste tamanho, afirma ministro<\/a> appeared first on <a rel=\"nofollow noopener\" href=\"https:\/\/www.infomoney.com.br\/\" target=\"_blank\">InfoMoney<\/a>.<\/p>\n","protected":false},"excerpt":{"rendered":"<p><img loading=\"lazy\" decoding=\"async\" width=\"300\" height=\"225\" src=\"https:\/\/www.infomoney.com.br\/wp-content\/uploads\/2022\/11\/mcmgo_abr_21112018-_1548.jpg?fit=300%2C225&amp;quality=70&amp;strip=all\" class=\"attachment-medium size-medium wp-post-image\" alt=\"\" data-attachment-id=\"1993653\" data-permalink=\"https:\/\/www.infomoney.com.br\/politica\/wellington-dias-brasil-precisa-crescer-a-taxas-mais-elevadas\/attachment\/mcmgo_abr_21112018-_1548\/\" data-orig-file=\"https:\/\/www.infomoney.com.br\/wp-content\/uploads\/2022\/11\/mcmgo_abr_21112018-_1548.jpg?fit=1024%2C768&amp;quality=70&amp;strip=all\" data-orig-size=\"1024,768\" data-comments-opened=\"0\" data-image-meta='{\"aperture\":\"2.8\",\"credit\":\"Marcelo Camargo\\\/Ag\\u00eancia Brasil\",\"camera\":\"Canon EOS-1D X\",\"caption\":\"O governador reeleito do Piau\\u00ed, Wellington Dias, ap\\u00f3s reuni\\u00e3o dos governadores eleitos dos estados do nordeste, em Bras\\u00edlia.\",\"created_timestamp\":\"1542800982\",\"copyright\":\"Agencia Brasil\",\"focal_length\":\"200\",\"iso\":\"1250\",\"shutter_speed\":\"0.0015625\",\"title\":\"\",\"orientation\":\"1\"}' data-image-title=\"mcmgo_abr_21112018-_1548\" data-image-description=\"\" data-image-caption=\"&lt;p&gt;O governador reeleito do Piau\u00ed, Wellington Dias. (Foto: Marcelo Camargo\/Ag\u00eancia Brasil)&lt;\/p&gt;\n\" data-medium-file=\"https:\/\/www.infomoney.com.br\/wp-content\/uploads\/2022\/11\/mcmgo_abr_21112018-_1548.jpg?fit=300%2C225&amp;quality=70&amp;strip=all\" data-large-file=\"https:\/\/www.infomoney.com.br\/wp-content\/uploads\/2022\/11\/mcmgo_abr_21112018-_1548.jpg?fit=1024%2C768&amp;quality=70&amp;strip=all\">Wellington Dias comentou que o novo marco fiscal, substituto da regra do teto de gastos, vai melhorar as condi\u00e7\u00f5es para o Brasil receber investimentos<\/p>\n<p>The post <a rel=\"nofollow\" href=\"https:\/\/www.infomoney.com.br\/politica\/nao-da-para-cuidar-dos-pobres-com-juros-neste-tamanho-afirma-ministro\/\">N\u00e3o d\u00e1 para cuidar dos pobres com juros neste tamanho, afirma ministro<\/a> appeared first on <a rel=\"nofollow\" href=\"https:\/\/www.infomoney.com.br\/\">InfoMoney<\/a>.<\/p>\n","protected":false},"author":43,"featured_media":0,"comment_status":"closed","ping_status":"closed","sticky":false,"template":"","format":"standard","meta":{"advgb_blocks_editor_width":"","advgb_blocks_columns_visual_guide":"","footnotes":""},"categories":[34,47,282,900],"tags":[35],"class_list":["post-17770","post","type-post","status-publish","format-standard","hentry","category-g1","category-politica","category-taxa-de-juros","category-wellington-dias","tag-g1"],"author_meta":{"display_name":"Estad\u00e3o Conte\u00fado","author_link":"https:\/\/sindaopcpb.org.br\/author\/estadao-conteudo\/"},"featured_img":null,"coauthors":[],"tax_additional":{"categories":{"linked":["<a href=\"https:\/\/sindaopcpb.org.br\/g1\/\" class=\"advgb-post-tax-term\">G1<\/a>","<a href=\"https:\/\/sindaopcpb.org.br\/politica\/\" class=\"advgb-post-tax-term\">POLITICA<\/a>","<a href=\"https:\/\/sindaopcpb.org.br\/taxa-de-juros\/\" class=\"advgb-post-tax-term\">Taxa de Juros<\/a>","<a href=\"https:\/\/sindaopcpb.org.br\/wellington-dias\/\" class=\"advgb-post-tax-term\">Wellington Dias<\/a>"],"unlinked":["<span class=\"advgb-post-tax-term\">G1<\/span>","<span class=\"advgb-post-tax-term\">POLITICA<\/span>","<span class=\"advgb-post-tax-term\">Taxa de Juros<\/span>","<span class=\"advgb-post-tax-term\">Wellington Dias<\/span>"]},"tags":{"linked":["<a href=\"https:\/\/sindaopcpb.org.br\/wellington-dias\/\" class=\"advgb-post-tax-term\">g1<\/a>"],"unlinked":["<span class=\"advgb-post-tax-term\">g1<\/span>"]}},"comment_count":"0","relative_dates":{"created":"Publicado 3 anos atr\u00e1s","modified":"Atualizado 3 anos atr\u00e1s"},"absolute_dates":{"created":"Publicado em 23 de maio de 2023","modified":"Atualizado em 23 de maio de 2023"},"absolute_dates_time":{"created":"Publicado em 23 de maio de 2023 15:32","modified":"Atualizado em 23 de maio de 2023 15:32"},"featured_img_caption":"","series_order":"","_links":{"self":[{"href":"https:\/\/sindaopcpb.org.br\/index.php\/wp-json\/wp\/v2\/posts\/17770","targetHints":{"allow":["GET"]}}],"collection":[{"href":"https:\/\/sindaopcpb.org.br\/index.php\/wp-json\/wp\/v2\/posts"}],"about":[{"href":"https:\/\/sindaopcpb.org.br\/index.php\/wp-json\/wp\/v2\/types\/post"}],"author":[{"embeddable":true,"href":"https:\/\/sindaopcpb.org.br\/index.php\/wp-json\/wp\/v2\/users\/43"}],"replies":[{"embeddable":true,"href":"https:\/\/sindaopcpb.org.br\/index.php\/wp-json\/wp\/v2\/comments?post=17770"}],"version-history":[{"count":1,"href":"https:\/\/sindaopcpb.org.br\/index.php\/wp-json\/wp\/v2\/posts\/17770\/revisions"}],"predecessor-version":[{"id":17771,"href":"https:\/\/sindaopcpb.org.br\/index.php\/wp-json\/wp\/v2\/posts\/17770\/revisions\/17771"}],"wp:attachment":[{"href":"https:\/\/sindaopcpb.org.br\/index.php\/wp-json\/wp\/v2\/media?parent=17770"}],"wp:term":[{"taxonomy":"category","embeddable":true,"href":"https:\/\/sindaopcpb.org.br\/index.php\/wp-json\/wp\/v2\/categories?post=17770"},{"taxonomy":"post_tag","embeddable":true,"href":"https:\/\/sindaopcpb.org.br\/index.php\/wp-json\/wp\/v2\/tags?post=17770"}],"curies":[{"name":"wp","href":"https:\/\/api.w.org\/{rel}","templated":true}]}}