{"id":17744,"date":"2023-05-23T15:00:00","date_gmt":"2023-05-23T18:00:00","guid":{"rendered":"https:\/\/www.infomoney.com.br\/?p=2141722"},"modified":"2023-05-23T15:00:00","modified_gmt":"2023-05-23T18:00:00","slug":"haddad-fala-em-ter-regra-fiscal-e-reforma-tributaria-votadas-na-camara-ainda-neste-semestre","status":"publish","type":"post","link":"https:\/\/sindaopcpb.org.br\/index.php\/2023\/05\/23\/haddad-fala-em-ter-regra-fiscal-e-reforma-tributaria-votadas-na-camara-ainda-neste-semestre\/","title":{"rendered":"Haddad fala em ter regra fiscal e reforma tribut\u00e1ria votadas na C\u00e2mara ainda neste semestre"},"content":{"rendered":"<p><img loading=\"lazy\" width=\"300\" height=\"200\" src=\"https:\/\/www.infomoney.com.br\/wp-content\/uploads\/2023\/03\/52745183539_2b99a71804_c.jpg?fit=300%2C200&amp;quality=70&amp;strip=all\" class=\"attachment-medium size-medium wp-post-image\" alt=\"Ministro da Fazenda, Fernando Haddad\" decoding=\"async\" style=\"float:right; margin:0 0 10px 10px;\" srcset=\"https:\/\/www.infomoney.com.br\/wp-content\/uploads\/2023\/03\/52745183539_2b99a71804_c.jpg?w=799&amp;quality=70&amp;strip=all 799w, https:\/\/www.infomoney.com.br\/wp-content\/uploads\/2023\/03\/52745183539_2b99a71804_c.jpg?w=300&amp;quality=70&amp;strip=all 300w, https:\/\/www.infomoney.com.br\/wp-content\/uploads\/2023\/03\/52745183539_2b99a71804_c.jpg?w=768&amp;quality=70&amp;strip=all 768w, https:\/\/www.infomoney.com.br\/wp-content\/uploads\/2023\/03\/52745183539_2b99a71804_c.jpg?w=150&amp;quality=70&amp;strip=all 150w\" sizes=\"auto, (max-width: 300px) 100vw, 300px\" data-attachment-id=\"2079488\" data-permalink=\"https:\/\/www.infomoney.com.br\/52745183539_2b99a71804_c\/\" data-orig-file=\"https:\/\/www.infomoney.com.br\/wp-content\/uploads\/2023\/03\/52745183539_2b99a71804_c.jpg?fit=799%2C533&amp;quality=70&amp;strip=all\" data-orig-size=\"799,533\" data-comments-opened=\"0\" data-image-meta=\"{&quot;aperture&quot;:&quot;0&quot;,&quot;credit&quot;:&quot;&quot;,&quot;camera&quot;:&quot;&quot;,&quot;caption&quot;:&quot;&quot;,&quot;created_timestamp&quot;:&quot;0&quot;,&quot;copyright&quot;:&quot;&quot;,&quot;focal_length&quot;:&quot;0&quot;,&quot;iso&quot;:&quot;0&quot;,&quot;shutter_speed&quot;:&quot;0&quot;,&quot;title&quot;:&quot;&quot;,&quot;orientation&quot;:&quot;0&quot;}\" data-image-title=\"Ministro da Fazenda, Fernando Haddad\" data-image-description=\"&lt;p&gt;Ministro da Fazenda, Fernando Haddad&lt;\/p&gt;\n\" data-image-caption=\"&lt;p&gt;Diogo Zacarias\/Minist\u00e9rio da Fazenda&lt;\/p&gt;\n\" data-medium-file=\"https:\/\/www.infomoney.com.br\/wp-content\/uploads\/2023\/03\/52745183539_2b99a71804_c.jpg?fit=300%2C200&amp;quality=70&amp;strip=all\" data-large-file=\"https:\/\/www.infomoney.com.br\/wp-content\/uploads\/2023\/03\/52745183539_2b99a71804_c.jpg?fit=799%2C533&amp;quality=70&amp;strip=all\" title=\"\"><\/p>\n<p>O ministro da Fazenda, Fernando Haddad, falou em ter a nova regra fiscal e a reforma tribut\u00e1ria votadas na C\u00e2mara &#8220;ainda neste semestre&#8221;. Ele deu a declara\u00e7\u00e3o na resid\u00eancia oficial da Presid\u00eancia do Senado ao lado do presidente da Casa, Rodrigo Pacheco (PSD-MG), do presidente da C\u00e2mara, Arthur Lira (PP-AL), do relator da regra fiscal, Cl\u00e1udio Cajado (PP-BA), do relator da reforma tribut\u00e1ria, Aguinaldo Ribeiro (PP-PB), e do l\u00edder do Uni\u00e3o Brasil na C\u00e2mara, Elmar Nascimento (BA).<\/p>\n<p>Antes, eles estavam em reuni\u00e3o que tamb\u00e9m incluiu o presidente do Banco Central, Roberto Campos Neto, e empres\u00e1rios como Fl\u00e1vio Rocha (Riachuelo), Benjamin Steinbruch (CSN), Josu\u00e9 Gomes (Coteminas) e Isaac Sidney (Febraban).<\/p>\n<p>Haddad se disse &#8220;bem impressionado&#8221; com o consenso em torno da agenda econ\u00f4mica. Tamb\u00e9m afirmou que C\u00e2mara e Senado t\u00eam feito esfor\u00e7os em prol do Brasil.<\/p>\n<p>Campos Neto se deparou com jornalistas na sa\u00edda da reuni\u00e3o e disse que n\u00e3o poderia dar declara\u00e7\u00f5es. Limitou-se a afirmar que o di\u00e1logo \u00e9 importante.<\/p>\n<h2><b>Sintonia<\/b><\/h2>\n<p>Ap\u00f3s participar de encontro, Arthur Lira, destacou a interlocu\u00e7\u00e3o do Executivo com o Congresso, a harmonia entre C\u00e2mara e Senado &#8211; e tamb\u00e9m deu dois recados. Lira disse que a vota\u00e7\u00e3o do arcabou\u00e7o fiscal depender\u00e1 da reuni\u00e3o de l\u00edderes, que far\u00e1 nesta tarde, e que cabe ao Congresso decidir revisitar temas que foram recentemente discutidos nas Casas, em alus\u00e3o \u00e0 autonomia do Banco Central e capitaliza\u00e7\u00e3o da Eletrobras.<\/p>\n<p>Segundo Lira, a vota\u00e7\u00e3o do arcabou\u00e7o ser\u00e1 nesta ter\u00e7a (23) ou quarta-feira, 24, a depender do andamento da reuni\u00e3o de l\u00edderes que ele promover\u00e1 nesta tarde. T\u00e9cnicos do or\u00e7amento est\u00e3o participando dos encontros e trabalham em ajustes do texto.<\/p>\n<p>&#8220;A discuss\u00e3o sobre a taxa de juros esteve presente. Todos os temas tratados, o marco financeiro, o arcabou\u00e7o como foi denominado, foram tratados, e o pedido para que todos se envolvam na defesa de uma reforma tribut\u00e1ria, que \u00e9 necess\u00e1ria e est\u00e1 na prem\u00eancia de ser votada&#8221;, disse.<\/p>\n<p>Sobre o ministro da Fazenda, Fernando Haddad, Lira destacou a interlocu\u00e7\u00e3o muito firme com Congresso, como um dos principais pontos de apoio do Executivo. Lira ainda deu um recado sobre a revis\u00e3o de pautas j\u00e1 votadas pelo Congresso. &#8220;Revisitar temas que o Congresso votou tem que acontecer e, quando acontecer, no \u00e2mbito do Congresso, n\u00e3o ter\u00e1 eco nas duas Casas. O governo tem sido informado disso&#8221;, disse.<\/p>\n<p>The post <a rel=\"nofollow noopener\" href=\"https:\/\/www.infomoney.com.br\/politica\/haddad-fala-em-ter-regra-fiscal-e-reforma-tributaria-votadas-na-camara-ainda-neste-semestre\/\" target=\"_blank\">Haddad fala em ter regra fiscal e reforma tribut\u00e1ria votadas na C\u00e2mara ainda neste semestre<\/a> appeared first on <a rel=\"nofollow noopener\" href=\"https:\/\/www.infomoney.com.br\/\" target=\"_blank\">InfoMoney<\/a>.<\/p>\n","protected":false},"excerpt":{"rendered":"<p><img loading=\"lazy\" decoding=\"async\" width=\"300\" height=\"200\" src=\"https:\/\/www.infomoney.com.br\/wp-content\/uploads\/2023\/03\/52745183539_2b99a71804_c.jpg?fit=300%2C200&amp;quality=70&amp;strip=all\" class=\"attachment-medium size-medium wp-post-image\" alt=\"Ministro da Fazenda, Fernando Haddad\" data-attachment-id=\"2079488\" data-permalink=\"https:\/\/www.infomoney.com.br\/52745183539_2b99a71804_c\/\" data-orig-file=\"https:\/\/www.infomoney.com.br\/wp-content\/uploads\/2023\/03\/52745183539_2b99a71804_c.jpg?fit=799%2C533&amp;quality=70&amp;strip=all\" data-orig-size=\"799,533\" data-comments-opened=\"0\" data-image-meta='{\"aperture\":\"0\",\"credit\":\"\",\"camera\":\"\",\"caption\":\"\",\"created_timestamp\":\"0\",\"copyright\":\"\",\"focal_length\":\"0\",\"iso\":\"0\",\"shutter_speed\":\"0\",\"title\":\"\",\"orientation\":\"0\"}' data-image-title=\"Ministro da Fazenda, Fernando Haddad\" data-image-description=\"&lt;p&gt;Ministro da Fazenda, Fernando Haddad&lt;\/p&gt;\n\" data-image-caption=\"&lt;p&gt;Diogo Zacarias\/Minist\u00e9rio da Fazenda&lt;\/p&gt;\n\" data-medium-file=\"https:\/\/www.infomoney.com.br\/wp-content\/uploads\/2023\/03\/52745183539_2b99a71804_c.jpg?fit=300%2C200&amp;quality=70&amp;strip=all\" data-large-file=\"https:\/\/www.infomoney.com.br\/wp-content\/uploads\/2023\/03\/52745183539_2b99a71804_c.jpg?fit=799%2C533&amp;quality=70&amp;strip=all\">Ministro se disse &#8220;bem impressionado&#8221; com o consenso em torno da agenda econ\u00f4mica e afirmou que Congresso t\u00eam feito esfor\u00e7os em prol do Brasil<\/p>\n<p>The post <a rel=\"nofollow\" href=\"https:\/\/www.infomoney.com.br\/politica\/haddad-fala-em-ter-regra-fiscal-e-reforma-tributaria-votadas-na-camara-ainda-neste-semestre\/\">Haddad fala em ter regra fiscal e reforma tribut\u00e1ria votadas na C\u00e2mara ainda neste semestre<\/a> appeared first on <a rel=\"nofollow\" href=\"https:\/\/www.infomoney.com.br\/\">InfoMoney<\/a>.<\/p>\n","protected":false},"author":43,"featured_media":0,"comment_status":"closed","ping_status":"closed","sticky":false,"template":"","format":"standard","meta":{"advgb_blocks_editor_width":"","advgb_blocks_columns_visual_guide":"","footnotes":""},"categories":[109,34,130,47],"tags":[35],"class_list":["post-17744","post","type-post","status-publish","format-standard","hentry","category-fernando-haddad","category-g1","category-ministerio-da-fazenda","category-politica","tag-g1"],"author_meta":{"display_name":"Estad\u00e3o Conte\u00fado","author_link":"https:\/\/sindaopcpb.org.br\/author\/estadao-conteudo\/"},"featured_img":null,"coauthors":[],"tax_additional":{"categories":{"linked":["<a href=\"https:\/\/sindaopcpb.org.br\/fernando-haddad\/\" class=\"advgb-post-tax-term\">FERNANDO HADDAD<\/a>","<a href=\"https:\/\/sindaopcpb.org.br\/g1\/\" class=\"advgb-post-tax-term\">G1<\/a>","<a href=\"https:\/\/sindaopcpb.org.br\/ministerio-da-fazenda\/\" class=\"advgb-post-tax-term\">Minist\u00e9rio da Fazenda<\/a>","<a href=\"https:\/\/sindaopcpb.org.br\/politica\/\" class=\"advgb-post-tax-term\">POLITICA<\/a>"],"unlinked":["<span class=\"advgb-post-tax-term\">FERNANDO HADDAD<\/span>","<span class=\"advgb-post-tax-term\">G1<\/span>","<span class=\"advgb-post-tax-term\">Minist\u00e9rio da Fazenda<\/span>","<span class=\"advgb-post-tax-term\">POLITICA<\/span>"]},"tags":{"linked":["<a href=\"https:\/\/sindaopcpb.org.br\/politica\/\" class=\"advgb-post-tax-term\">g1<\/a>"],"unlinked":["<span class=\"advgb-post-tax-term\">g1<\/span>"]}},"comment_count":"0","relative_dates":{"created":"Publicado 3 anos atr\u00e1s","modified":"Atualizado 3 anos atr\u00e1s"},"absolute_dates":{"created":"Publicado em 23 de maio de 2023","modified":"Atualizado em 23 de maio de 2023"},"absolute_dates_time":{"created":"Publicado em 23 de maio de 2023 15:00","modified":"Atualizado em 23 de maio de 2023 15:00"},"featured_img_caption":"","series_order":"","_links":{"self":[{"href":"https:\/\/sindaopcpb.org.br\/index.php\/wp-json\/wp\/v2\/posts\/17744","targetHints":{"allow":["GET"]}}],"collection":[{"href":"https:\/\/sindaopcpb.org.br\/index.php\/wp-json\/wp\/v2\/posts"}],"about":[{"href":"https:\/\/sindaopcpb.org.br\/index.php\/wp-json\/wp\/v2\/types\/post"}],"author":[{"embeddable":true,"href":"https:\/\/sindaopcpb.org.br\/index.php\/wp-json\/wp\/v2\/users\/43"}],"replies":[{"embeddable":true,"href":"https:\/\/sindaopcpb.org.br\/index.php\/wp-json\/wp\/v2\/comments?post=17744"}],"version-history":[{"count":1,"href":"https:\/\/sindaopcpb.org.br\/index.php\/wp-json\/wp\/v2\/posts\/17744\/revisions"}],"predecessor-version":[{"id":17745,"href":"https:\/\/sindaopcpb.org.br\/index.php\/wp-json\/wp\/v2\/posts\/17744\/revisions\/17745"}],"wp:attachment":[{"href":"https:\/\/sindaopcpb.org.br\/index.php\/wp-json\/wp\/v2\/media?parent=17744"}],"wp:term":[{"taxonomy":"category","embeddable":true,"href":"https:\/\/sindaopcpb.org.br\/index.php\/wp-json\/wp\/v2\/categories?post=17744"},{"taxonomy":"post_tag","embeddable":true,"href":"https:\/\/sindaopcpb.org.br\/index.php\/wp-json\/wp\/v2\/tags?post=17744"}],"curies":[{"name":"wp","href":"https:\/\/api.w.org\/{rel}","templated":true}]}}