{"id":17703,"date":"2023-05-23T11:59:08","date_gmt":"2023-05-23T14:59:08","guid":{"rendered":"https:\/\/g1.globo.com\/pb\/paraiba\/noticia\/2023\/05\/23\/sindromes-respiratorias-sobe-numero-de-mortes-confirmadas-na-pb-em-2023.ghtml"},"modified":"2023-05-23T11:59:08","modified_gmt":"2023-05-23T14:59:08","slug":"sindromes-respiratorias-sobe-numero-de-mortes-confirmadas-na-pb-em-2023","status":"publish","type":"post","link":"https:\/\/sindaopcpb.org.br\/index.php\/2023\/05\/23\/sindromes-respiratorias-sobe-numero-de-mortes-confirmadas-na-pb-em-2023\/","title":{"rendered":"S\u00edndromes respirat\u00f3rias: sobe n\u00famero de mortes confirmadas na PB em 2023"},"content":{"rendered":"   <img src=\"https:\/\/s2.glbimg.com\/A5imRI2BHKi-lPmbQ841CK1Y4vc=\/i.s3.glbimg.com\/v1\/AUTH_59edd422c0c84a879bd37670ae4f538a\/internal_photos\/bs\/2023\/Y\/H\/7jnlyBR9CyP3qQ9oXbxw\/e6897096-8068-4037-b5c9-7c9514d7fc37.jpg\" \/><br \/>     Para\u00edba continua investigando sete \u00f3bitos, sendo de tr\u00eas crian\u00e7as menores de quatro anos e outros tr\u00eas casos de adultos acima de 50 anos. SES registra um aumento de 30% de casos de s\u00edndromes respirat\u00f3rias na PB.\nReprodu\u00e7\u00e3o \/ Ag\u00eancia Bel\u00e9m\nA Para\u00edba registrou um aumento no n\u00famero de mortes por s\u00edndromes respirat\u00f3rias em 2023. Em boletim divulgado na segunda-feira (22), a Secretaria de Estado da Sa\u00fade (SES) aponta que 27 pessoas morreram no estado. Na semana passada tinham sido contabilizados 25  \u00f3bitos. O estado registrou 385 casos at\u00e9 o momento, um aumento de 30% em compara\u00e7\u00e3o com o \u00faltimo levantamento.\nDe acordo com\u00a0 a SES, 269 dos casos foram registrados em crian\u00e7as com at\u00e9 nove anos. Dessas, 14 acabaram morrendo. Outras 13 pessoas de faixas et\u00e1rias superiores tamb\u00e9m morreram.\nOs v\u00edrus Sincicial (VRS), Influenza B e Rinov\u00edrus foram os mais identificados dentro dos n\u00fameros divulgados\u00a0 pelo boletim epidemiol\u00f3gico. Sete \u00f3bitos ainda est\u00e3o sendo investigados na Para\u00edba,\u00a0 tr\u00eas crian\u00e7as menores de 4 anos e os outros 3 casos de adultos acima de 50 anos.\n\u201cDestacamos a import\u00e2ncia da popula\u00e7\u00e3o realizar a etiqueta respirat\u00f3ria e manter o cart\u00e3o vacinal atualizado com a vacina contra Influenza, que previne contra tipo A e B, e da vacina contra Covid-19. A imuniza\u00e7\u00e3o \u00e9 o meio mais seguro de proteger da forma grave da doen\u00e7a\u201d, afirma secret\u00e1rio de Sa\u00fade, Jhony Bezerra.\u00a0\nA vacina\u00e7\u00e3o contra a Influenza atingiu 58,64% de cobertura nos grupos priorit\u00e1rios na Para\u00edba. O grupo infantil, que s\u00e3o crian\u00e7as de seis meses a menores de seis anos, registrou a aplica\u00e7\u00e3o de 161.946 doses, com uma cobertura de 50,81%. J\u00e1 os idosos, que t\u00eam mais de 60 anos, t\u00eam uma cobertura vacinal de 61,83%.\nA campanha de imuniza\u00e7\u00e3o segue at\u00e9 o dia 31 de maio.\nV\u00eddeos mais assistidos do g1 Para\u00edba  ","protected":false},"excerpt":{"rendered":"<p>        Para\u00edba continua investigando sete \u00f3bitos, sendo de tr\u00eas crian\u00e7as menores de quatro anos e outros tr\u00eas casos de adultos acima de 50 anos. SES registra um aumento de 30% de casos de s\u00edndromes respirat\u00f3rias na PB.<br \/>\nReprodu\u00e7\u00e3o \/ Ag\u00eancia Bel\u00e9m<br \/>\nA Par&#8230;<\/p>\n","protected":false},"author":2,"featured_media":0,"comment_status":"closed","ping_status":"closed","sticky":false,"template":"","format":"standard","meta":{"advgb_blocks_editor_width":"","advgb_blocks_columns_visual_guide":"","footnotes":""},"categories":[34],"tags":[35],"class_list":["post-17703","post","type-post","status-publish","format-standard","hentry","category-g1","tag-g1"],"author_meta":{"display_name":"g1 &gt; Para\u00edba","author_link":"https:\/\/sindaopcpb.org.br\/author\/g1-paraiba\/"},"featured_img":null,"coauthors":[],"tax_additional":{"categories":{"linked":["<a href=\"https:\/\/sindaopcpb.org.br\/g1\/\" class=\"advgb-post-tax-term\">G1<\/a>"],"unlinked":["<span class=\"advgb-post-tax-term\">G1<\/span>"]},"tags":{"linked":["<a href=\"https:\/\/sindaopcpb.org.br\/g1\/\" class=\"advgb-post-tax-term\">g1<\/a>"],"unlinked":["<span class=\"advgb-post-tax-term\">g1<\/span>"]}},"comment_count":"0","relative_dates":{"created":"Publicado 3 anos atr\u00e1s","modified":"Atualizado 3 anos atr\u00e1s"},"absolute_dates":{"created":"Publicado em 23 de maio de 2023","modified":"Atualizado em 23 de maio de 2023"},"absolute_dates_time":{"created":"Publicado em 23 de maio de 2023 11:59","modified":"Atualizado em 23 de maio de 2023 11:59"},"featured_img_caption":"","series_order":"","_links":{"self":[{"href":"https:\/\/sindaopcpb.org.br\/index.php\/wp-json\/wp\/v2\/posts\/17703","targetHints":{"allow":["GET"]}}],"collection":[{"href":"https:\/\/sindaopcpb.org.br\/index.php\/wp-json\/wp\/v2\/posts"}],"about":[{"href":"https:\/\/sindaopcpb.org.br\/index.php\/wp-json\/wp\/v2\/types\/post"}],"author":[{"embeddable":true,"href":"https:\/\/sindaopcpb.org.br\/index.php\/wp-json\/wp\/v2\/users\/2"}],"replies":[{"embeddable":true,"href":"https:\/\/sindaopcpb.org.br\/index.php\/wp-json\/wp\/v2\/comments?post=17703"}],"version-history":[{"count":1,"href":"https:\/\/sindaopcpb.org.br\/index.php\/wp-json\/wp\/v2\/posts\/17703\/revisions"}],"predecessor-version":[{"id":17704,"href":"https:\/\/sindaopcpb.org.br\/index.php\/wp-json\/wp\/v2\/posts\/17703\/revisions\/17704"}],"wp:attachment":[{"href":"https:\/\/sindaopcpb.org.br\/index.php\/wp-json\/wp\/v2\/media?parent=17703"}],"wp:term":[{"taxonomy":"category","embeddable":true,"href":"https:\/\/sindaopcpb.org.br\/index.php\/wp-json\/wp\/v2\/categories?post=17703"},{"taxonomy":"post_tag","embeddable":true,"href":"https:\/\/sindaopcpb.org.br\/index.php\/wp-json\/wp\/v2\/tags?post=17703"}],"curies":[{"name":"wp","href":"https:\/\/api.w.org\/{rel}","templated":true}]}}