{"id":17701,"date":"2023-05-23T10:00:26","date_gmt":"2023-05-23T13:00:26","guid":{"rendered":"https:\/\/www.infomoney.com.br\/?p=2141254"},"modified":"2023-05-23T10:00:26","modified_gmt":"2023-05-23T13:00:26","slug":"trf4-afasta-juiz-da-lava-jato-em-curitiba","status":"publish","type":"post","link":"https:\/\/sindaopcpb.org.br\/index.php\/2023\/05\/23\/trf4-afasta-juiz-da-lava-jato-em-curitiba\/","title":{"rendered":"TRF4 afasta juiz da Lava Jato em Curitiba"},"content":{"rendered":"<p><img loading=\"lazy\" width=\"300\" height=\"209\" src=\"https:\/\/www.infomoney.com.br\/wp-content\/uploads\/2019\/06\/martelo-justica.jpg?fit=300%2C209&amp;quality=70&amp;strip=all\" class=\"attachment-medium size-medium wp-post-image\" alt=\"\" decoding=\"async\" style=\"float:right; margin:0 0 10px 10px;\" srcset=\"https:\/\/www.infomoney.com.br\/wp-content\/uploads\/2019\/06\/martelo-justica.jpg?w=900&amp;quality=70&amp;strip=all 900w, https:\/\/www.infomoney.com.br\/wp-content\/uploads\/2019\/06\/martelo-justica.jpg?w=300&amp;quality=70&amp;strip=all 300w, https:\/\/www.infomoney.com.br\/wp-content\/uploads\/2019\/06\/martelo-justica.jpg?w=768&amp;quality=70&amp;strip=all 768w, https:\/\/www.infomoney.com.br\/wp-content\/uploads\/2019\/06\/martelo-justica.jpg?w=150&amp;quality=70&amp;strip=all 150w\" sizes=\"auto, (max-width: 300px) 100vw, 300px\" data-attachment-id=\"1403\" data-permalink=\"https:\/\/www.infomoney.com.br\/martelo-justica\/\" data-orig-file=\"https:\/\/www.infomoney.com.br\/wp-content\/uploads\/2019\/06\/martelo-justica.jpg?fit=900%2C626&amp;quality=70&amp;strip=all\" data-orig-size=\"900,626\" data-comments-opened=\"1\" data-image-meta=\"{&quot;aperture&quot;:&quot;0&quot;,&quot;credit&quot;:&quot;&quot;,&quot;camera&quot;:&quot;&quot;,&quot;caption&quot;:&quot;&quot;,&quot;created_timestamp&quot;:&quot;0&quot;,&quot;copyright&quot;:&quot;&quot;,&quot;focal_length&quot;:&quot;0&quot;,&quot;iso&quot;:&quot;0&quot;,&quot;shutter_speed&quot;:&quot;0&quot;,&quot;title&quot;:&quot;&quot;,&quot;orientation&quot;:&quot;0&quot;}\" data-image-title=\"martelo-justica\" data-image-description=\"\" data-image-caption=\"\" data-medium-file=\"https:\/\/www.infomoney.com.br\/wp-content\/uploads\/2019\/06\/martelo-justica.jpg?fit=300%2C209&amp;quality=70&amp;strip=all\" data-large-file=\"https:\/\/www.infomoney.com.br\/wp-content\/uploads\/2019\/06\/martelo-justica.jpg?fit=900%2C626&amp;quality=70&amp;strip=all\" title=\"\"><\/p>\n<p>O Conselho do Tribunal Regional Federal da 4\u00aa Regi\u00e3o (TRF4) decidiu nesta segunda-feira (22) afastar o\u00a0juiz Eduardo Appio, respons\u00e1vel pelos processos da Opera\u00e7\u00e3o Lava Jato na 13\u00aa Vara Federal em Curitiba.<\/p>\n<p>Com a decis\u00e3o, Appio\u00a0ter\u00e1 prazo de 15 dias para apresentar defesa no processo de investiga\u00e7\u00e3o que apura sua conduta. A \u00edntegra da determina\u00e7\u00e3o ainda n\u00e3o foi divulgada.<\/p>\n<p>A decis\u00e3o foi tomada na tarde de hoje ap\u00f3s uma representa\u00e7\u00e3o feita pelo desembargador Marcelo Malucelli,\u00a0que, no m\u00eas passado, pediu para deixar a relatoria de processos oriundos da opera\u00e7\u00e3o ap\u00f3s a divulga\u00e7\u00e3o de ter rela\u00e7\u00f5es pessoais com a fam\u00edlia do senador Sergio Moro (Uni\u00e3o-PR), fato que o impediria de analisar os casos.<\/p>\n<p>O afastamento de Appio foi baseado na acusa\u00e7\u00e3o de que o magistrado teria entrado em contato com o filho do desembargador para confirmar o parentesco entre os dois. O advogado Jo\u00e3o Malucelli \u00e9 s\u00f3cio de Moro em um escrit\u00f3rio de advocacia.<\/p>\n<p>A <strong>Ag\u00eancia Brasil<\/strong> tenta contato com a assessoria do juiz.<\/p>\n<p>The post <a rel=\"nofollow noopener\" href=\"https:\/\/www.infomoney.com.br\/politica\/trf4-afasta-juiz-da-lava-jato-em-curitiba\/\" target=\"_blank\">TRF4 afasta juiz da Lava Jato em Curitiba<\/a> appeared first on <a rel=\"nofollow noopener\" href=\"https:\/\/www.infomoney.com.br\/\" target=\"_blank\">InfoMoney<\/a>.<\/p>\n","protected":false},"excerpt":{"rendered":"<p><img loading=\"lazy\" decoding=\"async\" width=\"300\" height=\"209\" src=\"https:\/\/www.infomoney.com.br\/wp-content\/uploads\/2019\/06\/martelo-justica.jpg?fit=300%2C209&amp;quality=70&amp;strip=all\" class=\"attachment-medium size-medium wp-post-image\" alt=\"\" data-attachment-id=\"1403\" data-permalink=\"https:\/\/www.infomoney.com.br\/martelo-justica\/\" data-orig-file=\"https:\/\/www.infomoney.com.br\/wp-content\/uploads\/2019\/06\/martelo-justica.jpg?fit=900%2C626&amp;quality=70&amp;strip=all\" data-orig-size=\"900,626\" data-comments-opened=\"1\" data-image-meta='{\"aperture\":\"0\",\"credit\":\"\",\"camera\":\"\",\"caption\":\"\",\"created_timestamp\":\"0\",\"copyright\":\"\",\"focal_length\":\"0\",\"iso\":\"0\",\"shutter_speed\":\"0\",\"title\":\"\",\"orientation\":\"0\"}' data-image-title=\"martelo-justica\" data-image-description=\"\" data-image-caption=\"\" data-medium-file=\"https:\/\/www.infomoney.com.br\/wp-content\/uploads\/2019\/06\/martelo-justica.jpg?fit=300%2C209&amp;quality=70&amp;strip=all\" data-large-file=\"https:\/\/www.infomoney.com.br\/wp-content\/uploads\/2019\/06\/martelo-justica.jpg?fit=900%2C626&amp;quality=70&amp;strip=all\">Eduardo Appio ter\u00e1 prazo de 15 dias para apresentar defesa<\/p>\n<p>The post <a rel=\"nofollow\" href=\"https:\/\/www.infomoney.com.br\/politica\/trf4-afasta-juiz-da-lava-jato-em-curitiba\/\">TRF4 afasta juiz da Lava Jato em Curitiba<\/a> appeared first on <a rel=\"nofollow\" href=\"https:\/\/www.infomoney.com.br\/\">InfoMoney<\/a>.<\/p>\n","protected":false},"author":44,"featured_media":0,"comment_status":"closed","ping_status":"closed","sticky":false,"template":"","format":"standard","meta":{"advgb_blocks_editor_width":"","advgb_blocks_columns_visual_guide":"","footnotes":""},"categories":[34,278,47],"tags":[35],"class_list":["post-17701","post","type-post","status-publish","format-standard","hentry","category-g1","category-justica","category-politica","tag-g1"],"author_meta":{"display_name":"Ag\u00eancia Brasil","author_link":"https:\/\/sindaopcpb.org.br\/author\/agencia-brasil\/"},"featured_img":null,"coauthors":[],"tax_additional":{"categories":{"linked":["<a href=\"https:\/\/sindaopcpb.org.br\/g1\/\" class=\"advgb-post-tax-term\">G1<\/a>","<a href=\"https:\/\/sindaopcpb.org.br\/justica\/\" class=\"advgb-post-tax-term\">Justi\u00e7a<\/a>","<a href=\"https:\/\/sindaopcpb.org.br\/politica\/\" class=\"advgb-post-tax-term\">POLITICA<\/a>"],"unlinked":["<span class=\"advgb-post-tax-term\">G1<\/span>","<span class=\"advgb-post-tax-term\">Justi\u00e7a<\/span>","<span class=\"advgb-post-tax-term\">POLITICA<\/span>"]},"tags":{"linked":["<a href=\"https:\/\/sindaopcpb.org.br\/politica\/\" class=\"advgb-post-tax-term\">g1<\/a>"],"unlinked":["<span class=\"advgb-post-tax-term\">g1<\/span>"]}},"comment_count":"0","relative_dates":{"created":"Publicado 3 anos atr\u00e1s","modified":"Atualizado 3 anos atr\u00e1s"},"absolute_dates":{"created":"Publicado em 23 de maio de 2023","modified":"Atualizado em 23 de maio de 2023"},"absolute_dates_time":{"created":"Publicado em 23 de maio de 2023 10:00","modified":"Atualizado em 23 de maio de 2023 10:00"},"featured_img_caption":"","series_order":"","_links":{"self":[{"href":"https:\/\/sindaopcpb.org.br\/index.php\/wp-json\/wp\/v2\/posts\/17701","targetHints":{"allow":["GET"]}}],"collection":[{"href":"https:\/\/sindaopcpb.org.br\/index.php\/wp-json\/wp\/v2\/posts"}],"about":[{"href":"https:\/\/sindaopcpb.org.br\/index.php\/wp-json\/wp\/v2\/types\/post"}],"author":[{"embeddable":true,"href":"https:\/\/sindaopcpb.org.br\/index.php\/wp-json\/wp\/v2\/users\/44"}],"replies":[{"embeddable":true,"href":"https:\/\/sindaopcpb.org.br\/index.php\/wp-json\/wp\/v2\/comments?post=17701"}],"version-history":[{"count":1,"href":"https:\/\/sindaopcpb.org.br\/index.php\/wp-json\/wp\/v2\/posts\/17701\/revisions"}],"predecessor-version":[{"id":17702,"href":"https:\/\/sindaopcpb.org.br\/index.php\/wp-json\/wp\/v2\/posts\/17701\/revisions\/17702"}],"wp:attachment":[{"href":"https:\/\/sindaopcpb.org.br\/index.php\/wp-json\/wp\/v2\/media?parent=17701"}],"wp:term":[{"taxonomy":"category","embeddable":true,"href":"https:\/\/sindaopcpb.org.br\/index.php\/wp-json\/wp\/v2\/categories?post=17701"},{"taxonomy":"post_tag","embeddable":true,"href":"https:\/\/sindaopcpb.org.br\/index.php\/wp-json\/wp\/v2\/tags?post=17701"}],"curies":[{"name":"wp","href":"https:\/\/api.w.org\/{rel}","templated":true}]}}