{"id":17699,"date":"2023-05-23T11:13:02","date_gmt":"2023-05-23T14:13:02","guid":{"rendered":"https:\/\/www.infomoney.com.br\/?p=2138188"},"modified":"2023-05-23T11:13:02","modified_gmt":"2023-05-23T14:13:02","slug":"em-busca-de-protagonismo-centrao-se-articula-para-tentar-turbinar-ministerio-da-agricultura","status":"publish","type":"post","link":"https:\/\/sindaopcpb.org.br\/index.php\/2023\/05\/23\/em-busca-de-protagonismo-centrao-se-articula-para-tentar-turbinar-ministerio-da-agricultura\/","title":{"rendered":"Em busca de protagonismo, Centr\u00e3o se articula para tentar \u2018turbinar\u2019 Minist\u00e9rio da Agricultura"},"content":{"rendered":"<p><img loading=\"lazy\" width=\"300\" height=\"200\" src=\"https:\/\/www.infomoney.com.br\/wp-content\/uploads\/2021\/08\/23059589949_85b29f21ed_b.jpg?fit=300%2C200&amp;quality=70&amp;strip=all\" class=\"attachment-medium size-medium wp-post-image\" alt=\"Bras\u00edlia\" decoding=\"async\" style=\"float:right; margin:0 0 10px 10px;\" srcset=\"https:\/\/www.infomoney.com.br\/wp-content\/uploads\/2021\/08\/23059589949_85b29f21ed_b.jpg?w=1023&amp;quality=70&amp;strip=all 1023w, https:\/\/www.infomoney.com.br\/wp-content\/uploads\/2021\/08\/23059589949_85b29f21ed_b.jpg?w=300&amp;quality=70&amp;strip=all 300w, https:\/\/www.infomoney.com.br\/wp-content\/uploads\/2021\/08\/23059589949_85b29f21ed_b.jpg?w=768&amp;quality=70&amp;strip=all 768w, https:\/\/www.infomoney.com.br\/wp-content\/uploads\/2021\/08\/23059589949_85b29f21ed_b.jpg?w=150&amp;quality=70&amp;strip=all 150w\" sizes=\"auto, (max-width: 300px) 100vw, 300px\" data-attachment-id=\"1689642\" data-permalink=\"https:\/\/www.infomoney.com.br\/colunistas\/convidados\/o-pais-da-hesitocracia\/attachment\/23059589949_85b29f21ed_b\/\" data-orig-file=\"https:\/\/www.infomoney.com.br\/wp-content\/uploads\/2021\/08\/23059589949_85b29f21ed_b.jpg?fit=1023%2C681&amp;quality=70&amp;strip=all\" data-orig-size=\"1023,681\" data-comments-opened=\"1\" data-image-meta=\"{&quot;aperture&quot;:&quot;0&quot;,&quot;credit&quot;:&quot;Ana Volpe\\\/Ag\\u00eancia Senado&quot;,&quot;camera&quot;:&quot;&quot;,&quot;caption&quot;:&quot;&quot;,&quot;created_timestamp&quot;:&quot;0&quot;,&quot;copyright&quot;:&quot;Senado Federal do Brasil&quot;,&quot;focal_length&quot;:&quot;0&quot;,&quot;iso&quot;:&quot;0&quot;,&quot;shutter_speed&quot;:&quot;0&quot;,&quot;title&quot;:&quot;&quot;,&quot;orientation&quot;:&quot;0&quot;}\" data-image-title=\"Bras\u00edlia\" data-image-description=\"\" data-image-caption=\"&lt;p&gt;IPC-S em Bras\u00edlia ficou negativo em 0,11% em fevereiro  (Ana Volpe\/Ag\u00eancia Senado)&lt;\/p&gt;\n\" data-medium-file=\"https:\/\/www.infomoney.com.br\/wp-content\/uploads\/2021\/08\/23059589949_85b29f21ed_b.jpg?fit=300%2C200&amp;quality=70&amp;strip=all\" data-large-file=\"https:\/\/www.infomoney.com.br\/wp-content\/uploads\/2021\/08\/23059589949_85b29f21ed_b.jpg?fit=1023%2C681&amp;quality=70&amp;strip=all\" title=\"\"><\/p>\n<p>Parlamentares do Centr\u00e3o t\u00eam tentado impor nova derrota ao governo Lula ao se posicionarem a favor de modifica\u00e7\u00f5es na estrutura governamental\u00a0 prevista na Medida Provis\u00f3ria 1.154\/2023, umas das primeiras a serem editadas pelo petista neste retorno ao Pal\u00e1cio do Planalto.<\/p>\n<p>Foram protocoladas 154 emendas para o texto e entre as reivindica\u00e7\u00f5es recorrentes est\u00e3o a desvincula\u00e7\u00e3o da Companhia Nacional de Abastecimento (Conab) do Minist\u00e9rio de Desenvolvimento Agr\u00e1rio, com a responsabilidade sobre a autarquia sendo transferida ao Minist\u00e9rio da Agricultura e Pecu\u00e1ria. Al\u00e9m disso, os parlamentares tamb\u00e9m pedem que a pasta incorpore as atribui\u00e7\u00f5es do Minist\u00e9rio da Pesca e Aquicultura.<\/p>\n<p>A comiss\u00e3o mista que analisa o desenho atual da Esplanada, tem na presid\u00eancia o senador Davi Alcolumbre (Uni\u00e3o-AP) e como relator o l\u00edder do MDB na C\u00e2mara dos Deputados, Isnaldo Bulh\u00f5es (AL). A tend\u00eancia \u00e9 que o texto seja votado nesta ter\u00e7a-feira (23), j\u00e1 que a Medida Provis\u00f3ria tem validade at\u00e9 o dia 1\u00ba de junho. Caso o prazo seja perdido, voltar\u00e1 a valer a estrutura governamental que vigorava at\u00e9 dezembro de 2022.<\/p>\n<p>Nos bastidores, o movimento encabe\u00e7ado por siglas como PP, Republicanos, PL e MDB \u00e9 visto como forma de demonstrar insatisfa\u00e7\u00e3o e minar o poder projetado pelo Partido dos Trabalhadores na Esplanada dos Minist\u00e9rios atualmente.<\/p>\n<p>Atualmente, o chefe do minist\u00e9rio da Agricultura \u00e9 Carlos F\u00e1varo (PSD), enquanto a pasta do Desenvolvimento Agr\u00e1rio \u00e9 dirigida pelo petista Paulo Teixeira. J\u00e1 a Conab, cuja atual posi\u00e7\u00e3o no organograma governamental \u00e9 questionada pelo Centr\u00e3o, tem no comando o tamb\u00e9m petista Edegar Pretto, indicado ao cargo recentemente. Quadro conhecido regionalmente, Pretto disputou as \u00faltimas elei\u00e7\u00f5es como candidato do partido ao governo do Rio Grande do Sul.<\/p>\n<p>Outra interpreta\u00e7\u00e3o v\u00ea a sugest\u00e3o de tais emendas como tentativa do agroneg\u00f3cio estabelecer influ\u00eancia dentro do governo. O setor ainda guarda la\u00e7os com o bolsonarismo e tem se articulado como oposi\u00e7\u00e3o a Lula,\u00a0 participando, inclusive, da articula\u00e7\u00e3o recente para a abertura da CPI do MST.<\/p>\n<p>Para o l\u00edder da bancada ruralista, deputado Pedro Lupion (PP-PR), o texto editado pelo governo tira do Minist\u00e9rio da Agricultura a compet\u00eancia sobre as pol\u00edticas p\u00fablicas referentes ao abastecimento e seus desdobramentos, como a armazenagem, a garantia de pre\u00e7os m\u00ednimos e estoques, al\u00e9m de retirar prerrogativas sobre a agricultura familiar.<\/p>\n<p>&#8220;\u00c9 preciso criar pontes, conviver e buscar solu\u00e7\u00f5es para as quest\u00f5es da agropecu\u00e1ria. N\u00e3o ficamos satisfeitos com esse enfraquecimento clar\u00edssimo do Minist\u00e9rio da Agricultura. Foram estruturas importantes que sa\u00edram de l\u00e1: a Conab (Companhia Nacional de Abastecimento), a agricultura familiar, o CAR (Cadastro Ambiental Rural), as florestas plantadas, o pr\u00f3prio Incra (Instituto Nacional de Coloniza\u00e7\u00e3o e Reforma Agr\u00e1ria)&#8221;, disse ao InfoMoney em entrevista concedida no fim do mar\u00e7o.<\/p>\n<p>&#8220;Hoje arrisco dizer que o Minist\u00e9rio de Desenvolvimento Agr\u00e1rio tem mais for\u00e7a de benef\u00edcios-fim para a agropecu\u00e1ria brasileira do que o pr\u00f3prio Minist\u00e9rio da Agricultura. N\u00e3o pode ficar assim&#8221;, completou.<\/p>\n<p>&#8220;O Plano Safra beneficiou milhares de Agricultores Familiares por meio do Pronaf, superando os R$ 53 bi em 2022. De igual maneira, programas important\u00edssimos para o desenvolvimento sustent\u00e1vel do pa\u00eds avan\u00e7aram de forma<br \/>significativa sob o comando do Minist\u00e9rio da Agricultura, Pecu\u00e1ria e Abastecimento, como o Programa Agricultura de Baixo Carbono (ABC)&#8221;, defendeu na justificativa de uma das emendas propostas.<\/p>\n<p>Aliado do ex-presidente Jair Bolsonaro (PL), o deputado Evair de Melo (PP-ES) protocolou sugest\u00e3o semelhante, defendendo que o Minist\u00e9rio da Agricultura centralize as a\u00e7\u00f5es que dizem respeito ao setor.<\/p>\n<p>&#8220;O abastecimento, armazenamento e garantia de pre\u00e7os m\u00ednimos s\u00e3o car\u00eancias comuns entre as diferentes cadeias produtivas, independente das m\u00e9tricas espaciais ou econ\u00f4micas que permeiam a atividade em quest\u00e3o. Logo, n\u00e3o s\u00e3o especificidades de culturas, esp\u00e9cies ou atividades agropecu\u00e1rias em que h\u00e1 predom\u00ednio de agricultura familiar, pequenos agricultores, produ\u00e7\u00e3o artesanal, pesca, aquicultura dentre outros conceitos similares, conforme \u00e9 proposto na estrutura\u00e7\u00e3o prevista na MPV 1.154\/2023, na qual as compet\u00eancias s\u00e3o direcionadas ao Minist\u00e9rio do Desenvolvimento Agr\u00e1rio e Agricultura Familiar e ao Minist\u00e9rio da Pesca e Aquicultura&#8221;, argumentou.<\/p>\n<p>Juntos, MDB, PP, PL e Republicanos s\u00e3o respons\u00e1veis por mais de 60 altera\u00e7\u00f5es sugeridas ao relator. Na tentativa de conter esse \u00edmpeto, representantes do Partido dos Trabalhadores protocolaram 51 emendas ao texto. A maioria dessas sugest\u00f5es refor\u00e7a a import\u00e2ncia da atua\u00e7\u00e3o do Minist\u00e9rio do Desenvolvimento Agr\u00e1rio nos moldes previstos pela proposta editada pelo governo.<\/p>\n<p>Entre os parlamentares que mais sugeriram mudan\u00e7as, a deputada federal Marussa Boldrin (MDB-GO), que tem sua atua\u00e7\u00e3o focada no agroneg\u00f3cio e o deputado Pedro Uczai (PT-SC) s\u00e3o os &#8220;campe\u00f5es&#8221;, com 13 propostas de emenda cada um.<\/p>\n<p>The post <a rel=\"nofollow noopener\" href=\"https:\/\/www.infomoney.com.br\/politica\/em-busca-de-protagonismo-centrao-se-articula-para-tentar-turbinar-ministerio-da-agricultura\/\" target=\"_blank\">Em busca de protagonismo, Centr\u00e3o se articula para tentar &#8216;turbinar&#8217; Minist\u00e9rio da Agricultura<\/a> appeared first on <a rel=\"nofollow noopener\" href=\"https:\/\/www.infomoney.com.br\/\" target=\"_blank\">InfoMoney<\/a>.<\/p>\n","protected":false},"excerpt":{"rendered":"<p><img loading=\"lazy\" decoding=\"async\" width=\"300\" height=\"200\" src=\"https:\/\/www.infomoney.com.br\/wp-content\/uploads\/2021\/08\/23059589949_85b29f21ed_b.jpg?fit=300%2C200&amp;quality=70&amp;strip=all\" class=\"attachment-medium size-medium wp-post-image\" alt=\"Bras\u00edlia\" data-attachment-id=\"1689642\" data-permalink=\"https:\/\/www.infomoney.com.br\/colunistas\/convidados\/o-pais-da-hesitocracia\/attachment\/23059589949_85b29f21ed_b\/\" data-orig-file=\"https:\/\/www.infomoney.com.br\/wp-content\/uploads\/2021\/08\/23059589949_85b29f21ed_b.jpg?fit=1023%2C681&amp;quality=70&amp;strip=all\" data-orig-size=\"1023,681\" data-comments-opened=\"1\" data-image-meta='{\"aperture\":\"0\",\"credit\":\"Ana Volpe\\\/Ag\\u00eancia Senado\",\"camera\":\"\",\"caption\":\"\",\"created_timestamp\":\"0\",\"copyright\":\"Senado Federal do Brasil\",\"focal_length\":\"0\",\"iso\":\"0\",\"shutter_speed\":\"0\",\"title\":\"\",\"orientation\":\"0\"}' data-image-title=\"Bras\u00edlia\" data-image-description=\"\" data-image-caption=\"&lt;p&gt;IPC-S em Bras\u00edlia ficou negativo em 0,11% em fevereiro  (Ana Volpe\/Ag\u00eancia Senado)&lt;\/p&gt;\n\" data-medium-file=\"https:\/\/www.infomoney.com.br\/wp-content\/uploads\/2021\/08\/23059589949_85b29f21ed_b.jpg?fit=300%2C200&amp;quality=70&amp;strip=all\" data-large-file=\"https:\/\/www.infomoney.com.br\/wp-content\/uploads\/2021\/08\/23059589949_85b29f21ed_b.jpg?fit=1023%2C681&amp;quality=70&amp;strip=all\">Comiss\u00e3o mista deve votar texto da Medida Provis\u00f3ria sobre estrutura governamental nesta ter\u00e7a<\/p>\n<p>The post <a rel=\"nofollow\" href=\"https:\/\/www.infomoney.com.br\/politica\/em-busca-de-protagonismo-centrao-se-articula-para-tentar-turbinar-ministerio-da-agricultura\/\">Em busca de protagonismo, Centr\u00e3o se articula para tentar \u2018turbinar\u2019 Minist\u00e9rio da Agricultura<\/a> appeared first on <a rel=\"nofollow\" href=\"https:\/\/www.infomoney.com.br\/\">InfoMoney<\/a>.<\/p>\n","protected":false},"author":47,"featured_media":0,"comment_status":"closed","ping_status":"closed","sticky":false,"template":"","format":"standard","meta":{"advgb_blocks_editor_width":"","advgb_blocks_columns_visual_guide":"","footnotes":""},"categories":[3420,34,432,47],"tags":[35],"class_list":["post-17699","post","type-post","status-publish","format-standard","hentry","category-esplanada-dos-ministerios","category-g1","category-medida-provisoria","category-politica","tag-g1"],"author_meta":{"display_name":"luispereira","author_link":"https:\/\/sindaopcpb.org.br\/author\/luispereira\/"},"featured_img":null,"coauthors":[],"tax_additional":{"categories":{"linked":["<a href=\"https:\/\/sindaopcpb.org.br\/esplanada-dos-ministerios\/\" class=\"advgb-post-tax-term\">Esplanada dos Minist\u00e9rios<\/a>","<a href=\"https:\/\/sindaopcpb.org.br\/g1\/\" class=\"advgb-post-tax-term\">G1<\/a>","<a href=\"https:\/\/sindaopcpb.org.br\/medida-provisoria\/\" class=\"advgb-post-tax-term\">Medida Provis\u00f3ria<\/a>","<a href=\"https:\/\/sindaopcpb.org.br\/politica\/\" class=\"advgb-post-tax-term\">POLITICA<\/a>"],"unlinked":["<span class=\"advgb-post-tax-term\">Esplanada dos Minist\u00e9rios<\/span>","<span class=\"advgb-post-tax-term\">G1<\/span>","<span class=\"advgb-post-tax-term\">Medida Provis\u00f3ria<\/span>","<span class=\"advgb-post-tax-term\">POLITICA<\/span>"]},"tags":{"linked":["<a href=\"https:\/\/sindaopcpb.org.br\/politica\/\" class=\"advgb-post-tax-term\">g1<\/a>"],"unlinked":["<span class=\"advgb-post-tax-term\">g1<\/span>"]}},"comment_count":"0","relative_dates":{"created":"Publicado 3 anos atr\u00e1s","modified":"Atualizado 3 anos atr\u00e1s"},"absolute_dates":{"created":"Publicado em 23 de maio de 2023","modified":"Atualizado em 23 de maio de 2023"},"absolute_dates_time":{"created":"Publicado em 23 de maio de 2023 11:13","modified":"Atualizado em 23 de maio de 2023 11:13"},"featured_img_caption":"","series_order":"","_links":{"self":[{"href":"https:\/\/sindaopcpb.org.br\/index.php\/wp-json\/wp\/v2\/posts\/17699","targetHints":{"allow":["GET"]}}],"collection":[{"href":"https:\/\/sindaopcpb.org.br\/index.php\/wp-json\/wp\/v2\/posts"}],"about":[{"href":"https:\/\/sindaopcpb.org.br\/index.php\/wp-json\/wp\/v2\/types\/post"}],"author":[{"embeddable":true,"href":"https:\/\/sindaopcpb.org.br\/index.php\/wp-json\/wp\/v2\/users\/47"}],"replies":[{"embeddable":true,"href":"https:\/\/sindaopcpb.org.br\/index.php\/wp-json\/wp\/v2\/comments?post=17699"}],"version-history":[{"count":2,"href":"https:\/\/sindaopcpb.org.br\/index.php\/wp-json\/wp\/v2\/posts\/17699\/revisions"}],"predecessor-version":[{"id":17713,"href":"https:\/\/sindaopcpb.org.br\/index.php\/wp-json\/wp\/v2\/posts\/17699\/revisions\/17713"}],"wp:attachment":[{"href":"https:\/\/sindaopcpb.org.br\/index.php\/wp-json\/wp\/v2\/media?parent=17699"}],"wp:term":[{"taxonomy":"category","embeddable":true,"href":"https:\/\/sindaopcpb.org.br\/index.php\/wp-json\/wp\/v2\/categories?post=17699"},{"taxonomy":"post_tag","embeddable":true,"href":"https:\/\/sindaopcpb.org.br\/index.php\/wp-json\/wp\/v2\/tags?post=17699"}],"curies":[{"name":"wp","href":"https:\/\/api.w.org\/{rel}","templated":true}]}}