{"id":17664,"date":"2023-05-23T09:42:00","date_gmt":"2023-05-23T12:42:00","guid":{"rendered":"https:\/\/www.infomoney.com.br\/?p=2141160"},"modified":"2023-05-23T09:42:00","modified_gmt":"2023-05-23T12:42:00","slug":"governo-conta-com-147-dos-257-votos-necessarios-para-aprovar-regra-fiscal","status":"publish","type":"post","link":"https:\/\/sindaopcpb.org.br\/index.php\/2023\/05\/23\/governo-conta-com-147-dos-257-votos-necessarios-para-aprovar-regra-fiscal\/","title":{"rendered":"Governo conta com 147 dos 257 votos necess\u00e1rios para aprovar regra fiscal"},"content":{"rendered":"<p><img loading=\"lazy\" width=\"300\" height=\"199\" src=\"https:\/\/www.infomoney.com.br\/wp-content\/uploads\/2019\/06\/congresso-.jpg?fit=300%2C199&amp;quality=70&amp;strip=all\" class=\"attachment-medium size-medium wp-post-image\" alt=\"\" decoding=\"async\" style=\"float:right; margin:0 0 10px 10px;\" srcset=\"https:\/\/www.infomoney.com.br\/wp-content\/uploads\/2019\/06\/congresso-.jpg?w=754&amp;quality=70&amp;strip=all 754w, https:\/\/www.infomoney.com.br\/wp-content\/uploads\/2019\/06\/congresso-.jpg?w=300&amp;quality=70&amp;strip=all 300w, https:\/\/www.infomoney.com.br\/wp-content\/uploads\/2019\/06\/congresso-.jpg?w=150&amp;quality=70&amp;strip=all 150w\" sizes=\"auto, (max-width: 300px) 100vw, 300px\" data-attachment-id=\"55150\" data-permalink=\"https:\/\/www.infomoney.com.br\/congresso-2\/\" data-orig-file=\"https:\/\/www.infomoney.com.br\/wp-content\/uploads\/2019\/06\/congresso-.jpg?fit=754%2C500&amp;quality=70&amp;strip=all\" data-orig-size=\"754,500\" data-comments-opened=\"1\" data-image-meta=\"{&quot;aperture&quot;:&quot;0&quot;,&quot;credit&quot;:&quot;&quot;,&quot;camera&quot;:&quot;&quot;,&quot;caption&quot;:&quot;&quot;,&quot;created_timestamp&quot;:&quot;0&quot;,&quot;copyright&quot;:&quot;&quot;,&quot;focal_length&quot;:&quot;0&quot;,&quot;iso&quot;:&quot;0&quot;,&quot;shutter_speed&quot;:&quot;0&quot;,&quot;title&quot;:&quot;&quot;,&quot;orientation&quot;:&quot;0&quot;}\" data-image-title=\"congresso-\" data-image-description=\"\" data-image-caption=\"\" data-medium-file=\"https:\/\/www.infomoney.com.br\/wp-content\/uploads\/2019\/06\/congresso-.jpg?fit=300%2C199&amp;quality=70&amp;strip=all\" data-large-file=\"https:\/\/www.infomoney.com.br\/wp-content\/uploads\/2019\/06\/congresso-.jpg?fit=754%2C500&amp;quality=70&amp;strip=all\" title=\"\"><\/p>\n<p>Apesar de o governo prometer um placar expressivo na vota\u00e7\u00e3o do arcabou\u00e7o fiscal na C\u00e2mara, prevista para esta semana, at\u00e9 esta segunda-feira, 22, apenas 147 deputados haviam declarado abertamente que votariam a favor da nova regra fiscal para controle das contas p\u00fablicas, segundo levantamento do <b>Estad\u00e3o<\/b>. Por ser um projeto de lei complementar, o novo marco fiscal &#8211; substituto do teto de gastos, que vigorou nos governos de Michel Temer e Jair Bolsonaro &#8211; requer maioria absoluta, ou seja, 257 votos.<\/p>\n<p>No Placar do Arcabou\u00e7o Fiscal, dos 455 deputados abordados pela reportagem at\u00e9 a conclus\u00e3o desta edi\u00e7\u00e3o (58 n\u00e3o foram encontrados), 108 se mostraram totalmente favor\u00e1veis \u00e0 proposta; 39 se declararam favor\u00e1veis mas com ressalvas; e 48, contr\u00e1rios. A maioria (260 deputados), por\u00e9m, n\u00e3o quis responder &#8211; um sinal de que as negocia\u00e7\u00f5es continuam.<\/p>\n<p>Na quarta-feira passada, 17, o projeto teve o regime de urg\u00eancia (tramita\u00e7\u00e3o acelerada) aprovado com ampla folga: 367 votos favor\u00e1veis e 102 contr\u00e1rios. Isso garante que o projeto &#8220;fure a fila&#8221; de vota\u00e7\u00e3o e v\u00e1 diretamente a plen\u00e1rio, sem passar por comiss\u00f5es.<\/p>\n<p>O <b>Estad\u00e3o<\/b> come\u00e7ou a consultar a posi\u00e7\u00e3o dos parlamentares quando o texto do Minist\u00e9rio da Fazenda foi entregue ao Congresso, em 18 de abril. Inicialmente, a maioria dos deputados dizia que esperaria o relat\u00f3rio do deputado Cl\u00e1udio Cajado (PP-BA) para analisar as eventuais mudan\u00e7as na proposta.<\/p>\n<p>No entanto, mesmo depois da apresenta\u00e7\u00e3o do texto, na segunda-feira da semana passada, 15, at\u00e9 ontem a maioria expressiva dos parlamentares ainda n\u00e3o declarava abertamente o apoio ao projeto, do qual depende a agenda econ\u00f4mica do governo Lula.<\/p>\n<p>O ministro da Fazenda, Fernando Haddad, tem se mostrado confiante. &#8220;Mais de 300 votos eu garanto&#8221;, afirmou na \u00faltima quarta-feira. Segundo ele, o objetivo do presidente da C\u00e2mara, Arthur Lira (PP-AL), \u00e9 conseguir qu\u00f3rum de emenda constitucional (308 votos) para vota\u00e7\u00e3o da nova regra fiscal, para que o tema n\u00e3o precise ser discutido novamente em um futuro pr\u00f3ximo.<\/p>\n<p>The post <a rel=\"nofollow noopener\" href=\"https:\/\/www.infomoney.com.br\/politica\/governo-conta-com-147-dos-257-votos-necessarios-para-aprovar-regra-fiscal\/\" target=\"_blank\">Governo conta com 147 dos 257 votos necess\u00e1rios para aprovar regra fiscal<\/a> appeared first on <a rel=\"nofollow noopener\" href=\"https:\/\/www.infomoney.com.br\/\" target=\"_blank\">InfoMoney<\/a>.<\/p>\n","protected":false},"excerpt":{"rendered":"<p><img loading=\"lazy\" decoding=\"async\" width=\"300\" height=\"199\" src=\"https:\/\/www.infomoney.com.br\/wp-content\/uploads\/2019\/06\/congresso-.jpg?fit=300%2C199&amp;quality=70&amp;strip=all\" class=\"attachment-medium size-medium wp-post-image\" alt=\"\" data-attachment-id=\"55150\" data-permalink=\"https:\/\/www.infomoney.com.br\/congresso-2\/\" data-orig-file=\"https:\/\/www.infomoney.com.br\/wp-content\/uploads\/2019\/06\/congresso-.jpg?fit=754%2C500&amp;quality=70&amp;strip=all\" data-orig-size=\"754,500\" data-comments-opened=\"1\" data-image-meta='{\"aperture\":\"0\",\"credit\":\"\",\"camera\":\"\",\"caption\":\"\",\"created_timestamp\":\"0\",\"copyright\":\"\",\"focal_length\":\"0\",\"iso\":\"0\",\"shutter_speed\":\"0\",\"title\":\"\",\"orientation\":\"0\"}' data-image-title=\"congresso-\" data-image-description=\"\" data-image-caption=\"\" data-medium-file=\"https:\/\/www.infomoney.com.br\/wp-content\/uploads\/2019\/06\/congresso-.jpg?fit=300%2C199&amp;quality=70&amp;strip=all\" data-large-file=\"https:\/\/www.infomoney.com.br\/wp-content\/uploads\/2019\/06\/congresso-.jpg?fit=754%2C500&amp;quality=70&amp;strip=all\">Na semana passada, projeto teve o regime de urg\u00eancia aprovado com ampla folga: 367 votos favor\u00e1veis e 102 contr\u00e1rios<\/p>\n<p>The post <a rel=\"nofollow\" href=\"https:\/\/www.infomoney.com.br\/politica\/governo-conta-com-147-dos-257-votos-necessarios-para-aprovar-regra-fiscal\/\">Governo conta com 147 dos 257 votos necess\u00e1rios para aprovar regra fiscal<\/a> appeared first on <a rel=\"nofollow\" href=\"https:\/\/www.infomoney.com.br\/\">InfoMoney<\/a>.<\/p>\n","protected":false},"author":43,"featured_media":0,"comment_status":"closed","ping_status":"closed","sticky":false,"template":"","format":"standard","meta":{"advgb_blocks_editor_width":"","advgb_blocks_columns_visual_guide":"","footnotes":""},"categories":[108,276,34,47],"tags":[35],"class_list":["post-17664","post","type-post","status-publish","format-standard","hentry","category-arcabouco-fiscal","category-camara-dos-deputados","category-g1","category-politica","tag-g1"],"author_meta":{"display_name":"Estad\u00e3o Conte\u00fado","author_link":"https:\/\/sindaopcpb.org.br\/author\/estadao-conteudo\/"},"featured_img":null,"coauthors":[],"tax_additional":{"categories":{"linked":["<a href=\"https:\/\/sindaopcpb.org.br\/arcabouco-fiscal\/\" class=\"advgb-post-tax-term\">Arcabou\u00e7o Fiscal<\/a>","<a href=\"https:\/\/sindaopcpb.org.br\/camara-dos-deputados\/\" class=\"advgb-post-tax-term\">C\u00e2mara dos Deputados<\/a>","<a href=\"https:\/\/sindaopcpb.org.br\/g1\/\" class=\"advgb-post-tax-term\">G1<\/a>","<a href=\"https:\/\/sindaopcpb.org.br\/politica\/\" class=\"advgb-post-tax-term\">POLITICA<\/a>"],"unlinked":["<span class=\"advgb-post-tax-term\">Arcabou\u00e7o Fiscal<\/span>","<span class=\"advgb-post-tax-term\">C\u00e2mara dos Deputados<\/span>","<span class=\"advgb-post-tax-term\">G1<\/span>","<span class=\"advgb-post-tax-term\">POLITICA<\/span>"]},"tags":{"linked":["<a href=\"https:\/\/sindaopcpb.org.br\/politica\/\" class=\"advgb-post-tax-term\">g1<\/a>"],"unlinked":["<span class=\"advgb-post-tax-term\">g1<\/span>"]}},"comment_count":"0","relative_dates":{"created":"Publicado 3 anos atr\u00e1s","modified":"Atualizado 3 anos atr\u00e1s"},"absolute_dates":{"created":"Publicado em 23 de maio de 2023","modified":"Atualizado em 23 de maio de 2023"},"absolute_dates_time":{"created":"Publicado em 23 de maio de 2023 09:42","modified":"Atualizado em 23 de maio de 2023 09:42"},"featured_img_caption":"","series_order":"","_links":{"self":[{"href":"https:\/\/sindaopcpb.org.br\/index.php\/wp-json\/wp\/v2\/posts\/17664","targetHints":{"allow":["GET"]}}],"collection":[{"href":"https:\/\/sindaopcpb.org.br\/index.php\/wp-json\/wp\/v2\/posts"}],"about":[{"href":"https:\/\/sindaopcpb.org.br\/index.php\/wp-json\/wp\/v2\/types\/post"}],"author":[{"embeddable":true,"href":"https:\/\/sindaopcpb.org.br\/index.php\/wp-json\/wp\/v2\/users\/43"}],"replies":[{"embeddable":true,"href":"https:\/\/sindaopcpb.org.br\/index.php\/wp-json\/wp\/v2\/comments?post=17664"}],"version-history":[{"count":1,"href":"https:\/\/sindaopcpb.org.br\/index.php\/wp-json\/wp\/v2\/posts\/17664\/revisions"}],"predecessor-version":[{"id":17665,"href":"https:\/\/sindaopcpb.org.br\/index.php\/wp-json\/wp\/v2\/posts\/17664\/revisions\/17665"}],"wp:attachment":[{"href":"https:\/\/sindaopcpb.org.br\/index.php\/wp-json\/wp\/v2\/media?parent=17664"}],"wp:term":[{"taxonomy":"category","embeddable":true,"href":"https:\/\/sindaopcpb.org.br\/index.php\/wp-json\/wp\/v2\/categories?post=17664"},{"taxonomy":"post_tag","embeddable":true,"href":"https:\/\/sindaopcpb.org.br\/index.php\/wp-json\/wp\/v2\/tags?post=17664"}],"curies":[{"name":"wp","href":"https:\/\/api.w.org\/{rel}","templated":true}]}}