{"id":17605,"date":"2023-05-22T16:32:00","date_gmt":"2023-05-22T19:32:00","guid":{"rendered":"https:\/\/www.infomoney.com.br\/?p=2140667"},"modified":"2023-05-22T16:32:00","modified_gmt":"2023-05-22T19:32:00","slug":"alta-do-salario-minimo-eleva-gasto-com-previdencia-seguro-desemprego-e-bpc-diz-planejamento","status":"publish","type":"post","link":"https:\/\/sindaopcpb.org.br\/index.php\/2023\/05\/22\/alta-do-salario-minimo-eleva-gasto-com-previdencia-seguro-desemprego-e-bpc-diz-planejamento\/","title":{"rendered":"Alta do sal\u00e1rio m\u00ednimo eleva gasto com Previd\u00eancia, seguro-desemprego e BPC, diz Planejamento"},"content":{"rendered":"<p><img loading=\"lazy\" width=\"300\" height=\"196\" src=\"https:\/\/www.infomoney.com.br\/wp-content\/uploads\/2023\/03\/GettyImages-1372808046.jpg?fit=300%2C196&amp;quality=70&amp;strip=all\" class=\"attachment-medium size-medium wp-post-image\" alt=\"\" decoding=\"async\" style=\"float:right; margin:0 0 10px 10px;\" srcset=\"https:\/\/www.infomoney.com.br\/wp-content\/uploads\/2023\/03\/GettyImages-1372808046.jpg?w=730&amp;quality=70&amp;strip=all 730w, https:\/\/www.infomoney.com.br\/wp-content\/uploads\/2023\/03\/GettyImages-1372808046.jpg?w=300&amp;quality=70&amp;strip=all 300w, https:\/\/www.infomoney.com.br\/wp-content\/uploads\/2023\/03\/GettyImages-1372808046.jpg?w=150&amp;quality=70&amp;strip=all 150w\" sizes=\"auto, (max-width: 300px) 100vw, 300px\" data-attachment-id=\"2068293\" data-permalink=\"https:\/\/www.infomoney.com.br\/minhas-financas\/renda-media-real-do-trabalhador-fecha-2022-com-queda-de-1\/attachment\/real-brazilian-money-brazilian-real-banknotes-on-a-wooden-surface-e-with-a-calculator-in-the-image-composition-concepts-of-brazilian-economy-investments-finance-and-debt\/\" data-orig-file=\"https:\/\/www.infomoney.com.br\/wp-content\/uploads\/2023\/03\/GettyImages-1372808046.jpg?fit=730%2C478&amp;quality=70&amp;strip=all\" data-orig-size=\"730,478\" data-comments-opened=\"0\" data-image-meta=\"{&quot;aperture&quot;:&quot;5.6&quot;,&quot;credit&quot;:&quot;Getty Images\\\/iStockphoto&quot;,&quot;camera&quot;:&quot;Canon EOS RP&quot;,&quot;caption&quot;:&quot;Real - Brazilian money. Brazilian Real banknotes on a wooden surface e with a calculator in the image composition. Concepts of Brazilian economy, investments, finance and debt.&quot;,&quot;created_timestamp&quot;:&quot;1645785590&quot;,&quot;copyright&quot;:&quot;Rafael de Matos Carvalho ( rmcarvalhobsb )\\\/ All rights reserved&quot;,&quot;focal_length&quot;:&quot;50&quot;,&quot;iso&quot;:&quot;250&quot;,&quot;shutter_speed&quot;:&quot;0.016666666666667&quot;,&quot;title&quot;:&quot;Real - Brazilian money. Brazilian Real banknotes on a wooden surface e with a calculator in the image composition. Concepts of Brazilian economy, investments, finance and debt.&quot;,&quot;orientation&quot;:&quot;1&quot;}\" data-image-title=\"Dinheiro\" data-image-description=\"&lt;p&gt;Dinheiro, renda &lt;\/p&gt;\n\" data-image-caption=\"&lt;p&gt;(Getty Images)&lt;\/p&gt;\n\" data-medium-file=\"https:\/\/www.infomoney.com.br\/wp-content\/uploads\/2023\/03\/GettyImages-1372808046.jpg?fit=300%2C196&amp;quality=70&amp;strip=all\" data-large-file=\"https:\/\/www.infomoney.com.br\/wp-content\/uploads\/2023\/03\/GettyImages-1372808046.jpg?fit=730%2C478&amp;quality=70&amp;strip=all\" title=\"\"><\/p>\n<p>O secret\u00e1rio do Or\u00e7amento Federal do Minist\u00e9rio do Planejamento, Paulo Bijos, afirmou nesta segunda-feira, 22, que o aumento na previs\u00e3o de despesas obrigat\u00f3rias entre o primeiro e o segundo trimestre foi influenciado pelo aumento de sal\u00e1rio m\u00ednimo, de R$ 1.302 para R$ 1.320.<\/p>\n<p>Segundo o secret\u00e1rio, houve efeito de alta de R$ 5 bilh\u00f5es na previs\u00e3o de despesas devido \u00e0 corre\u00e7\u00e3o do piso nacional em benef\u00edcios previdenci\u00e1rios, abono salarial, seguro desemprego e BPC.<\/p>\n<p>Bijos tamb\u00e9m comentou que o crescimento vegetativo dos benef\u00edcios do INSS, de 1,34% para 1,54%, afetou a proje\u00e7\u00e3o de gastos em R$ 5 bilh\u00f5es.<\/p>\n<p>Ainda houve efeito de R$ 2 bilh\u00f5es devido a precat\u00f3rios. Al\u00e9m disso, houve mudan\u00e7as em despesas obrigat\u00f3rias com controle de fluxo de R$ 7,5 bilh\u00f5es devido \u00e0 incorpora\u00e7\u00e3o do piso da enfermagem.<\/p>\n<p>The post <a rel=\"nofollow noopener\" href=\"https:\/\/www.infomoney.com.br\/politica\/alta-do-salario-minimo-eleva-gasto-com-previdencia-seguro-desemprego-e-bpc-diz-planejamento\/\" target=\"_blank\">Alta do sal\u00e1rio m\u00ednimo eleva gasto com Previd\u00eancia, seguro-desemprego e BPC, diz Planejamento<\/a> appeared first on <a rel=\"nofollow noopener\" href=\"https:\/\/www.infomoney.com.br\/\" target=\"_blank\">InfoMoney<\/a>.<\/p>\n","protected":false},"excerpt":{"rendered":"<p><img loading=\"lazy\" decoding=\"async\" width=\"300\" height=\"196\" src=\"https:\/\/www.infomoney.com.br\/wp-content\/uploads\/2023\/03\/GettyImages-1372808046.jpg?fit=300%2C196&amp;quality=70&amp;strip=all\" class=\"attachment-medium size-medium wp-post-image\" alt=\"\" data-attachment-id=\"2068293\" data-permalink=\"https:\/\/www.infomoney.com.br\/minhas-financas\/renda-media-real-do-trabalhador-fecha-2022-com-queda-de-1\/attachment\/real-brazilian-money-brazilian-real-banknotes-on-a-wooden-surface-e-with-a-calculator-in-the-image-composition-concepts-of-brazilian-economy-investments-finance-and-debt\/\" data-orig-file=\"https:\/\/www.infomoney.com.br\/wp-content\/uploads\/2023\/03\/GettyImages-1372808046.jpg?fit=730%2C478&amp;quality=70&amp;strip=all\" data-orig-size=\"730,478\" data-comments-opened=\"0\" data-image-meta='{\"aperture\":\"5.6\",\"credit\":\"Getty Images\\\/iStockphoto\",\"camera\":\"Canon EOS RP\",\"caption\":\"Real - Brazilian money. Brazilian Real banknotes on a wooden surface e with a calculator in the image composition. Concepts of Brazilian economy, investments, finance and debt.\",\"created_timestamp\":\"1645785590\",\"copyright\":\"Rafael de Matos Carvalho ( rmcarvalhobsb )\\\/ All rights reserved\",\"focal_length\":\"50\",\"iso\":\"250\",\"shutter_speed\":\"0.016666666666667\",\"title\":\"Real - Brazilian money. Brazilian Real banknotes on a wooden surface e with a calculator in the image composition. Concepts of Brazilian economy, investments, finance and debt.\",\"orientation\":\"1\"}' data-image-title=\"Dinheiro\" data-image-description=\"&lt;p&gt;Dinheiro, renda &lt;\/p&gt;\n\" data-image-caption=\"&lt;p&gt;(Getty Images)&lt;\/p&gt;\n\" data-medium-file=\"https:\/\/www.infomoney.com.br\/wp-content\/uploads\/2023\/03\/GettyImages-1372808046.jpg?fit=300%2C196&amp;quality=70&amp;strip=all\" data-large-file=\"https:\/\/www.infomoney.com.br\/wp-content\/uploads\/2023\/03\/GettyImages-1372808046.jpg?fit=730%2C478&amp;quality=70&amp;strip=all\">Aumento na previs\u00e3o de despesas obrigat\u00f3rias entre o primeiro e o segundo trimestre foi influenciado pelo novo valor <\/p>\n<p>The post <a rel=\"nofollow\" href=\"https:\/\/www.infomoney.com.br\/politica\/alta-do-salario-minimo-eleva-gasto-com-previdencia-seguro-desemprego-e-bpc-diz-planejamento\/\">Alta do sal\u00e1rio m\u00ednimo eleva gasto com Previd\u00eancia, seguro-desemprego e BPC, diz Planejamento<\/a> appeared first on <a rel=\"nofollow\" href=\"https:\/\/www.infomoney.com.br\/\">InfoMoney<\/a>.<\/p>\n","protected":false},"author":43,"featured_media":0,"comment_status":"closed","ping_status":"closed","sticky":false,"template":"","format":"standard","meta":{"advgb_blocks_editor_width":"","advgb_blocks_columns_visual_guide":"","footnotes":""},"categories":[34,376,230,47],"tags":[35],"class_list":["post-17605","post","type-post","status-publish","format-standard","hentry","category-g1","category-ministerio-do-planejamento","category-orcamento-publico","category-politica","tag-g1"],"author_meta":{"display_name":"Estad\u00e3o Conte\u00fado","author_link":"https:\/\/sindaopcpb.org.br\/author\/estadao-conteudo\/"},"featured_img":null,"coauthors":[],"tax_additional":{"categories":{"linked":["<a href=\"https:\/\/sindaopcpb.org.br\/g1\/\" class=\"advgb-post-tax-term\">G1<\/a>","<a href=\"https:\/\/sindaopcpb.org.br\/ministerio-do-planejamento\/\" class=\"advgb-post-tax-term\">Minist\u00e9rio do Planejamento<\/a>","<a href=\"https:\/\/sindaopcpb.org.br\/orcamento-publico\/\" class=\"advgb-post-tax-term\">Or\u00e7amento P\u00fablico<\/a>","<a href=\"https:\/\/sindaopcpb.org.br\/politica\/\" class=\"advgb-post-tax-term\">POLITICA<\/a>"],"unlinked":["<span class=\"advgb-post-tax-term\">G1<\/span>","<span class=\"advgb-post-tax-term\">Minist\u00e9rio do Planejamento<\/span>","<span class=\"advgb-post-tax-term\">Or\u00e7amento P\u00fablico<\/span>","<span class=\"advgb-post-tax-term\">POLITICA<\/span>"]},"tags":{"linked":["<a href=\"https:\/\/sindaopcpb.org.br\/politica\/\" class=\"advgb-post-tax-term\">g1<\/a>"],"unlinked":["<span class=\"advgb-post-tax-term\">g1<\/span>"]}},"comment_count":"0","relative_dates":{"created":"Publicado 3 anos atr\u00e1s","modified":"Atualizado 3 anos atr\u00e1s"},"absolute_dates":{"created":"Publicado em 22 de maio de 2023","modified":"Atualizado em 22 de maio de 2023"},"absolute_dates_time":{"created":"Publicado em 22 de maio de 2023 16:32","modified":"Atualizado em 22 de maio de 2023 16:32"},"featured_img_caption":"","series_order":"","_links":{"self":[{"href":"https:\/\/sindaopcpb.org.br\/index.php\/wp-json\/wp\/v2\/posts\/17605","targetHints":{"allow":["GET"]}}],"collection":[{"href":"https:\/\/sindaopcpb.org.br\/index.php\/wp-json\/wp\/v2\/posts"}],"about":[{"href":"https:\/\/sindaopcpb.org.br\/index.php\/wp-json\/wp\/v2\/types\/post"}],"author":[{"embeddable":true,"href":"https:\/\/sindaopcpb.org.br\/index.php\/wp-json\/wp\/v2\/users\/43"}],"replies":[{"embeddable":true,"href":"https:\/\/sindaopcpb.org.br\/index.php\/wp-json\/wp\/v2\/comments?post=17605"}],"version-history":[{"count":1,"href":"https:\/\/sindaopcpb.org.br\/index.php\/wp-json\/wp\/v2\/posts\/17605\/revisions"}],"predecessor-version":[{"id":17606,"href":"https:\/\/sindaopcpb.org.br\/index.php\/wp-json\/wp\/v2\/posts\/17605\/revisions\/17606"}],"wp:attachment":[{"href":"https:\/\/sindaopcpb.org.br\/index.php\/wp-json\/wp\/v2\/media?parent=17605"}],"wp:term":[{"taxonomy":"category","embeddable":true,"href":"https:\/\/sindaopcpb.org.br\/index.php\/wp-json\/wp\/v2\/categories?post=17605"},{"taxonomy":"post_tag","embeddable":true,"href":"https:\/\/sindaopcpb.org.br\/index.php\/wp-json\/wp\/v2\/tags?post=17605"}],"curies":[{"name":"wp","href":"https:\/\/api.w.org\/{rel}","templated":true}]}}