{"id":17584,"date":"2023-05-22T14:28:00","date_gmt":"2023-05-22T17:28:00","guid":{"rendered":"https:\/\/www.infomoney.com.br\/?p=2140487"},"modified":"2023-05-22T14:28:00","modified_gmt":"2023-05-22T17:28:00","slug":"nivel-dos-juros-e-inibidor-dos-objetivos-do-governo-de-aceleracao-de-crescimento-diz-pacheco","status":"publish","type":"post","link":"https:\/\/sindaopcpb.org.br\/index.php\/2023\/05\/22\/nivel-dos-juros-e-inibidor-dos-objetivos-do-governo-de-aceleracao-de-crescimento-diz-pacheco\/","title":{"rendered":"N\u00edvel dos juros \u00e9 inibidor dos objetivos do governo de acelera\u00e7\u00e3o de crescimento, diz Pacheco"},"content":{"rendered":"<p><img loading=\"lazy\" width=\"300\" height=\"200\" src=\"https:\/\/www.infomoney.com.br\/wp-content\/uploads\/2023\/02\/Pacheco1.jpg?fit=300%2C200&amp;quality=70&amp;strip=all\" class=\"attachment-medium size-medium wp-post-image\" alt=\"\" decoding=\"async\" style=\"float:right; margin:0 0 10px 10px;\" srcset=\"https:\/\/www.infomoney.com.br\/wp-content\/uploads\/2023\/02\/Pacheco1.jpg?w=799&amp;quality=70&amp;strip=all 799w, https:\/\/www.infomoney.com.br\/wp-content\/uploads\/2023\/02\/Pacheco1.jpg?w=300&amp;quality=70&amp;strip=all 300w, https:\/\/www.infomoney.com.br\/wp-content\/uploads\/2023\/02\/Pacheco1.jpg?w=768&amp;quality=70&amp;strip=all 768w, https:\/\/www.infomoney.com.br\/wp-content\/uploads\/2023\/02\/Pacheco1.jpg?w=150&amp;quality=70&amp;strip=all 150w\" sizes=\"auto, (max-width: 300px) 100vw, 300px\" data-attachment-id=\"2047398\" data-permalink=\"https:\/\/www.infomoney.com.br\/politica\/rodrigo-pacheco-e-reeleito-presidente-do-senado-federal\/attachment\/pacheco1\/\" data-orig-file=\"https:\/\/www.infomoney.com.br\/wp-content\/uploads\/2023\/02\/Pacheco1.jpg?fit=799%2C533&amp;quality=70&amp;strip=all\" data-orig-size=\"799,533\" data-comments-opened=\"0\" data-image-meta=\"{&quot;aperture&quot;:&quot;0&quot;,&quot;credit&quot;:&quot;Roque de S\\u00e1\\\/Ag\\u00eancia Senado&quot;,&quot;camera&quot;:&quot;&quot;,&quot;caption&quot;:&quot;&quot;,&quot;created_timestamp&quot;:&quot;0&quot;,&quot;copyright&quot;:&quot;Senado Federal do Brasil&quot;,&quot;focal_length&quot;:&quot;0&quot;,&quot;iso&quot;:&quot;0&quot;,&quot;shutter_speed&quot;:&quot;0&quot;,&quot;title&quot;:&quot;&quot;,&quot;orientation&quot;:&quot;0&quot;}\" data-image-title=\"Rodrigo Pacheco\" data-image-description=\"\" data-image-caption=\"&lt;p&gt;O presidente do Senado Federal, Rodrigo Pacheco (PSD-MG) durante sess\u00e3o plen\u00e1ria (Foto: Roque de S\u00e1\/Ag\u00eancia Senado)&lt;\/p&gt;\n\" data-medium-file=\"https:\/\/www.infomoney.com.br\/wp-content\/uploads\/2023\/02\/Pacheco1.jpg?fit=300%2C200&amp;quality=70&amp;strip=all\" data-large-file=\"https:\/\/www.infomoney.com.br\/wp-content\/uploads\/2023\/02\/Pacheco1.jpg?fit=799%2C533&amp;quality=70&amp;strip=all\" title=\"\"><\/p>\n<p>O presidente do Senado, Rodrigo Pacheco (PSD-MG), disse nesta segunda-feira, 22, que o atual n\u00edvel dos juros \u00e9 um inibidor dos objetivos do novo governo de acelera\u00e7\u00e3o de crescimento. Para o senador, n\u00e3o se deve cobrar mais do Congresso novas reformas para baixar os juros, uma vez que, na avalia\u00e7\u00e3o dele, j\u00e1 existem condi\u00e7\u00f5es para os juros ca\u00edrem.<\/p>\n<p>Pacheco deu as declara\u00e7\u00f5es em semin\u00e1rio sobre autonomia do Banco Central (BC) promovido pela <i>Folha de S.Paulo<\/i> logo ap\u00f3s participa\u00e7\u00e3o do presidente do BC, Roberto Campos Neto, no evento.<\/p>\n<p>O chefe do BC defendeu a realiza\u00e7\u00e3o de reformas como o caminho para o Brasil aumentar a sua capacidade de crescimento sem press\u00f5es inflacion\u00e1rias.<\/p>\n<p>&#8220;Temos um Pa\u00eds em que n\u00e3o se pode invocar fazer mais reformas para baixar taxas de juros&#8221;, declarou Pacheco, ap\u00f3s citar reformas estruturais e marcos regulat\u00f3rios aprovados pelo Legislativo nos \u00faltimos anos, entre elas a pr\u00f3pria autonomia do BC. O parlamentar disse tamb\u00e9m que ainda nesta semana deve ser votado o arcabou\u00e7o fiscal e existe a perspectiva de aprova\u00e7\u00e3o da reforma tribut\u00e1ria.<\/p>\n<p>Ao considerar acertada a aprova\u00e7\u00e3o da autonomia do BC &#8211; &#8220;se foi acertada ou n\u00e3o, no \u00e2mbito pol\u00edtico, me cabe acreditar em acerto&#8221; -, Pacheco disse n\u00e3o ver a possibilidade de mudan\u00e7as na lei para restringir a atua\u00e7\u00e3o da autoridade monet\u00e1ria. &#8220;N\u00e3o vejo ambiente de revoga\u00e7\u00e3o da lei de autonomia do Banco Central&#8221;, afirmou.<\/p>\n<p>A eleva\u00e7\u00e3o dos juros, comentou, \u00e9 o motivo que leva aos questionamentos \u00e0 autonomia do BC.<\/p>\n<p>O senador v\u00ea como &#8220;justificado&#8221; o descontentamento de boa parte da sociedade, do presidente Luiz In\u00e1cio Lula da Silva e do Congresso em rela\u00e7\u00e3o ao n\u00edvel da taxa Selic, hoje em 13,75% ao ano, por ser um &#8220;entrave&#8221; ao crescimento.<\/p>\n<p>&#8220;Deve haver sensibilidade social do Banco Central para as necessidades mais prementes do Brasil&#8221;, assinalou Pacheco, que fez um apelo para a redu\u00e7\u00e3o da Selic de forma gradativa, sem movimentos bruscos.<\/p>\n<p>The post <a rel=\"nofollow noopener\" href=\"https:\/\/www.infomoney.com.br\/politica\/nivel-dos-juros-e-inibidor-dos-objetivos-do-governo-de-aceleracao-de-crescimento-diz-pacheco\/\" target=\"_blank\">N\u00edvel dos juros \u00e9 inibidor dos objetivos do governo de acelera\u00e7\u00e3o de crescimento, diz Pacheco<\/a> appeared first on <a rel=\"nofollow noopener\" href=\"https:\/\/www.infomoney.com.br\/\" target=\"_blank\">InfoMoney<\/a>.<\/p>\n","protected":false},"excerpt":{"rendered":"<p><img loading=\"lazy\" decoding=\"async\" width=\"300\" height=\"200\" src=\"https:\/\/www.infomoney.com.br\/wp-content\/uploads\/2023\/02\/Pacheco1.jpg?fit=300%2C200&amp;quality=70&amp;strip=all\" class=\"attachment-medium size-medium wp-post-image\" alt=\"\" data-attachment-id=\"2047398\" data-permalink=\"https:\/\/www.infomoney.com.br\/politica\/rodrigo-pacheco-e-reeleito-presidente-do-senado-federal\/attachment\/pacheco1\/\" data-orig-file=\"https:\/\/www.infomoney.com.br\/wp-content\/uploads\/2023\/02\/Pacheco1.jpg?fit=799%2C533&amp;quality=70&amp;strip=all\" data-orig-size=\"799,533\" data-comments-opened=\"0\" data-image-meta='{\"aperture\":\"0\",\"credit\":\"Roque de S\\u00e1\\\/Ag\\u00eancia Senado\",\"camera\":\"\",\"caption\":\"\",\"created_timestamp\":\"0\",\"copyright\":\"Senado Federal do Brasil\",\"focal_length\":\"0\",\"iso\":\"0\",\"shutter_speed\":\"0\",\"title\":\"\",\"orientation\":\"0\"}' data-image-title=\"Rodrigo Pacheco\" data-image-description=\"\" data-image-caption=\"&lt;p&gt;O presidente do Senado Federal, Rodrigo Pacheco (PSD-MG) durante sess\u00e3o plen\u00e1ria (Foto: Roque de S\u00e1\/Ag\u00eancia Senado)&lt;\/p&gt;\n\" data-medium-file=\"https:\/\/www.infomoney.com.br\/wp-content\/uploads\/2023\/02\/Pacheco1.jpg?fit=300%2C200&amp;quality=70&amp;strip=all\" data-large-file=\"https:\/\/www.infomoney.com.br\/wp-content\/uploads\/2023\/02\/Pacheco1.jpg?fit=799%2C533&amp;quality=70&amp;strip=all\">Senador v\u00ea como &#8220;justificado&#8221; o descontentamento do governo em rela\u00e7\u00e3o ao n\u00edvel da taxa Selic, hoje em 13,75% ao ano<\/p>\n<p>The post <a rel=\"nofollow\" href=\"https:\/\/www.infomoney.com.br\/politica\/nivel-dos-juros-e-inibidor-dos-objetivos-do-governo-de-aceleracao-de-crescimento-diz-pacheco\/\">N\u00edvel dos juros \u00e9 inibidor dos objetivos do governo de acelera\u00e7\u00e3o de crescimento, diz Pacheco<\/a> appeared first on <a rel=\"nofollow\" href=\"https:\/\/www.infomoney.com.br\/\">InfoMoney<\/a>.<\/p>\n","protected":false},"author":43,"featured_media":0,"comment_status":"closed","ping_status":"closed","sticky":false,"template":"","format":"standard","meta":{"advgb_blocks_editor_width":"","advgb_blocks_columns_visual_guide":"","footnotes":""},"categories":[34,47,589,282],"tags":[35],"class_list":["post-17584","post","type-post","status-publish","format-standard","hentry","category-g1","category-politica","category-rodrigo-pacheco","category-taxa-de-juros","tag-g1"],"author_meta":{"display_name":"Estad\u00e3o Conte\u00fado","author_link":"https:\/\/sindaopcpb.org.br\/author\/estadao-conteudo\/"},"featured_img":null,"coauthors":[],"tax_additional":{"categories":{"linked":["<a href=\"https:\/\/sindaopcpb.org.br\/g1\/\" class=\"advgb-post-tax-term\">G1<\/a>","<a href=\"https:\/\/sindaopcpb.org.br\/politica\/\" class=\"advgb-post-tax-term\">POLITICA<\/a>","<a href=\"https:\/\/sindaopcpb.org.br\/rodrigo-pacheco\/\" class=\"advgb-post-tax-term\">Rodrigo Pacheco<\/a>","<a href=\"https:\/\/sindaopcpb.org.br\/taxa-de-juros\/\" class=\"advgb-post-tax-term\">Taxa de Juros<\/a>"],"unlinked":["<span class=\"advgb-post-tax-term\">G1<\/span>","<span class=\"advgb-post-tax-term\">POLITICA<\/span>","<span class=\"advgb-post-tax-term\">Rodrigo Pacheco<\/span>","<span class=\"advgb-post-tax-term\">Taxa de Juros<\/span>"]},"tags":{"linked":["<a href=\"https:\/\/sindaopcpb.org.br\/taxa-de-juros\/\" class=\"advgb-post-tax-term\">g1<\/a>"],"unlinked":["<span class=\"advgb-post-tax-term\">g1<\/span>"]}},"comment_count":"0","relative_dates":{"created":"Publicado 3 anos atr\u00e1s","modified":"Atualizado 3 anos atr\u00e1s"},"absolute_dates":{"created":"Publicado em 22 de maio de 2023","modified":"Atualizado em 22 de maio de 2023"},"absolute_dates_time":{"created":"Publicado em 22 de maio de 2023 14:28","modified":"Atualizado em 22 de maio de 2023 14:28"},"featured_img_caption":"","series_order":"","_links":{"self":[{"href":"https:\/\/sindaopcpb.org.br\/index.php\/wp-json\/wp\/v2\/posts\/17584","targetHints":{"allow":["GET"]}}],"collection":[{"href":"https:\/\/sindaopcpb.org.br\/index.php\/wp-json\/wp\/v2\/posts"}],"about":[{"href":"https:\/\/sindaopcpb.org.br\/index.php\/wp-json\/wp\/v2\/types\/post"}],"author":[{"embeddable":true,"href":"https:\/\/sindaopcpb.org.br\/index.php\/wp-json\/wp\/v2\/users\/43"}],"replies":[{"embeddable":true,"href":"https:\/\/sindaopcpb.org.br\/index.php\/wp-json\/wp\/v2\/comments?post=17584"}],"version-history":[{"count":1,"href":"https:\/\/sindaopcpb.org.br\/index.php\/wp-json\/wp\/v2\/posts\/17584\/revisions"}],"predecessor-version":[{"id":17585,"href":"https:\/\/sindaopcpb.org.br\/index.php\/wp-json\/wp\/v2\/posts\/17584\/revisions\/17585"}],"wp:attachment":[{"href":"https:\/\/sindaopcpb.org.br\/index.php\/wp-json\/wp\/v2\/media?parent=17584"}],"wp:term":[{"taxonomy":"category","embeddable":true,"href":"https:\/\/sindaopcpb.org.br\/index.php\/wp-json\/wp\/v2\/categories?post=17584"},{"taxonomy":"post_tag","embeddable":true,"href":"https:\/\/sindaopcpb.org.br\/index.php\/wp-json\/wp\/v2\/tags?post=17584"}],"curies":[{"name":"wp","href":"https:\/\/api.w.org\/{rel}","templated":true}]}}