{"id":17580,"date":"2023-05-22T14:57:00","date_gmt":"2023-05-22T17:57:00","guid":{"rendered":"https:\/\/www.infomoney.com.br\/?p=2140400"},"modified":"2023-05-22T14:57:00","modified_gmt":"2023-05-22T17:57:00","slug":"campos-neto-diz-que-galipolo-tem-capacidade-para-ser-diretor-do-bc-mas-nao-foi-escolha-sua","status":"publish","type":"post","link":"https:\/\/sindaopcpb.org.br\/index.php\/2023\/05\/22\/campos-neto-diz-que-galipolo-tem-capacidade-para-ser-diretor-do-bc-mas-nao-foi-escolha-sua\/","title":{"rendered":"Campos Neto diz que Gal\u00edpolo tem capacidade para ser diretor do BC, mas n\u00e3o foi escolha sua"},"content":{"rendered":"<p><img loading=\"lazy\" width=\"300\" height=\"200\" src=\"https:\/\/www.infomoney.com.br\/wp-content\/uploads\/2023\/04\/52845645583_5880924190_k.jpg?fit=300%2C200&amp;quality=70&amp;strip=all\" class=\"attachment-medium size-medium wp-post-image\" alt=\"\" decoding=\"async\" style=\"float:right; margin:0 0 10px 10px;\" srcset=\"https:\/\/www.infomoney.com.br\/wp-content\/uploads\/2023\/04\/52845645583_5880924190_k.jpg?w=2047&amp;quality=70&amp;strip=all 2047w, https:\/\/www.infomoney.com.br\/wp-content\/uploads\/2023\/04\/52845645583_5880924190_k.jpg?w=300&amp;quality=70&amp;strip=all 300w, https:\/\/www.infomoney.com.br\/wp-content\/uploads\/2023\/04\/52845645583_5880924190_k.jpg?w=768&amp;quality=70&amp;strip=all 768w, https:\/\/www.infomoney.com.br\/wp-content\/uploads\/2023\/04\/52845645583_5880924190_k.jpg?w=1280&amp;quality=70&amp;strip=all 1280w, https:\/\/www.infomoney.com.br\/wp-content\/uploads\/2023\/04\/52845645583_5880924190_k.jpg?w=1536&amp;quality=70&amp;strip=all 1536w, https:\/\/www.infomoney.com.br\/wp-content\/uploads\/2023\/04\/52845645583_5880924190_k.jpg?w=150&amp;quality=70&amp;strip=all 150w\" sizes=\"auto, (max-width: 300px) 100vw, 300px\" data-attachment-id=\"2116275\" data-permalink=\"https:\/\/www.infomoney.com.br\/economia\/campos-neto-diz-nao-ter-a-capacidade-para-afirmar-quando-queda-de-juros-vai-ocorrer\/attachment\/52845645583_5880924190_k\/\" data-orig-file=\"https:\/\/www.infomoney.com.br\/wp-content\/uploads\/2023\/04\/52845645583_5880924190_k.jpg?fit=2047%2C1365&amp;quality=70&amp;strip=all\" data-orig-size=\"2047,1365\" data-comments-opened=\"0\" data-image-meta=\"{&quot;aperture&quot;:&quot;0&quot;,&quot;credit&quot;:&quot;Pedro Fran\\u00e7a\\\/Ag\\u00eancia Senado&quot;,&quot;camera&quot;:&quot;&quot;,&quot;caption&quot;:&quot;&quot;,&quot;created_timestamp&quot;:&quot;0&quot;,&quot;copyright&quot;:&quot;Senado Federal do Brasil&quot;,&quot;focal_length&quot;:&quot;0&quot;,&quot;iso&quot;:&quot;0&quot;,&quot;shutter_speed&quot;:&quot;0&quot;,&quot;title&quot;:&quot;&quot;,&quot;orientation&quot;:&quot;0&quot;}\" data-image-title=\"Presidente do Banco Central, Roberto Campos Neto.\" data-image-description=\"\" data-image-caption=\"&lt;p&gt;Presidente do Banco Central, Roberto Campos Neto, na CAE do Senado (Foto: Pedro Fran\u00e7a\/Ag\u00eancia Senado) &lt;\/p&gt;\n\" data-medium-file=\"https:\/\/www.infomoney.com.br\/wp-content\/uploads\/2023\/04\/52845645583_5880924190_k.jpg?fit=300%2C200&amp;quality=70&amp;strip=all\" data-large-file=\"https:\/\/www.infomoney.com.br\/wp-content\/uploads\/2023\/04\/52845645583_5880924190_k.jpg?fit=1280%2C854&amp;quality=70&amp;strip=all\" title=\"\"><\/p>\n<p>O presidente do Banco Central, Roberto Campos Neto, disse nesta segunda-feira, 22, em semin\u00e1rio do jornal <i>Folha de S.Paulo<\/i>, que o indicado \u00e0 diretoria de Pol\u00edtica Monet\u00e1ria do BC, <a href=\"https:\/\/www.infomoney.com.br\/perfil\/gabriel-galipolo\/\" rel=\"nofollow noopener\" target=\"_blank\">Gabriel Gal\u00edpolo<\/a>, tem capacidade t\u00e9cnica para assumir o posto, assim como o t\u00e9cnico do BC que foi apontado para a cadeira de Fiscaliza\u00e7\u00e3o, Ailton Aquino. Mas ele destacou que n\u00e3o foi uma escolha sua. &#8220;Fiquei sabendo atrav\u00e9s da m\u00eddia&#8221;, comentou.<\/p>\n<p>Sobre uma poss\u00edvel sucess\u00e3o de Gal\u00edpolo, hoje secret\u00e1rio-executivo do Minist\u00e9rio da Fazenda, para a presid\u00eancia do BC, Campos Neto afirmou que seria deselegante comentar, at\u00e9 porque o n\u00famero 2 de Fernando Haddad ainda nem foi sabatinado.<\/p>\n<p>Ao anunciar a indica\u00e7\u00e3o de Gal\u00edpolo para o BC, Haddad disse que Campos Neto havia sido a primeira pessoa a mencionar a possibilidade de o secret\u00e1rio-executivo da Fazenda tornar-se diretor da autoridade monet\u00e1ria.<\/p>\n<p>&#8220;Qualquer indica\u00e7\u00e3o para o BC que venha de fora vai saber que tem um quadro muito t\u00e9cnico e que, se quiser desviar muito da opini\u00e3o t\u00e9cnica, vai ter que ter um processo de convencimento, que \u00e9 t\u00e9cnico. Se, depois disso, algum diretor tiver opini\u00e3o muito diferente do quadro t\u00e9cnico e dos outros diretores, vai ter um debate, que vai se refletir na comunica\u00e7\u00e3o do BC. A sociedade e os mercados v\u00e3o julgar ao longo do tempo os resultados&#8221;, comentou Campos Neto, no semin\u00e1rio.<\/p>\n<p><strong>Saiba mais:<\/strong><\/p>\n<p><strong><span class=\"hl-title\"><a href=\"https:\/\/www.infomoney.com.br\/economia\/criticas-de-lula-sinalizam-falta-de-conhecimento-sobre-processo-de-autonomia-do-bc-diz-campos-neto\/\" rel=\"nofollow noopener\" target=\"_blank\">Cr\u00edticas de Lula sinalizam falta de conhecimento sobre processo de autonomia do BC, diz Campos Neto<\/a><\/span><\/strong><\/p>\n<p>Segundo ele, \u00e9 saud\u00e1vel ter diverg\u00eancia nas decis\u00f5es do Comit\u00ea de Pol\u00edtica Monet\u00e1ria (Copom). Para Campos Neto, com o processo de autonomia e transi\u00e7\u00e3o de governos, vai diminuir a unanimidade, mas isso vai ocorrer dentro de um ambiente t\u00e9cnico e saud\u00e1vel.<\/p>\n<p>O presidente do BC disse ainda que a autonomia indica que o governo tem o direito de escolher os diretores.<\/p>\n<p>Sobre a autonomia do BC, Campos Neto disse que \u00e9 importante avan\u00e7ar na parte administrativa e financeira, algo que fica para os seus sucessores.<\/p>\n<p>A autonomia hoje do BC \u00e9 apenas operacional. Sobre uma poss\u00edvel revis\u00e3o da independ\u00eancia formal, o presidente do BC disse que \u00e9 uma quest\u00e3o para o Congresso.<\/p>\n<p>The post <a rel=\"nofollow noopener\" href=\"https:\/\/www.infomoney.com.br\/economia\/campos-neto-diz-que-galipolo-tem-capacidade-para-ser-diretor-do-bc-mas-nao-foi-escolha-sua\/\" target=\"_blank\">Campos Neto diz que Gal\u00edpolo tem capacidade para ser diretor do BC, mas n\u00e3o foi escolha sua<\/a> appeared first on <a rel=\"nofollow noopener\" href=\"https:\/\/www.infomoney.com.br\/\" target=\"_blank\">InfoMoney<\/a>.<\/p>\n","protected":false},"excerpt":{"rendered":"<p><img loading=\"lazy\" decoding=\"async\" width=\"300\" height=\"200\" src=\"https:\/\/www.infomoney.com.br\/wp-content\/uploads\/2023\/04\/52845645583_5880924190_k.jpg?fit=300%2C200&amp;quality=70&amp;strip=all\" class=\"attachment-medium size-medium wp-post-image\" alt=\"\" data-attachment-id=\"2116275\" data-permalink=\"https:\/\/www.infomoney.com.br\/economia\/campos-neto-diz-nao-ter-a-capacidade-para-afirmar-quando-queda-de-juros-vai-ocorrer\/attachment\/52845645583_5880924190_k\/\" data-orig-file=\"https:\/\/www.infomoney.com.br\/wp-content\/uploads\/2023\/04\/52845645583_5880924190_k.jpg?fit=2047%2C1365&amp;quality=70&amp;strip=all\" data-orig-size=\"2047,1365\" data-comments-opened=\"0\" data-image-meta='{\"aperture\":\"0\",\"credit\":\"Pedro Fran\\u00e7a\\\/Ag\\u00eancia Senado\",\"camera\":\"\",\"caption\":\"\",\"created_timestamp\":\"0\",\"copyright\":\"Senado Federal do Brasil\",\"focal_length\":\"0\",\"iso\":\"0\",\"shutter_speed\":\"0\",\"title\":\"\",\"orientation\":\"0\"}' data-image-title=\"Presidente do Banco Central, Roberto Campos Neto.\" data-image-description=\"\" data-image-caption=\"&lt;p&gt;Presidente do Banco Central, Roberto Campos Neto, na CAE do Senado (Foto: Pedro Fran\u00e7a\/Ag\u00eancia Senado) &lt;\/p&gt;\n\" data-medium-file=\"https:\/\/www.infomoney.com.br\/wp-content\/uploads\/2023\/04\/52845645583_5880924190_k.jpg?fit=300%2C200&amp;quality=70&amp;strip=all\" data-large-file=\"https:\/\/www.infomoney.com.br\/wp-content\/uploads\/2023\/04\/52845645583_5880924190_k.jpg?fit=1280%2C854&amp;quality=70&amp;strip=all\">O presidente do BC disse ainda que a autonomia indica que o governo tem o direito de escolher os diretores.<\/p>\n<p>The post <a rel=\"nofollow\" href=\"https:\/\/www.infomoney.com.br\/economia\/campos-neto-diz-que-galipolo-tem-capacidade-para-ser-diretor-do-bc-mas-nao-foi-escolha-sua\/\">Campos Neto diz que Gal\u00edpolo tem capacidade para ser diretor do BC, mas n\u00e3o foi escolha sua<\/a> appeared first on <a rel=\"nofollow\" href=\"https:\/\/www.infomoney.com.br\/\">InfoMoney<\/a>.<\/p>\n","protected":false},"author":43,"featured_media":0,"comment_status":"closed","ping_status":"closed","sticky":false,"template":"","format":"standard","meta":{"advgb_blocks_editor_width":"","advgb_blocks_columns_visual_guide":"","footnotes":""},"categories":[279,69,109,34,693,127,47,402],"tags":[35],"class_list":["post-17580","post","type-post","status-publish","format-standard","hentry","category-banco-central","category-economia","category-fernando-haddad","category-g1","category-gabriel-galipolo","category-mercados","category-politica","category-roberto-campos-neto","tag-g1"],"author_meta":{"display_name":"Estad\u00e3o Conte\u00fado","author_link":"https:\/\/sindaopcpb.org.br\/author\/estadao-conteudo\/"},"featured_img":null,"coauthors":[],"tax_additional":{"categories":{"linked":["<a href=\"https:\/\/sindaopcpb.org.br\/banco-central\/\" class=\"advgb-post-tax-term\">Banco Central<\/a>","<a href=\"https:\/\/sindaopcpb.org.br\/economia\/\" class=\"advgb-post-tax-term\">Economia<\/a>","<a href=\"https:\/\/sindaopcpb.org.br\/fernando-haddad\/\" class=\"advgb-post-tax-term\">FERNANDO HADDAD<\/a>","<a href=\"https:\/\/sindaopcpb.org.br\/g1\/\" class=\"advgb-post-tax-term\">G1<\/a>","<a href=\"https:\/\/sindaopcpb.org.br\/gabriel-galipolo\/\" class=\"advgb-post-tax-term\">Gabriel Gal\u00edpolo<\/a>","<a href=\"https:\/\/sindaopcpb.org.br\/mercados\/\" class=\"advgb-post-tax-term\">Mercados<\/a>","<a href=\"https:\/\/sindaopcpb.org.br\/politica\/\" class=\"advgb-post-tax-term\">POLITICA<\/a>","<a href=\"https:\/\/sindaopcpb.org.br\/roberto-campos-neto\/\" class=\"advgb-post-tax-term\">Roberto Campos Neto<\/a>"],"unlinked":["<span class=\"advgb-post-tax-term\">Banco Central<\/span>","<span class=\"advgb-post-tax-term\">Economia<\/span>","<span class=\"advgb-post-tax-term\">FERNANDO HADDAD<\/span>","<span class=\"advgb-post-tax-term\">G1<\/span>","<span class=\"advgb-post-tax-term\">Gabriel Gal\u00edpolo<\/span>","<span class=\"advgb-post-tax-term\">Mercados<\/span>","<span class=\"advgb-post-tax-term\">POLITICA<\/span>","<span class=\"advgb-post-tax-term\">Roberto Campos Neto<\/span>"]},"tags":{"linked":["<a href=\"https:\/\/sindaopcpb.org.br\/roberto-campos-neto\/\" class=\"advgb-post-tax-term\">g1<\/a>"],"unlinked":["<span class=\"advgb-post-tax-term\">g1<\/span>"]}},"comment_count":"0","relative_dates":{"created":"Publicado 3 anos atr\u00e1s","modified":"Atualizado 3 anos atr\u00e1s"},"absolute_dates":{"created":"Publicado em 22 de maio de 2023","modified":"Atualizado em 22 de maio de 2023"},"absolute_dates_time":{"created":"Publicado em 22 de maio de 2023 14:57","modified":"Atualizado em 22 de maio de 2023 14:57"},"featured_img_caption":"","series_order":"","_links":{"self":[{"href":"https:\/\/sindaopcpb.org.br\/index.php\/wp-json\/wp\/v2\/posts\/17580","targetHints":{"allow":["GET"]}}],"collection":[{"href":"https:\/\/sindaopcpb.org.br\/index.php\/wp-json\/wp\/v2\/posts"}],"about":[{"href":"https:\/\/sindaopcpb.org.br\/index.php\/wp-json\/wp\/v2\/types\/post"}],"author":[{"embeddable":true,"href":"https:\/\/sindaopcpb.org.br\/index.php\/wp-json\/wp\/v2\/users\/43"}],"replies":[{"embeddable":true,"href":"https:\/\/sindaopcpb.org.br\/index.php\/wp-json\/wp\/v2\/comments?post=17580"}],"version-history":[{"count":1,"href":"https:\/\/sindaopcpb.org.br\/index.php\/wp-json\/wp\/v2\/posts\/17580\/revisions"}],"predecessor-version":[{"id":17581,"href":"https:\/\/sindaopcpb.org.br\/index.php\/wp-json\/wp\/v2\/posts\/17580\/revisions\/17581"}],"wp:attachment":[{"href":"https:\/\/sindaopcpb.org.br\/index.php\/wp-json\/wp\/v2\/media?parent=17580"}],"wp:term":[{"taxonomy":"category","embeddable":true,"href":"https:\/\/sindaopcpb.org.br\/index.php\/wp-json\/wp\/v2\/categories?post=17580"},{"taxonomy":"post_tag","embeddable":true,"href":"https:\/\/sindaopcpb.org.br\/index.php\/wp-json\/wp\/v2\/tags?post=17580"}],"curies":[{"name":"wp","href":"https:\/\/api.w.org\/{rel}","templated":true}]}}