{"id":17483,"date":"2023-05-21T19:09:00","date_gmt":"2023-05-21T22:09:00","guid":{"rendered":"https:\/\/www.infomoney.com.br\/?p=2139714"},"modified":"2023-05-21T19:09:00","modified_gmt":"2023-05-21T22:09:00","slug":"marcio-franca-viaja-a-belgica-com-empresas-que-querem-privatizar-porto-de-santos","status":"publish","type":"post","link":"https:\/\/sindaopcpb.org.br\/index.php\/2023\/05\/21\/marcio-franca-viaja-a-belgica-com-empresas-que-querem-privatizar-porto-de-santos\/","title":{"rendered":"M\u00e1rcio Fran\u00e7a viaja \u00e0 B\u00e9lgica com empresas que querem privatizar Porto de Santos"},"content":{"rendered":"<p><img loading=\"lazy\" width=\"300\" height=\"186\" src=\"https:\/\/www.infomoney.com.br\/wp-content\/uploads\/2022\/07\/Porto-de-Santos.jpg?fit=300%2C186&amp;quality=70&amp;strip=all\" class=\"attachment-medium size-medium wp-post-image\" alt=\"Porto de Santos\" decoding=\"async\" style=\"float:right; margin:0 0 10px 10px;\" srcset=\"https:\/\/www.infomoney.com.br\/wp-content\/uploads\/2022\/07\/Porto-de-Santos.jpg?w=2560&amp;quality=70&amp;strip=all 2560w, https:\/\/www.infomoney.com.br\/wp-content\/uploads\/2022\/07\/Porto-de-Santos.jpg?w=300&amp;quality=70&amp;strip=all 300w, https:\/\/www.infomoney.com.br\/wp-content\/uploads\/2022\/07\/Porto-de-Santos.jpg?w=768&amp;quality=70&amp;strip=all 768w, https:\/\/www.infomoney.com.br\/wp-content\/uploads\/2022\/07\/Porto-de-Santos.jpg?w=1280&amp;quality=70&amp;strip=all 1280w, https:\/\/www.infomoney.com.br\/wp-content\/uploads\/2022\/07\/Porto-de-Santos.jpg?w=1536&amp;quality=70&amp;strip=all 1536w, https:\/\/www.infomoney.com.br\/wp-content\/uploads\/2022\/07\/Porto-de-Santos.jpg?w=2048&amp;quality=70&amp;strip=all 2048w, https:\/\/www.infomoney.com.br\/wp-content\/uploads\/2022\/07\/Porto-de-Santos.jpg?w=150&amp;quality=70&amp;strip=all 150w\" sizes=\"auto, (max-width: 300px) 100vw, 300px\" data-attachment-id=\"1902060\" data-permalink=\"https:\/\/www.infomoney.com.br\/negocios\/decreto-inclui-porto-de-santos-no-programa-nacional-de-desestatizacao\/attachment\/porto-de-santos-2\/\" data-orig-file=\"https:\/\/www.infomoney.com.br\/wp-content\/uploads\/2022\/07\/Porto-de-Santos.jpg?fit=2560%2C1590&amp;quality=70&amp;strip=all\" data-orig-size=\"2560,1590\" data-comments-opened=\"0\" data-image-meta=\"{&quot;aperture&quot;:&quot;0&quot;,&quot;credit&quot;:&quot;&quot;,&quot;camera&quot;:&quot;&quot;,&quot;caption&quot;:&quot;&quot;,&quot;created_timestamp&quot;:&quot;0&quot;,&quot;copyright&quot;:&quot;&quot;,&quot;focal_length&quot;:&quot;0&quot;,&quot;iso&quot;:&quot;0&quot;,&quot;shutter_speed&quot;:&quot;0&quot;,&quot;title&quot;:&quot;&quot;,&quot;orientation&quot;:&quot;0&quot;}\" data-image-title=\"Porto de Santos\" data-image-description=\"&lt;p&gt;Imagem a\u00e9rea do porto de Santos&lt;\/p&gt;\n\" data-image-caption=\"&lt;p&gt;Imagem a\u00e9rea do porto de Santos&lt;\/p&gt;\n\" data-medium-file=\"https:\/\/www.infomoney.com.br\/wp-content\/uploads\/2022\/07\/Porto-de-Santos.jpg?fit=300%2C186&amp;quality=70&amp;strip=all\" data-large-file=\"https:\/\/www.infomoney.com.br\/wp-content\/uploads\/2022\/07\/Porto-de-Santos.jpg?fit=1280%2C795&amp;quality=70&amp;strip=all\" title=\"\"><\/p>\n<p>O ministro dos Portos e Aeroportos, M\u00e1rcio Fran\u00e7a, viaja para B\u00e9lgica nesta segunda-feira (22) para reuni\u00f5es com autoridades portu\u00e1rias e aeroportu\u00e1rias da Europa. Entre as agendas, Fran\u00e7a participar\u00e1 de visitas a portos do pa\u00eds junto a membros da Associa\u00e7\u00e3o de Terminais Portu\u00e1rios Privados (ATP), que defende a privatiza\u00e7\u00e3o do Porto de Santos.<\/p>\n<p>A ATP representa 30 empresas de grande porte e re\u00fane 54 portos privados, respons\u00e1veis por movimentar 60% da carga portu\u00e1ria brasileira. O processo de desestatiza\u00e7\u00e3o do complexo em Santos, que estava em andamento na gest\u00e3o Bolsonaro, foi suspenso por Fran\u00e7a logo ao assumir o cargo.<\/p>\n<p>O governo, no entanto, n\u00e3o tem decis\u00e3o final sobre a privatiza\u00e7\u00e3o e estuda o tema. A ideia do ministro \u00e9 manter a autoridade portu\u00e1ria com o governo e conceder terminais e servi\u00e7os \u00e0 iniciativa privada. O governador de S\u00e3o Paulo, Tarc\u00edsio de Freitas (Republicanos), \u00e9 um dos maiores defensores da privatiza\u00e7\u00e3o.<\/p>\n<p>Fran\u00e7a vai visitar os portos de Antu\u00e9rpia (um dos maiores da Europa), Ghent e Zeebrugges, todos p\u00fablicos. A Antu\u00e9rpia \u00e9 parceira do Brasil na \u00e1rea portu\u00e1ria e possui expertise na \u00e1rea de dragagem. Est\u00e1 prevista ainda uma visita do ministro ao Aeroporto de Bruxelas.<\/p>\n<p>Na viagem de cinco dias, Fran\u00e7a vai conhecer tamb\u00e9m os projetos de dois t\u00faneis imersos, modelo que ser\u00e1 usado na liga\u00e7\u00e3o seca entre Santos e Guaruj\u00e1. A primeira visita est\u00e1 prevista para obras do Scheldt Tunnel, que completar\u00e1 o anel vi\u00e1rio da Antu\u00e9rpia no lado norte. O t\u00fanel ter\u00e1 um comprimento total de 1,8 mil metros. Na sequ\u00eancia, o Ministro vai conhecer o St. Anna&#8217;s Tunnel, t\u00fanel abaixo do rio Escalda, esse j\u00e1 constru\u00eddo a 31 metros de profundidade, na Antu\u00e9rpia.<\/p>\n<p>A comitiva que acompanhar\u00e1 Fran\u00e7a na viagem \u00e9 integrada por representantes da Ag\u00eancia Nacional de Transportes Aquavi\u00e1rios (Antaq) e embaixadores brasileiros.<\/p>\n<p>The post <a rel=\"nofollow noopener\" href=\"https:\/\/www.infomoney.com.br\/economia\/marcio-franca-viaja-a-belgica-com-empresas-que-querem-privatizar-porto-de-santos\/\" target=\"_blank\">M\u00e1rcio Fran\u00e7a viaja \u00e0 B\u00e9lgica com empresas que querem privatizar Porto de Santos<\/a> appeared first on <a rel=\"nofollow noopener\" href=\"https:\/\/www.infomoney.com.br\/\" target=\"_blank\">InfoMoney<\/a>.<\/p>\n","protected":false},"excerpt":{"rendered":"<p><img loading=\"lazy\" decoding=\"async\" width=\"300\" height=\"186\" src=\"https:\/\/www.infomoney.com.br\/wp-content\/uploads\/2022\/07\/Porto-de-Santos.jpg?fit=300%2C186&amp;quality=70&amp;strip=all\" class=\"attachment-medium size-medium wp-post-image\" alt=\"Porto de Santos\" data-attachment-id=\"1902060\" data-permalink=\"https:\/\/www.infomoney.com.br\/negocios\/decreto-inclui-porto-de-santos-no-programa-nacional-de-desestatizacao\/attachment\/porto-de-santos-2\/\" data-orig-file=\"https:\/\/www.infomoney.com.br\/wp-content\/uploads\/2022\/07\/Porto-de-Santos.jpg?fit=2560%2C1590&amp;quality=70&amp;strip=all\" data-orig-size=\"2560,1590\" data-comments-opened=\"0\" data-image-meta='{\"aperture\":\"0\",\"credit\":\"\",\"camera\":\"\",\"caption\":\"\",\"created_timestamp\":\"0\",\"copyright\":\"\",\"focal_length\":\"0\",\"iso\":\"0\",\"shutter_speed\":\"0\",\"title\":\"\",\"orientation\":\"0\"}' data-image-title=\"Porto de Santos\" data-image-description=\"&lt;p&gt;Imagem a\u00e9rea do porto de Santos&lt;\/p&gt;\n\" data-image-caption=\"&lt;p&gt;Imagem a\u00e9rea do porto de Santos&lt;\/p&gt;\n\" data-medium-file=\"https:\/\/www.infomoney.com.br\/wp-content\/uploads\/2022\/07\/Porto-de-Santos.jpg?fit=300%2C186&amp;quality=70&amp;strip=all\" data-large-file=\"https:\/\/www.infomoney.com.br\/wp-content\/uploads\/2022\/07\/Porto-de-Santos.jpg?fit=1280%2C795&amp;quality=70&amp;strip=all\">Processo de desestatiza\u00e7\u00e3o do complexo em Santos, que estava em andamento na gest\u00e3o Bolsonaro, foi suspenso por Fran\u00e7a<\/p>\n<p>The post <a rel=\"nofollow\" href=\"https:\/\/www.infomoney.com.br\/economia\/marcio-franca-viaja-a-belgica-com-empresas-que-querem-privatizar-porto-de-santos\/\">M\u00e1rcio Fran\u00e7a viaja \u00e0 B\u00e9lgica com empresas que querem privatizar Porto de Santos<\/a> appeared first on <a rel=\"nofollow\" href=\"https:\/\/www.infomoney.com.br\/\">InfoMoney<\/a>.<\/p>\n","protected":false},"author":43,"featured_media":0,"comment_status":"closed","ping_status":"closed","sticky":false,"template":"","format":"standard","meta":{"advgb_blocks_editor_width":"","advgb_blocks_columns_visual_guide":"","footnotes":""},"categories":[69,34,1593,47,364],"tags":[35],"class_list":["post-17483","post","type-post","status-publish","format-standard","hentry","category-economia","category-g1","category-marcio-franca","category-politica","category-porto-de-santos","tag-g1"],"author_meta":{"display_name":"Estad\u00e3o Conte\u00fado","author_link":"https:\/\/sindaopcpb.org.br\/author\/estadao-conteudo\/"},"featured_img":null,"coauthors":[],"tax_additional":{"categories":{"linked":["<a href=\"https:\/\/sindaopcpb.org.br\/economia\/\" class=\"advgb-post-tax-term\">Economia<\/a>","<a href=\"https:\/\/sindaopcpb.org.br\/g1\/\" class=\"advgb-post-tax-term\">G1<\/a>","<a href=\"https:\/\/sindaopcpb.org.br\/marcio-franca\/\" class=\"advgb-post-tax-term\">M\u00e1rcio Fran\u00e7a<\/a>","<a href=\"https:\/\/sindaopcpb.org.br\/politica\/\" class=\"advgb-post-tax-term\">POLITICA<\/a>","<a href=\"https:\/\/sindaopcpb.org.br\/porto-de-santos\/\" class=\"advgb-post-tax-term\">Porto de Santos<\/a>"],"unlinked":["<span class=\"advgb-post-tax-term\">Economia<\/span>","<span class=\"advgb-post-tax-term\">G1<\/span>","<span class=\"advgb-post-tax-term\">M\u00e1rcio Fran\u00e7a<\/span>","<span class=\"advgb-post-tax-term\">POLITICA<\/span>","<span class=\"advgb-post-tax-term\">Porto de Santos<\/span>"]},"tags":{"linked":["<a href=\"https:\/\/sindaopcpb.org.br\/porto-de-santos\/\" class=\"advgb-post-tax-term\">g1<\/a>"],"unlinked":["<span class=\"advgb-post-tax-term\">g1<\/span>"]}},"comment_count":"0","relative_dates":{"created":"Publicado 3 anos atr\u00e1s","modified":"Atualizado 3 anos atr\u00e1s"},"absolute_dates":{"created":"Publicado em 21 de maio de 2023","modified":"Atualizado em 21 de maio de 2023"},"absolute_dates_time":{"created":"Publicado em 21 de maio de 2023 19:09","modified":"Atualizado em 21 de maio de 2023 19:09"},"featured_img_caption":"","series_order":"","_links":{"self":[{"href":"https:\/\/sindaopcpb.org.br\/index.php\/wp-json\/wp\/v2\/posts\/17483","targetHints":{"allow":["GET"]}}],"collection":[{"href":"https:\/\/sindaopcpb.org.br\/index.php\/wp-json\/wp\/v2\/posts"}],"about":[{"href":"https:\/\/sindaopcpb.org.br\/index.php\/wp-json\/wp\/v2\/types\/post"}],"author":[{"embeddable":true,"href":"https:\/\/sindaopcpb.org.br\/index.php\/wp-json\/wp\/v2\/users\/43"}],"replies":[{"embeddable":true,"href":"https:\/\/sindaopcpb.org.br\/index.php\/wp-json\/wp\/v2\/comments?post=17483"}],"version-history":[{"count":1,"href":"https:\/\/sindaopcpb.org.br\/index.php\/wp-json\/wp\/v2\/posts\/17483\/revisions"}],"predecessor-version":[{"id":17484,"href":"https:\/\/sindaopcpb.org.br\/index.php\/wp-json\/wp\/v2\/posts\/17483\/revisions\/17484"}],"wp:attachment":[{"href":"https:\/\/sindaopcpb.org.br\/index.php\/wp-json\/wp\/v2\/media?parent=17483"}],"wp:term":[{"taxonomy":"category","embeddable":true,"href":"https:\/\/sindaopcpb.org.br\/index.php\/wp-json\/wp\/v2\/categories?post=17483"},{"taxonomy":"post_tag","embeddable":true,"href":"https:\/\/sindaopcpb.org.br\/index.php\/wp-json\/wp\/v2\/tags?post=17483"}],"curies":[{"name":"wp","href":"https:\/\/api.w.org\/{rel}","templated":true}]}}