{"id":17451,"date":"2023-05-21T15:15:52","date_gmt":"2023-05-21T18:15:52","guid":{"rendered":"https:\/\/www.infomoney.com.br\/?p=2139704"},"modified":"2023-05-21T15:15:52","modified_gmt":"2023-05-21T18:15:52","slug":"texto-da-constituicao-federal-ganhara-versao-em-lingua-indigena","status":"publish","type":"post","link":"https:\/\/sindaopcpb.org.br\/index.php\/2023\/05\/21\/texto-da-constituicao-federal-ganhara-versao-em-lingua-indigena\/","title":{"rendered":"Texto da Constitui\u00e7\u00e3o Federal ganhar\u00e1 vers\u00e3o em l\u00edngua ind\u00edgena"},"content":{"rendered":"<p><img loading=\"lazy\" width=\"300\" height=\"197\" src=\"https:\/\/www.infomoney.com.br\/wp-content\/uploads\/2023\/05\/Indigenas-da-Amazonia.jpeg?fit=300%2C197&amp;quality=70&amp;strip=all\" class=\"attachment-medium size-medium wp-post-image\" alt=\"\" decoding=\"async\" style=\"float:right; margin:0 0 10px 10px;\" srcset=\"https:\/\/www.infomoney.com.br\/wp-content\/uploads\/2023\/05\/Indigenas-da-Amazonia.jpeg?w=600&amp;quality=70&amp;strip=all 600w, https:\/\/www.infomoney.com.br\/wp-content\/uploads\/2023\/05\/Indigenas-da-Amazonia.jpeg?w=300&amp;quality=70&amp;strip=all 300w, https:\/\/www.infomoney.com.br\/wp-content\/uploads\/2023\/05\/Indigenas-da-Amazonia.jpeg?w=150&amp;quality=70&amp;strip=all 150w\" sizes=\"auto, (max-width: 300px) 100vw, 300px\" data-attachment-id=\"2139707\" data-permalink=\"https:\/\/www.infomoney.com.br\/indigenas-da-amazonia\/\" data-orig-file=\"https:\/\/www.infomoney.com.br\/wp-content\/uploads\/2023\/05\/Indigenas-da-Amazonia.jpeg?fit=600%2C393&amp;quality=70&amp;strip=all\" data-orig-size=\"600,393\" data-comments-opened=\"0\" data-image-meta=\"{&quot;aperture&quot;:&quot;0&quot;,&quot;credit&quot;:&quot;&quot;,&quot;camera&quot;:&quot;&quot;,&quot;caption&quot;:&quot;&quot;,&quot;created_timestamp&quot;:&quot;0&quot;,&quot;copyright&quot;:&quot;&quot;,&quot;focal_length&quot;:&quot;0&quot;,&quot;iso&quot;:&quot;0&quot;,&quot;shutter_speed&quot;:&quot;0&quot;,&quot;title&quot;:&quot;&quot;,&quot;orientation&quot;:&quot;0&quot;}\" data-image-title=\"Ind\u00edgenas da Amaz\u00f4nia\" data-image-description=\"\" data-image-caption=\"&lt;p&gt;Ind\u00edgenas da Amaz\u00f4nia (Divulga\u00e7\u00e3o)&lt;\/p&gt;\n\" data-medium-file=\"https:\/\/www.infomoney.com.br\/wp-content\/uploads\/2023\/05\/Indigenas-da-Amazonia.jpeg?fit=300%2C197&amp;quality=70&amp;strip=all\" data-large-file=\"https:\/\/www.infomoney.com.br\/wp-content\/uploads\/2023\/05\/Indigenas-da-Amazonia.jpeg?fit=600%2C393&amp;quality=70&amp;strip=all\" title=\"\"><\/p>\n<p>O Brasil come\u00e7ou a fazer a primeira tradu\u00e7\u00e3o da Constitui\u00e7\u00e3o para o <em>nheengatu<\/em>, a l\u00edngua geral da Amaz\u00f4nia, em uma iniciativa &#8220;divisora de \u00e1guas, com alto valor simb\u00f3lico e pol\u00edtico&#8221;, como explica o coordenador do projeto e presidente da Biblioteca Nacional, Marco Lucchesi.<\/p>\n<p>&#8220;A Constitui\u00e7\u00e3o brasileira \u00e9 uma resposta \u00e0 ditadura militar. \u00c9 uma composi\u00e7\u00e3o longa e em cont\u00ednua atualiza\u00e7\u00e3o. Um passaporte cheio de selos e carimbos que foram necess\u00e1rios para atingir a forma democr\u00e1tica, em um momento de grande tens\u00e3o&#8221;, disse o estudioso \u00edtalo-brasileiro, de origens toscanas.<\/p>\n<p>&#8220;Por muitos anos, falava-se que o Brasil era um pa\u00eds de uma s\u00f3 l\u00edngua. Evidentemente, uma provoca\u00e7\u00e3o ideol\u00f3gica, uma tentativa de cancelar uma riqueza enorme: um patrim\u00f4nio de milhares de l\u00ednguas, como testemunha tamb\u00e9m a obra do antrop\u00f3logo Jos\u00e9 Ribamar Freire Bessa, a &#8220;Rio Babel&#8221;, observa.<\/p>\n<p>Essa iniciativa, destaca Lucchesi, marca uma &#8220;reconquista das l\u00ednguas amea\u00e7adas pelo genoc\u00eddio dos \u00faltimos 500 anos. &#8220;\u00c9 uma maneira de acender os far\u00f3is sobre aquela zona que sempre foi considerada mat\u00e9ria escura, inexistente e monoglota. \u00c9 a demonstra\u00e7\u00e3o que se trata, ao inv\u00e9s disso, de uma mat\u00e9ria de luz, de l\u00ednguas, de liberdades, parte da grandiosa polifonia dessa na\u00e7\u00e3o&#8221;, pontua.<\/p>\n<p>O projeto, destinado a ter novos impulsos, nasceu por vontade da presidente do Supremo Tribunal Federal (STF) e do Conselho Nacional de Justi\u00e7a (CNJ), Rosa Weber, durante uma viagem ao Vale do Javari, na Amaz\u00f4nia, onde foram assassinados no ano passado <a href=\"https:\/\/www.infomoney.com.br\/politica\/audiencias-para-juri-popular-de-assassinos-de-dom-e-bruno-comecam-hoje\/\" rel=\"noopener nofollow\" target=\"_blank\">o indigenista Bruno Pereira e o jornalista brit\u00e2nico Dom Phillips.<\/a><\/p>\n<p>Na viagem, encontrou-se com membros dos povos ind\u00edgenas como os Marubo, Kanamari, Korubo e outras etnias de contato mais recente. E em um momento percebeu-se a necessidade de facilitar a comunica\u00e7\u00e3o entre os dois mundos.<\/p>\n<p>A l\u00edngua escolhida para a tradu\u00e7\u00e3o da Constitui\u00e7\u00e3o foi o nheengatu, &#8220;uma esp\u00e9cie de esperanto da Amaz\u00f4nia, nascida das experi\u00eancias das popula\u00e7\u00f5es ind\u00edgenas, e capaz de dialogar com o portugu\u00eas, da qual t\u00eam v\u00e1rias palavras m\u00fatuas&#8221;. Um &#8220;italiano da selva por seu som doce e a riqueza vocal&#8221;, segundo Lucchesi. Um idioma pelo qual, nos anos 1800, se apaixonou o explorador borgotarese Ermanno Stradelli, que lhe dedicou um precioso vocabul\u00e1rio enciclop\u00e9dico.<\/p>\n<p>A apresenta\u00e7\u00e3o do projeto, no qual trabalham 15 tradutores, um grupo de especialistas lingu\u00edsticos, e uma consulta jur\u00eddica do CNJ dispon\u00edvel 24 horas por dia, est\u00e1 previsto entre agosto e setembro, em S\u00e3o Gabriel da Cachoeira, na Amaz\u00f4nia, onde o nheengatu \u00e9 uma l\u00edngua oficial, falada ainda de forma difusa.<\/p>\n<p>O documento ser\u00e1 depois conservado na Biblioteca Nacional, como &#8220;mem\u00f3ria&#8221; do pa\u00eds. E, ao lado desse projeto, outros est\u00e3o florescendo. O CNJ, nos \u00faltimos meses, j\u00e1 traduziu o regulamento penal para audi\u00eancias de cust\u00f3dia em 15 l\u00ednguas. Enquanto isso, em Mato Grosso, trabalha-se na tradu\u00e7\u00e3o, em v\u00e1rias l\u00ednguas locais, da Lei Maria da Penha.<\/p>\n<p>The post <a rel=\"nofollow noopener\" href=\"https:\/\/www.infomoney.com.br\/politica\/texto-da-constituicao-federal-ganhara-versao-em-lingua-indigena\/\" target=\"_blank\">Texto da Constitui\u00e7\u00e3o Federal ganhar\u00e1 vers\u00e3o em l\u00edngua ind\u00edgena<\/a> appeared first on <a rel=\"nofollow noopener\" href=\"https:\/\/www.infomoney.com.br\/\" target=\"_blank\">InfoMoney<\/a>.<\/p>\n","protected":false},"excerpt":{"rendered":"<p><img loading=\"lazy\" decoding=\"async\" width=\"300\" height=\"197\" src=\"https:\/\/www.infomoney.com.br\/wp-content\/uploads\/2023\/05\/Indigenas-da-Amazonia.jpeg?fit=300%2C197&amp;quality=70&amp;strip=all\" class=\"attachment-medium size-medium wp-post-image\" alt=\"\" data-attachment-id=\"2139707\" data-permalink=\"https:\/\/www.infomoney.com.br\/indigenas-da-amazonia\/\" data-orig-file=\"https:\/\/www.infomoney.com.br\/wp-content\/uploads\/2023\/05\/Indigenas-da-Amazonia.jpeg?fit=600%2C393&amp;quality=70&amp;strip=all\" data-orig-size=\"600,393\" data-comments-opened=\"0\" data-image-meta='{\"aperture\":\"0\",\"credit\":\"\",\"camera\":\"\",\"caption\":\"\",\"created_timestamp\":\"0\",\"copyright\":\"\",\"focal_length\":\"0\",\"iso\":\"0\",\"shutter_speed\":\"0\",\"title\":\"\",\"orientation\":\"0\"}' data-image-title=\"Ind\u00edgenas da Amaz\u00f4nia\" data-image-description=\"\" data-image-caption=\"&lt;p&gt;Ind\u00edgenas da Amaz\u00f4nia (Divulga\u00e7\u00e3o)&lt;\/p&gt;\n\" data-medium-file=\"https:\/\/www.infomoney.com.br\/wp-content\/uploads\/2023\/05\/Indigenas-da-Amazonia.jpeg?fit=300%2C197&amp;quality=70&amp;strip=all\" data-large-file=\"https:\/\/www.infomoney.com.br\/wp-content\/uploads\/2023\/05\/Indigenas-da-Amazonia.jpeg?fit=600%2C393&amp;quality=70&amp;strip=all\">Conjunto de leis que rege o pa\u00eds ser\u00e1 traduzido para o nheengatu, a l\u00edngua geral da Amaz\u00f4nia<\/p>\n<p>The post <a rel=\"nofollow\" href=\"https:\/\/www.infomoney.com.br\/politica\/texto-da-constituicao-federal-ganhara-versao-em-lingua-indigena\/\">Texto da Constitui\u00e7\u00e3o Federal ganhar\u00e1 vers\u00e3o em l\u00edngua ind\u00edgena<\/a> appeared first on <a rel=\"nofollow\" href=\"https:\/\/www.infomoney.com.br\/\">InfoMoney<\/a>.<\/p>\n","protected":false},"author":95,"featured_media":0,"comment_status":"closed","ping_status":"closed","sticky":false,"template":"","format":"standard","meta":{"advgb_blocks_editor_width":"","advgb_blocks_columns_visual_guide":"","footnotes":""},"categories":[3313,34,277,3015,47],"tags":[35],"class_list":["post-17451","post","type-post","status-publish","format-standard","hentry","category-constituicao-federal","category-g1","category-indigenas","category-lei","category-politica","tag-g1"],"author_meta":{"display_name":"Dhiego","author_link":"https:\/\/sindaopcpb.org.br\/author\/dhiego\/"},"featured_img":null,"coauthors":[],"tax_additional":{"categories":{"linked":["<a href=\"https:\/\/sindaopcpb.org.br\/constituicao-federal\/\" class=\"advgb-post-tax-term\">Constitui\u00e7\u00e3o Federal<\/a>","<a href=\"https:\/\/sindaopcpb.org.br\/g1\/\" class=\"advgb-post-tax-term\">G1<\/a>","<a href=\"https:\/\/sindaopcpb.org.br\/indigenas\/\" class=\"advgb-post-tax-term\">ind\u00edgenas<\/a>","<a href=\"https:\/\/sindaopcpb.org.br\/lei\/\" class=\"advgb-post-tax-term\">Lei<\/a>","<a href=\"https:\/\/sindaopcpb.org.br\/politica\/\" class=\"advgb-post-tax-term\">POLITICA<\/a>"],"unlinked":["<span class=\"advgb-post-tax-term\">Constitui\u00e7\u00e3o Federal<\/span>","<span class=\"advgb-post-tax-term\">G1<\/span>","<span class=\"advgb-post-tax-term\">ind\u00edgenas<\/span>","<span class=\"advgb-post-tax-term\">Lei<\/span>","<span class=\"advgb-post-tax-term\">POLITICA<\/span>"]},"tags":{"linked":["<a href=\"https:\/\/sindaopcpb.org.br\/politica\/\" class=\"advgb-post-tax-term\">g1<\/a>"],"unlinked":["<span class=\"advgb-post-tax-term\">g1<\/span>"]}},"comment_count":"0","relative_dates":{"created":"Publicado 3 anos atr\u00e1s","modified":"Atualizado 3 anos atr\u00e1s"},"absolute_dates":{"created":"Publicado em 21 de maio de 2023","modified":"Atualizado em 21 de maio de 2023"},"absolute_dates_time":{"created":"Publicado em 21 de maio de 2023 15:15","modified":"Atualizado em 21 de maio de 2023 15:15"},"featured_img_caption":"","series_order":"","_links":{"self":[{"href":"https:\/\/sindaopcpb.org.br\/index.php\/wp-json\/wp\/v2\/posts\/17451","targetHints":{"allow":["GET"]}}],"collection":[{"href":"https:\/\/sindaopcpb.org.br\/index.php\/wp-json\/wp\/v2\/posts"}],"about":[{"href":"https:\/\/sindaopcpb.org.br\/index.php\/wp-json\/wp\/v2\/types\/post"}],"author":[{"embeddable":true,"href":"https:\/\/sindaopcpb.org.br\/index.php\/wp-json\/wp\/v2\/users\/95"}],"replies":[{"embeddable":true,"href":"https:\/\/sindaopcpb.org.br\/index.php\/wp-json\/wp\/v2\/comments?post=17451"}],"version-history":[{"count":1,"href":"https:\/\/sindaopcpb.org.br\/index.php\/wp-json\/wp\/v2\/posts\/17451\/revisions"}],"predecessor-version":[{"id":17452,"href":"https:\/\/sindaopcpb.org.br\/index.php\/wp-json\/wp\/v2\/posts\/17451\/revisions\/17452"}],"wp:attachment":[{"href":"https:\/\/sindaopcpb.org.br\/index.php\/wp-json\/wp\/v2\/media?parent=17451"}],"wp:term":[{"taxonomy":"category","embeddable":true,"href":"https:\/\/sindaopcpb.org.br\/index.php\/wp-json\/wp\/v2\/categories?post=17451"},{"taxonomy":"post_tag","embeddable":true,"href":"https:\/\/sindaopcpb.org.br\/index.php\/wp-json\/wp\/v2\/tags?post=17451"}],"curies":[{"name":"wp","href":"https:\/\/api.w.org\/{rel}","templated":true}]}}