{"id":17429,"date":"2023-05-21T11:32:27","date_gmt":"2023-05-21T14:32:27","guid":{"rendered":"https:\/\/www.infomoney.com.br\/?p=2139652"},"modified":"2023-05-21T11:32:27","modified_gmt":"2023-05-21T14:32:27","slug":"reeditar-a-guerra-fria-seria-uma-insensatez-diz-lula-na-cupula-do-g7","status":"publish","type":"post","link":"https:\/\/sindaopcpb.org.br\/index.php\/2023\/05\/21\/reeditar-a-guerra-fria-seria-uma-insensatez-diz-lula-na-cupula-do-g7\/","title":{"rendered":"\u2018Reeditar a Guerra Fria seria uma insensatez\u2019, diz Lula na c\u00fapula do G7"},"content":{"rendered":"<p><img loading=\"lazy\" width=\"300\" height=\"200\" src=\"https:\/\/www.infomoney.com.br\/wp-content\/uploads\/2023\/05\/52911618353_5fe54df535_k.jpg?fit=300%2C200&amp;quality=70&amp;strip=all\" class=\"attachment-medium size-medium wp-post-image\" alt=\"\" decoding=\"async\" style=\"float:right; margin:0 0 10px 10px;\" srcset=\"https:\/\/www.infomoney.com.br\/wp-content\/uploads\/2023\/05\/52911618353_5fe54df535_k.jpg?w=2048&amp;quality=70&amp;strip=all 2048w, https:\/\/www.infomoney.com.br\/wp-content\/uploads\/2023\/05\/52911618353_5fe54df535_k.jpg?w=300&amp;quality=70&amp;strip=all 300w, https:\/\/www.infomoney.com.br\/wp-content\/uploads\/2023\/05\/52911618353_5fe54df535_k.jpg?w=768&amp;quality=70&amp;strip=all 768w, https:\/\/www.infomoney.com.br\/wp-content\/uploads\/2023\/05\/52911618353_5fe54df535_k.jpg?w=1280&amp;quality=70&amp;strip=all 1280w, https:\/\/www.infomoney.com.br\/wp-content\/uploads\/2023\/05\/52911618353_5fe54df535_k.jpg?w=1536&amp;quality=70&amp;strip=all 1536w, https:\/\/www.infomoney.com.br\/wp-content\/uploads\/2023\/05\/52911618353_5fe54df535_k.jpg?w=150&amp;quality=70&amp;strip=all 150w\" sizes=\"auto, (max-width: 300px) 100vw, 300px\" data-attachment-id=\"2139560\" data-permalink=\"https:\/\/www.infomoney.com.br\/politica\/lula-diz-no-g7-que-mundo-vive-multiplas-crises-critica-blocos-antagonicos-e-pede-reforma-da-onu\/attachment\/52911618353_5fe54df535_k\/\" data-orig-file=\"https:\/\/www.infomoney.com.br\/wp-content\/uploads\/2023\/05\/52911618353_5fe54df535_k.jpg?fit=2048%2C1365&amp;quality=70&amp;strip=all\" data-orig-size=\"2048,1365\" data-comments-opened=\"0\" data-image-meta=\"{&quot;aperture&quot;:&quot;0&quot;,&quot;credit&quot;:&quot;RICARDO STUCKERT&quot;,&quot;camera&quot;:&quot;&quot;,&quot;caption&quot;:&quot;&quot;,&quot;created_timestamp&quot;:&quot;0&quot;,&quot;copyright&quot;:&quot;&quot;,&quot;focal_length&quot;:&quot;0&quot;,&quot;iso&quot;:&quot;0&quot;,&quot;shutter_speed&quot;:&quot;0&quot;,&quot;title&quot;:&quot;&quot;,&quot;orientation&quot;:&quot;0&quot;}\" data-image-title=\"Lula participa de sess\u00e3o de trabalho do G7 no Jap\u00e3o\" data-image-description=\"\" data-image-caption=\"&lt;p&gt;O presidente do Brasil, Luiz In\u00e1cio Lula da Silva (PT), ao lado do presidente dos Estados Unidos, Joe Biden, durante sess\u00e3o de trabalho do G7 no Jap\u00e3o (Foto: Ricardo Stuckert\/Presid\u00eancia da Rep\u00fablica)&lt;\/p&gt;\n\" data-medium-file=\"https:\/\/www.infomoney.com.br\/wp-content\/uploads\/2023\/05\/52911618353_5fe54df535_k.jpg?fit=300%2C200&amp;quality=70&amp;strip=all\" data-large-file=\"https:\/\/www.infomoney.com.br\/wp-content\/uploads\/2023\/05\/52911618353_5fe54df535_k.jpg?fit=1280%2C853&amp;quality=70&amp;strip=all\" title=\"\"><\/p>\n<p>O presidente Luiz In\u00e1cio Lula da Silva (PT) fez, neste domingo (21), um segundo discurso na c\u00fapula do G7, grupo que re\u00fane as sete na\u00e7\u00f5es mais ricas do planeta. Lula aproveitou o espa\u00e7o para enfatizar que a reedi\u00e7\u00e3o &#8220;da Guerra Fria seria uma insensatez.&#8221;<\/p>\n<p>O encontro, realizado em Hiroshima (no Jap\u00e3o), tem sido usado para discutir os desdobramentos do conflito b\u00e9lico <a href=\"https:\/\/www.infomoney.com.br\/politica\/brasil-e-india-querem-buscar-solucao-pacifica-para-a-guerra-na-ucrania\/\" rel=\"noopener nofollow\" target=\"_blank\">entre R\u00fassia e Ucr\u00e2nia<\/a>, que tem dividido as na\u00e7\u00f5es e causado impactos humanit\u00e1rios e econ\u00f4micos em grande escala.<\/p>\n<p>Lula tamb\u00e9m salientou que o Conselho de Seguran\u00e7a da ONU, no momento, n\u00e3o tem sido efetivo na resolu\u00e7\u00e3o das crises internacionais.<\/p>\n<p>&#8220;O Conselho [de Seguran\u00e7a] encontra-se mais paralisado do que nunca. Membros permanentes continuam a longa tradi\u00e7\u00e3o de travar guerras n\u00e3o autorizadas pelo \u00f3rg\u00e3o, seja em busca de expans\u00e3o territorial, seja em busca de mudan\u00e7a de regime&#8221;, disse Lula.<\/p>\n<p>&#8220;Mesmo sem conseguir prevenir ou resolver conflitos atrav\u00e9s do \u00f3rg\u00e3o, alguns pa\u00edses insistem em ampliar a agenda do Conselho cada vez mais, trazendo novos temas que deveriam ser tratados em outros espa\u00e7os do sistema ONU&#8221;, continuou o presidente.<\/p>\n<p>O resultado disso, segundo Lula, \u00e9 que o Conselho de Seguran\u00e7a &#8220;n\u00e3o d\u00e1 conta nem dos problemas antigos, nem dos atuais, muito menos dos futuros&#8221;, afirmou.<\/p>\n<p><strong>Veja, a seguir, a \u00edntegra do discurso de Lula:<\/strong><\/p>\n<p><em>&#8220;Hiroshima \u00e9 o cen\u00e1rio prop\u00edcio para uma reflex\u00e3o sobre as catastr\u00f3ficas consequ\u00eancias de todos os tipos de conflito. Essa reflex\u00e3o \u00e9 urgente e necess\u00e1ria. Hoje, o risco de uma guerra nuclear est\u00e1 no n\u00edvel mais alto desde o auge da Guerra Fria.<\/em><\/p>\n<p><em>Em 1945, a ONU foi fundada para evitar uma nova Guerra Mundial. Mas os mecanismos multilaterais de preven\u00e7\u00e3o e resolu\u00e7\u00e3o de conflitos j\u00e1 n\u00e3o funcionam.<\/em><\/p>\n<p><em>O mundo j\u00e1 n\u00e3o \u00e9 o mesmo. Guerras nos moldes tradicionais continuam eclodindo, e vemos retrocessos preocupantes no regime de n\u00e3o-prolifera\u00e7\u00e3o nuclear, que necessariamente ter\u00e1 que incluir a dimens\u00e3o do desarmamento.<\/em><\/p>\n<p><em>As armas nucleares n\u00e3o s\u00e3o fonte de seguran\u00e7a, mas instrumento de exterm\u00ednio em massa que nega nossa humanidade e amea\u00e7a a continuidade da vida na Terra.<\/em><\/p>\n<p><em>Enquanto existirem armas nucleares, sempre haver\u00e1 a possibilidade de seu uso.<\/em><\/p>\n<p><em>Foi por essa raz\u00e3o que o Brasil se engajou ativamente nas negocia\u00e7\u00f5es do Tratado para a Proibi\u00e7\u00e3o de Armas Nucleares, que esperamos poder ratificar em breve.<\/em><\/p>\n<p><em>Em linha com a Carta das Na\u00e7\u00f5es Unidas, repudiamos veementemente o uso da for\u00e7a como meio de resolver disputas. Condenamos a viola\u00e7\u00e3o da integridade territorial da Ucr\u00e2nia.<\/em><\/p>\n<p><em>Ao mesmo tempo, a cada dia em que os combates prosseguem, aumentam o sofrimento humano, a perda de vidas e a destrui\u00e7\u00e3o de lares.<\/em><\/p>\n<p><em>Tenho repetido quase \u00e0 exaust\u00e3o que \u00e9 preciso falar da paz. Nenhuma solu\u00e7\u00e3o ser\u00e1 duradoura se n\u00e3o for baseada no di\u00e1logo. Precisamos trabalhar para criar o espa\u00e7o para negocia\u00e7\u00f5es.<\/em><\/p>\n<p><em>Tamb\u00e9m n\u00e3o podemos perder de vista que os desafios \u00e0 paz e \u00e0 seguran\u00e7a que atualmente afligem o mundo v\u00e3o muito al\u00e9m da Europa.<\/em><\/p>\n<p><em>Israelenses e palestinos, arm\u00eanios e az\u00e9ris, cossovares e s\u00e9rvios precisam de paz. Yemenitas, s\u00edrios, l\u00edbios e sudaneses, todos merecem viver em paz. Esses conflitos deveriam receber o mesmo grau de mobiliza\u00e7\u00e3o internacional.<\/em><\/p>\n<p><em>No Haiti, precisamos agir com rapidez para aliviar o sofrimento de uma popula\u00e7\u00e3o dilacerada pela trag\u00e9dia. O flagelo a que est\u00e1 submetido o povo haitiano \u00e9 consequ\u00eancia de d\u00e9cadas de indiferen\u00e7a quanto \u00e0s reais necessidades do pa\u00eds. H\u00e1 anos o Brasil vem dizendo que o problema do Haiti n\u00e3o \u00e9 s\u00f3 de seguran\u00e7a, mas, sobretudo, de desenvolvimento.<\/em><\/p>\n<p><em>O hiato entre esses desafios e a governan\u00e7a global que temos continua crescendo. A falta de reforma do Conselho de Seguran\u00e7a \u00e9 o componente incontorn\u00e1vel do problema.<\/em><\/p>\n<p><em>O Conselho encontra-se mais paralisado do que nunca. Membros permanentes continuam a longa tradi\u00e7\u00e3o de travar guerras n\u00e3o autorizadas pelo \u00f3rg\u00e3o, seja em busca de expans\u00e3o territorial, seja em busca de mudan\u00e7a de regime.<\/em><\/p>\n<p><em>Mesmo sem conseguir prevenir ou resolver conflitos atrav\u00e9s do \u00f3rg\u00e3o, alguns pa\u00edses insistem em ampliar a agenda do Conselho cada vez mais, trazendo novos temas que deveriam ser tratados em outros espa\u00e7os do sistema ONU.<\/em><\/p>\n<p><em>O resultado \u00e9 que hoje temos um Conselho que n\u00e3o d\u00e1 conta nem dos problemas antigos, nem dos atuais, muito menos dos futuros.<\/em><\/p>\n<p><em>O Brasil vive em paz com seus vizinhos h\u00e1 mais de 150 anos. Fizemos da Am\u00e9rica Latina uma regi\u00e3o sem armas nucleares. Tamb\u00e9m nos orgulhamos de ter constru\u00eddo, junto com vizinhos africanos, uma zona de paz e n\u00e3o prolifera\u00e7\u00e3o nuclear no Atl\u00e2ntico Sul.<\/em><\/p>\n<p><em>Testemunhamos a emerg\u00eancia de uma ordem multipolar que, se for bem recebida e cultivada, pode beneficiar a todos. A multipolaridade que o Brasil almeja \u00e9 baseada na primazia do direito internacional e na promo\u00e7\u00e3o do multilateralismo.<\/em><\/p>\n<p><em>Reeditar a Guerra Fria seria uma insensatez. Dividir o mundo entre Leste e Oeste ou Norte e Sul seria t\u00e3o anacr\u00f4nico quanto in\u00f3cuo.<\/em><\/p>\n<p><em>\u00c9 preciso romper com a l\u00f3gica de alian\u00e7as excludentes e de falsos conflitos entre civiliza\u00e7\u00f5es. \u00c9 inadi\u00e1vel refor\u00e7ar a ideia de que a coopera\u00e7\u00e3o, que respeite as diferen\u00e7as, \u00e9 o caminho correto a seguir.&#8221;<\/em><\/p>\n<p>The post <a rel=\"nofollow noopener\" href=\"https:\/\/www.infomoney.com.br\/politica\/reeditar-a-guerra-fria-seria-uma-insensatez-diz-lula-na-cupula-do-g7\/\" target=\"_blank\">&#8216;Reeditar a Guerra Fria seria uma insensatez&#8217;, diz Lula na c\u00fapula do G7<\/a> appeared first on <a rel=\"nofollow noopener\" href=\"https:\/\/www.infomoney.com.br\/\" target=\"_blank\">InfoMoney<\/a>.<\/p>\n","protected":false},"excerpt":{"rendered":"<p><img loading=\"lazy\" decoding=\"async\" width=\"300\" height=\"200\" src=\"https:\/\/www.infomoney.com.br\/wp-content\/uploads\/2023\/05\/52911618353_5fe54df535_k.jpg?fit=300%2C200&amp;quality=70&amp;strip=all\" class=\"attachment-medium size-medium wp-post-image\" alt=\"\" data-attachment-id=\"2139560\" data-permalink=\"https:\/\/www.infomoney.com.br\/politica\/lula-diz-no-g7-que-mundo-vive-multiplas-crises-critica-blocos-antagonicos-e-pede-reforma-da-onu\/attachment\/52911618353_5fe54df535_k\/\" data-orig-file=\"https:\/\/www.infomoney.com.br\/wp-content\/uploads\/2023\/05\/52911618353_5fe54df535_k.jpg?fit=2048%2C1365&amp;quality=70&amp;strip=all\" data-orig-size=\"2048,1365\" data-comments-opened=\"0\" data-image-meta='{\"aperture\":\"0\",\"credit\":\"RICARDO STUCKERT\",\"camera\":\"\",\"caption\":\"\",\"created_timestamp\":\"0\",\"copyright\":\"\",\"focal_length\":\"0\",\"iso\":\"0\",\"shutter_speed\":\"0\",\"title\":\"\",\"orientation\":\"0\"}' data-image-title=\"Lula participa de sess\u00e3o de trabalho do G7 no Jap\u00e3o\" data-image-description=\"\" data-image-caption=\"&lt;p&gt;O presidente do Brasil, Luiz In\u00e1cio Lula da Silva (PT), ao lado do presidente dos Estados Unidos, Joe Biden, durante sess\u00e3o de trabalho do G7 no Jap\u00e3o (Foto: Ricardo Stuckert\/Presid\u00eancia da Rep\u00fablica)&lt;\/p&gt;\n\" data-medium-file=\"https:\/\/www.infomoney.com.br\/wp-content\/uploads\/2023\/05\/52911618353_5fe54df535_k.jpg?fit=300%2C200&amp;quality=70&amp;strip=all\" data-large-file=\"https:\/\/www.infomoney.com.br\/wp-content\/uploads\/2023\/05\/52911618353_5fe54df535_k.jpg?fit=1280%2C853&amp;quality=70&amp;strip=all\">Leia a \u00edntegra do segundo discurso de Lula no evento que re\u00fane as na\u00e7\u00f5es mais poderosas do planeta, realizado em Hiroshima, no Jap\u00e3o<\/p>\n<p>The post <a rel=\"nofollow\" href=\"https:\/\/www.infomoney.com.br\/politica\/reeditar-a-guerra-fria-seria-uma-insensatez-diz-lula-na-cupula-do-g7\/\">\u2018Reeditar a Guerra Fria seria uma insensatez\u2019, diz Lula na c\u00fapula do G7<\/a> appeared first on <a rel=\"nofollow\" href=\"https:\/\/www.infomoney.com.br\/\">InfoMoney<\/a>.<\/p>\n","protected":false},"author":45,"featured_media":0,"comment_status":"closed","ping_status":"closed","sticky":false,"template":"","format":"standard","meta":{"advgb_blocks_editor_width":"","advgb_blocks_columns_visual_guide":"","footnotes":""},"categories":[34,47],"tags":[35],"class_list":["post-17429","post","type-post","status-publish","format-standard","hentry","category-g1","category-politica","tag-g1"],"author_meta":{"display_name":"Equipe InfoMoney","author_link":"https:\/\/sindaopcpb.org.br\/author\/equipe-infomoney\/"},"featured_img":null,"coauthors":[],"tax_additional":{"categories":{"linked":["<a href=\"https:\/\/sindaopcpb.org.br\/g1\/\" class=\"advgb-post-tax-term\">G1<\/a>","<a href=\"https:\/\/sindaopcpb.org.br\/politica\/\" class=\"advgb-post-tax-term\">POLITICA<\/a>"],"unlinked":["<span class=\"advgb-post-tax-term\">G1<\/span>","<span class=\"advgb-post-tax-term\">POLITICA<\/span>"]},"tags":{"linked":["<a href=\"https:\/\/sindaopcpb.org.br\/politica\/\" class=\"advgb-post-tax-term\">g1<\/a>"],"unlinked":["<span class=\"advgb-post-tax-term\">g1<\/span>"]}},"comment_count":"0","relative_dates":{"created":"Publicado 3 anos atr\u00e1s","modified":"Atualizado 3 anos atr\u00e1s"},"absolute_dates":{"created":"Publicado em 21 de maio de 2023","modified":"Atualizado em 21 de maio de 2023"},"absolute_dates_time":{"created":"Publicado em 21 de maio de 2023 11:32","modified":"Atualizado em 21 de maio de 2023 11:32"},"featured_img_caption":"","series_order":"","_links":{"self":[{"href":"https:\/\/sindaopcpb.org.br\/index.php\/wp-json\/wp\/v2\/posts\/17429","targetHints":{"allow":["GET"]}}],"collection":[{"href":"https:\/\/sindaopcpb.org.br\/index.php\/wp-json\/wp\/v2\/posts"}],"about":[{"href":"https:\/\/sindaopcpb.org.br\/index.php\/wp-json\/wp\/v2\/types\/post"}],"author":[{"embeddable":true,"href":"https:\/\/sindaopcpb.org.br\/index.php\/wp-json\/wp\/v2\/users\/45"}],"replies":[{"embeddable":true,"href":"https:\/\/sindaopcpb.org.br\/index.php\/wp-json\/wp\/v2\/comments?post=17429"}],"version-history":[{"count":1,"href":"https:\/\/sindaopcpb.org.br\/index.php\/wp-json\/wp\/v2\/posts\/17429\/revisions"}],"predecessor-version":[{"id":17430,"href":"https:\/\/sindaopcpb.org.br\/index.php\/wp-json\/wp\/v2\/posts\/17429\/revisions\/17430"}],"wp:attachment":[{"href":"https:\/\/sindaopcpb.org.br\/index.php\/wp-json\/wp\/v2\/media?parent=17429"}],"wp:term":[{"taxonomy":"category","embeddable":true,"href":"https:\/\/sindaopcpb.org.br\/index.php\/wp-json\/wp\/v2\/categories?post=17429"},{"taxonomy":"post_tag","embeddable":true,"href":"https:\/\/sindaopcpb.org.br\/index.php\/wp-json\/wp\/v2\/tags?post=17429"}],"curies":[{"name":"wp","href":"https:\/\/api.w.org\/{rel}","templated":true}]}}