{"id":17405,"date":"2023-05-20T19:17:00","date_gmt":"2023-05-20T22:17:00","guid":{"rendered":"https:\/\/g1.globo.com\/pb\/paraiba\/noticia\/2023\/05\/20\/joao-pessoa-promove-vacinacao-itinerante-contra-influenza-para-criancas-em-8-comunidades.ghtml"},"modified":"2023-05-20T19:17:00","modified_gmt":"2023-05-20T22:17:00","slug":"joao-pessoa-promove-vacinacao-itinerante-contra-influenza-para-criancas-em-8-comunidades","status":"publish","type":"post","link":"https:\/\/sindaopcpb.org.br\/index.php\/2023\/05\/20\/joao-pessoa-promove-vacinacao-itinerante-contra-influenza-para-criancas-em-8-comunidades\/","title":{"rendered":"Jo\u00e3o Pessoa promove vacina\u00e7\u00e3o itinerante contra Influenza para crian\u00e7as em 8 comunidades"},"content":{"rendered":"   <img src=\"https:\/\/s2.glbimg.com\/gj4GfQtqYTznaiH9yxmP2ilfxXM=\/i.s3.glbimg.com\/v1\/AUTH_59edd422c0c84a879bd37670ae4f538a\/internal_photos\/bs\/2022\/z\/G\/gggwboSzSWbJ4StLuSnw\/vacinacao-contra-covid-19-em-criancas.jpg\" \/><br \/>     A\u00e7\u00e3o ocorre de segunda-feira (22) a quinta-feira (25), vacinando nos turnos da manh\u00e3 e da tarde. Vacina\u00e7\u00e3o de crian\u00e7as em Jo\u00e3o Pessoa\nFoto: Dayse Euz\u00e9bio\nO munic\u00edpio de Jo\u00e3o Pessoa ir\u00e1 promover vacina\u00e7\u00e3o itinerante contra a Influenza para o p\u00fablico infantil. A a\u00e7\u00e3o conta com vans que ir\u00e3o visitar 8 comunidades da capital de segunda-feira (22) \u00e0 quinta-feira (25).\nO objetivo \u00e9 aumentar os \u00edndices de imuniza\u00e7\u00e3o das crian\u00e7as e evitar o aumento dos casos de s\u00edndromes gripais no munic\u00edpio.\nTodos os dias, cada van itinerante ir\u00e1 com uma equipe de sa\u00fade da fam\u00edlia visitar um local diferente, aplicando a vacina nos turnos da manh\u00e3 e da tarde, nos hor\u00e1rios das 9h \u00e0s 11h30 e das 13h \u00e0s 16h.\nPrograma\u00e7\u00e3o da vacina\u00e7\u00e3o itinerante:\nHor\u00e1rio: 9h \u00e0s 11h30 e 13h \u00e0s 16h\nSegunda-feira (22)\nResidencial Vieira Diniz\nComunidade S\u00e3o Rafael\nTer\u00e7a-feira (23)\nTimb\u00f3\nNovo S\u00e3o Jos\u00e9\nQuarta-feira (24)\nResidencial Anayde Beiriz\nJardim Veneza\nQuinta-feira (25)\nResidencial Manac\u00e1\nResidencial Vista Alegre II\nV\u00eddeos mais assistidos do g1 Para\u00edba  ","protected":false},"excerpt":{"rendered":"<p>        A\u00e7\u00e3o ocorre de segunda-feira (22) a quinta-feira (25), vacinando nos turnos da manh\u00e3 e da tarde. Vacina\u00e7\u00e3o de crian\u00e7as em Jo\u00e3o Pessoa<br \/>\nFoto: Dayse Euz\u00e9bio<br \/>\nO munic\u00edpio de Jo\u00e3o Pessoa ir\u00e1 promover vacina\u00e7\u00e3o itinerante contra a Influenza para o p\u00fab&#8230;<\/p>\n","protected":false},"author":2,"featured_media":0,"comment_status":"closed","ping_status":"closed","sticky":false,"template":"","format":"standard","meta":{"advgb_blocks_editor_width":"","advgb_blocks_columns_visual_guide":"","footnotes":""},"categories":[34],"tags":[35],"class_list":["post-17405","post","type-post","status-publish","format-standard","hentry","category-g1","tag-g1"],"author_meta":{"display_name":"g1 &gt; Para\u00edba","author_link":"https:\/\/sindaopcpb.org.br\/author\/g1-paraiba\/"},"featured_img":null,"coauthors":[],"tax_additional":{"categories":{"linked":["<a href=\"https:\/\/sindaopcpb.org.br\/g1\/\" class=\"advgb-post-tax-term\">G1<\/a>"],"unlinked":["<span class=\"advgb-post-tax-term\">G1<\/span>"]},"tags":{"linked":["<a href=\"https:\/\/sindaopcpb.org.br\/g1\/\" class=\"advgb-post-tax-term\">g1<\/a>"],"unlinked":["<span class=\"advgb-post-tax-term\">g1<\/span>"]}},"comment_count":"0","relative_dates":{"created":"Publicado 3 anos atr\u00e1s","modified":"Atualizado 3 anos atr\u00e1s"},"absolute_dates":{"created":"Publicado em 20 de maio de 2023","modified":"Atualizado em 20 de maio de 2023"},"absolute_dates_time":{"created":"Publicado em 20 de maio de 2023 19:17","modified":"Atualizado em 20 de maio de 2023 19:17"},"featured_img_caption":"","series_order":"","_links":{"self":[{"href":"https:\/\/sindaopcpb.org.br\/index.php\/wp-json\/wp\/v2\/posts\/17405","targetHints":{"allow":["GET"]}}],"collection":[{"href":"https:\/\/sindaopcpb.org.br\/index.php\/wp-json\/wp\/v2\/posts"}],"about":[{"href":"https:\/\/sindaopcpb.org.br\/index.php\/wp-json\/wp\/v2\/types\/post"}],"author":[{"embeddable":true,"href":"https:\/\/sindaopcpb.org.br\/index.php\/wp-json\/wp\/v2\/users\/2"}],"replies":[{"embeddable":true,"href":"https:\/\/sindaopcpb.org.br\/index.php\/wp-json\/wp\/v2\/comments?post=17405"}],"version-history":[{"count":1,"href":"https:\/\/sindaopcpb.org.br\/index.php\/wp-json\/wp\/v2\/posts\/17405\/revisions"}],"predecessor-version":[{"id":17406,"href":"https:\/\/sindaopcpb.org.br\/index.php\/wp-json\/wp\/v2\/posts\/17405\/revisions\/17406"}],"wp:attachment":[{"href":"https:\/\/sindaopcpb.org.br\/index.php\/wp-json\/wp\/v2\/media?parent=17405"}],"wp:term":[{"taxonomy":"category","embeddable":true,"href":"https:\/\/sindaopcpb.org.br\/index.php\/wp-json\/wp\/v2\/categories?post=17405"},{"taxonomy":"post_tag","embeddable":true,"href":"https:\/\/sindaopcpb.org.br\/index.php\/wp-json\/wp\/v2\/tags?post=17405"}],"curies":[{"name":"wp","href":"https:\/\/api.w.org\/{rel}","templated":true}]}}