{"id":17315,"date":"2023-05-20T11:42:18","date_gmt":"2023-05-20T14:42:18","guid":{"rendered":"https:\/\/www.infomoney.com.br\/?p=2139545"},"modified":"2023-05-20T11:42:18","modified_gmt":"2023-05-20T14:42:18","slug":"lula-diz-no-g7-que-mundo-vive-multiplas-crises-com-blocos-antagonicos-e-pede-reforma-da-onu","status":"publish","type":"post","link":"https:\/\/sindaopcpb.org.br\/index.php\/2023\/05\/20\/lula-diz-no-g7-que-mundo-vive-multiplas-crises-com-blocos-antagonicos-e-pede-reforma-da-onu\/","title":{"rendered":"Lula diz no G7 que mundo vive \u2018m\u00faltiplas crises\u2019, com \u2018blocos antag\u00f4nicos\u2019, e pede reforma da ONU"},"content":{"rendered":"<p><img loading=\"lazy\" width=\"300\" height=\"200\" src=\"https:\/\/www.infomoney.com.br\/wp-content\/uploads\/2023\/05\/lula-japao-g7-2.jpeg?fit=300%2C200&amp;quality=70&amp;strip=all\" class=\"attachment-medium size-medium wp-post-image\" alt=\"\" decoding=\"async\" style=\"float:right; margin:0 0 10px 10px;\" srcset=\"https:\/\/www.infomoney.com.br\/wp-content\/uploads\/2023\/05\/lula-japao-g7-2.jpeg?w=768&amp;quality=70&amp;strip=all 768w, https:\/\/www.infomoney.com.br\/wp-content\/uploads\/2023\/05\/lula-japao-g7-2.jpeg?w=300&amp;quality=70&amp;strip=all 300w, https:\/\/www.infomoney.com.br\/wp-content\/uploads\/2023\/05\/lula-japao-g7-2.jpeg?w=150&amp;quality=70&amp;strip=all 150w\" sizes=\"auto, (max-width: 300px) 100vw, 300px\" data-attachment-id=\"2139549\" data-permalink=\"https:\/\/www.infomoney.com.br\/politica\/lula-diz-no-g7-que-mundo-vive-multiplas-crises-critica-blocos-antagonicos-e-pede-reforma-da-onu\/attachment\/lula-japao-g7-2\/\" data-orig-file=\"https:\/\/www.infomoney.com.br\/wp-content\/uploads\/2023\/05\/lula-japao-g7-2.jpeg?fit=768%2C511&amp;quality=70&amp;strip=all\" data-orig-size=\"768,511\" data-comments-opened=\"0\" data-image-meta=\"{&quot;aperture&quot;:&quot;0&quot;,&quot;credit&quot;:&quot;&quot;,&quot;camera&quot;:&quot;&quot;,&quot;caption&quot;:&quot;&quot;,&quot;created_timestamp&quot;:&quot;0&quot;,&quot;copyright&quot;:&quot;&quot;,&quot;focal_length&quot;:&quot;0&quot;,&quot;iso&quot;:&quot;0&quot;,&quot;shutter_speed&quot;:&quot;0&quot;,&quot;title&quot;:&quot;&quot;,&quot;orientation&quot;:&quot;0&quot;}\" data-image-title=\"Lula participa de sess\u00e3o de trabalho do G7 no Jap\u00e3o\" data-image-description=\"\" data-image-caption=\"&lt;p&gt;O presidente do Brasil, Luiz In\u00e1cio Lula da Silva (PT), ao lado do presidente dos Estados Unidos, Joe Biden, durante sess\u00e3o de trabalho do G7 no Jap\u00e3o (Foto: Ricardo Stuckert\/Presid\u00eancia da Rep\u00fablica)&lt;\/p&gt;\n\" data-medium-file=\"https:\/\/www.infomoney.com.br\/wp-content\/uploads\/2023\/05\/lula-japao-g7-2.jpeg?fit=300%2C200&amp;quality=70&amp;strip=all\" data-large-file=\"https:\/\/www.infomoney.com.br\/wp-content\/uploads\/2023\/05\/lula-japao-g7-2.jpeg?fit=768%2C511&amp;quality=70&amp;strip=all\" title=\"\"><\/p>\n<p>O presidente Luiz In\u00e1cio Lula da Silva (PT) afirmou durante encontro do G7 que o mundo vive atualmente &#8220;m\u00faltiplas crises&#8221;, criticou &#8220;a forma\u00e7\u00e3o de blocos antag\u00f4nicos&#8221; e afirmou que a solu\u00e7\u00e3o \u00e9 a reforma da ONU, principalmente de seu Conselho de Seguran\u00e7a.<\/p>\n<p>O discurso foi feito durante sess\u00e3o de trabalho do G7 (grupo que re\u00fane 7 dos 8 pa\u00edses mais industrializados do mundo). Formado por Alemanha, Canad\u00e1, Estados Unidos, Fran\u00e7a, It\u00e1lia, Jap\u00e3o e Reino Unido, o G7 n\u00e3o tem a participa\u00e7\u00e3o da China.<\/p>\n<p>Lula afirmou que &#8220;o mundo hoje vive a sobreposi\u00e7\u00e3o de m\u00faltiplas crises&#8221;, como a pandemia da Covid-19, as mudan\u00e7as clim\u00e1ticas, tens\u00f5es geopol\u00edticas, a guerra entre R\u00fassia e Ucr\u00e2nia, press\u00f5es sobre a seguran\u00e7a alimentar e energ\u00e9tica em diversos pa\u00edses e amea\u00e7as \u00e0 democracia.<\/p>\n<p>&#8220;Para enfrentar essas amea\u00e7as \u00e9 preciso que haja mudan\u00e7a de mentalidade. \u00c9 preciso derrubar mitos e abandonar paradigmas que ru\u00edram&#8221;, afirmou o presidente brasileiro. &#8220;A solu\u00e7\u00e3o n\u00e3o est\u00e1 na forma\u00e7\u00e3o de blocos antag\u00f4nicos ou respostas que contemplem apenas um n\u00famero pequeno de pa\u00edses&#8221;.<\/p>\n<blockquote>\n<p>&#8220;Sem reforma de seu Conselho de Seguran\u00e7a, com a inclus\u00e3o de novos membros permanentes, a ONU n\u00e3o vai recuperar a efic\u00e1cia, autoridade pol\u00edtica e moral para lidar com os conflitos e dilemas do s\u00e9culo XXI&#8221;, afirmou Lula em seu discurso.<\/p>\n<\/blockquote>\n<p>O presidente brasileiro se sentou ao lado do presidente dos Estados Unidos, Joe Biden, durante a sess\u00e3o, e disse que &#8220;um mundo mais democr\u00e1tico na tomada de decis\u00f5es que afetam a todos \u00e9 a melhor garantia de paz, de desenvolvimento sustent\u00e1vel, de direitos dos mais vulner\u00e1veis e de prote\u00e7\u00e3o do planeta&#8221;.<\/p>\n<p>&#8220;Isso ser\u00e1 particularmente importante neste contexto de transi\u00e7\u00e3o para uma ordem multipolar, que exigir\u00e1 mudan\u00e7as profundas nas institui\u00e7\u00f5es. Nossas decis\u00f5es s\u00f3 ter\u00e3o legitimidade e efic\u00e1cia se tomadas e implementadas democraticamente&#8221;, defendeu Lula.<\/p>\n<figure id=\"attachment_2139560\" aria-describedby=\"caption-attachment-2139560\" style=\"width: 2048px\" class=\"wp-caption alignnone\"><img loading=\"lazy\" data-attachment-id=\"2139560\" data-permalink=\"https:\/\/www.infomoney.com.br\/politica\/lula-diz-no-g7-que-mundo-vive-multiplas-crises-critica-blocos-antagonicos-e-pede-reforma-da-onu\/attachment\/52911618353_5fe54df535_k\/\" data-orig-file=\"https:\/\/www.infomoney.com.br\/wp-content\/uploads\/2023\/05\/52911618353_5fe54df535_k.jpg?resize=2048%2C1365&#038;quality=70&#038;strip=all?fit=2048%2C1365&amp;quality=70&amp;strip=all\" data-orig-size=\"2048,1365\" data-comments-opened=\"0\" data-image-meta=\"{&quot;aperture&quot;:&quot;0&quot;,&quot;credit&quot;:&quot;RICARDO STUCKERT&quot;,&quot;camera&quot;:&quot;&quot;,&quot;caption&quot;:&quot;&quot;,&quot;created_timestamp&quot;:&quot;0&quot;,&quot;copyright&quot;:&quot;&quot;,&quot;focal_length&quot;:&quot;0&quot;,&quot;iso&quot;:&quot;0&quot;,&quot;shutter_speed&quot;:&quot;0&quot;,&quot;title&quot;:&quot;&quot;,&quot;orientation&quot;:&quot;0&quot;}\" data-image-title=\"Lula participa de sess\u00e3o de trabalho do G7 no Jap\u00e3o\" data-image-description=\"\" data-image-caption=\"&lt;p&gt;O presidente do Brasil, Luiz In\u00e1cio Lula da Silva (PT), ao lado do presidente dos Estados Unidos, Joe Biden, durante sess\u00e3o de trabalho do G7 no Jap\u00e3o (Foto: Ricardo Stuckert\/Presid\u00eancia da Rep\u00fablica)&lt;\/p&gt;\" data-medium-file=\"https:\/\/www.infomoney.com.br\/wp-content\/uploads\/2023\/05\/52911618353_5fe54df535_k.jpg?resize=2048%2C1365&#038;quality=70&#038;strip=all?fit=300%2C200&amp;quality=70&amp;strip=all\" data-large-file=\"https:\/\/www.infomoney.com.br\/wp-content\/uploads\/2023\/05\/52911618353_5fe54df535_k.jpg?resize=2048%2C1365&#038;quality=70&#038;strip=all?fit=1280%2C853&amp;quality=70&amp;strip=all\" decoding=\"async\" class=\"img-fluid wp-image-2139560 size-full\" src=\"https:\/\/www.infomoney.com.br\/wp-content\/uploads\/2023\/05\/52911618353_5fe54df535_k.jpg?resize=2048%2C1365&#038;quality=70&#038;%23038;strip=all\" alt=\"\" width=\"2048\" height=\"1365\" srcset=\"https:\/\/www.infomoney.com.br\/wp-content\/uploads\/2023\/05\/52911618353_5fe54df535_k.jpg?resize=2048%2C1365&#038;quality=70&#038;strip=all?w=2048&amp;quality=70&amp;strip=all 2048w, https:\/\/www.infomoney.com.br\/wp-content\/uploads\/2023\/05\/52911618353_5fe54df535_k.jpg?resize=2048%2C1365&#038;quality=70&#038;strip=all?w=300&amp;quality=70&amp;strip=all 300w, https:\/\/www.infomoney.com.br\/wp-content\/uploads\/2023\/05\/52911618353_5fe54df535_k.jpg?resize=2048%2C1365&#038;quality=70&#038;strip=all?w=768&amp;quality=70&amp;strip=all 768w, https:\/\/www.infomoney.com.br\/wp-content\/uploads\/2023\/05\/52911618353_5fe54df535_k.jpg?resize=2048%2C1365&#038;quality=70&#038;strip=all?w=1280&amp;quality=70&amp;strip=all 1280w, https:\/\/www.infomoney.com.br\/wp-content\/uploads\/2023\/05\/52911618353_5fe54df535_k.jpg?resize=2048%2C1365&#038;quality=70&#038;strip=all?w=1536&amp;quality=70&amp;strip=all 1536w, https:\/\/www.infomoney.com.br\/wp-content\/uploads\/2023\/05\/52911618353_5fe54df535_k.jpg?resize=2048%2C1365&#038;quality=70&#038;strip=all?w=150&amp;quality=70&amp;strip=all 150w\" sizes=\"auto, (max-width: 1000px) 100vw, 1000px\" data-recalc-dims=\"1\" title=\"\"><figcaption id=\"caption-attachment-2139560\" class=\"wp-caption-text\">O presidente do Brasil, Luiz In\u00e1cio Lula da Silva (PT), ao lado do presidente dos Estados Unidos, Joe Biden, durante sess\u00e3o de trabalho do G7 no Jap\u00e3o (Foto: Ricardo Stuckert\/Presid\u00eancia da Rep\u00fablica)<\/figcaption><\/figure>\n<p>The post <a rel=\"nofollow noopener\" href=\"https:\/\/www.infomoney.com.br\/politica\/lula-diz-no-g7-que-mundo-vive-multiplas-crises-critica-blocos-antagonicos-e-pede-reforma-da-onu\/\" target=\"_blank\">Lula diz no G7 que mundo vive &#8216;m\u00faltiplas crises&#8217;, com &#8216;blocos antag\u00f4nicos&#8217;, e pede reforma da ONU<\/a> appeared first on <a rel=\"nofollow noopener\" href=\"https:\/\/www.infomoney.com.br\/\" target=\"_blank\">InfoMoney<\/a>.<\/p>\n","protected":false},"excerpt":{"rendered":"<p><img loading=\"lazy\" decoding=\"async\" width=\"300\" height=\"200\" src=\"https:\/\/www.infomoney.com.br\/wp-content\/uploads\/2023\/05\/lula-japao-g7-2.jpeg?fit=300%2C200&amp;quality=70&amp;strip=all\" class=\"attachment-medium size-medium wp-post-image\" alt=\"\" data-attachment-id=\"2139549\" data-permalink=\"https:\/\/www.infomoney.com.br\/politica\/lula-diz-no-g7-que-mundo-vive-multiplas-crises-critica-blocos-antagonicos-e-pede-reforma-da-onu\/attachment\/lula-japao-g7-2\/\" data-orig-file=\"https:\/\/www.infomoney.com.br\/wp-content\/uploads\/2023\/05\/lula-japao-g7-2.jpeg?fit=768%2C511&amp;quality=70&amp;strip=all\" data-orig-size=\"768,511\" data-comments-opened=\"0\" data-image-meta='{\"aperture\":\"0\",\"credit\":\"\",\"camera\":\"\",\"caption\":\"\",\"created_timestamp\":\"0\",\"copyright\":\"\",\"focal_length\":\"0\",\"iso\":\"0\",\"shutter_speed\":\"0\",\"title\":\"\",\"orientation\":\"0\"}' data-image-title=\"Lula participa de sess\u00e3o de trabalho do G7 no Jap\u00e3o\" data-image-description=\"\" data-image-caption=\"&lt;p&gt;O presidente do Brasil, Luiz In\u00e1cio Lula da Silva (PT), ao lado do presidente dos Estados Unidos, Joe Biden, durante sess\u00e3o de trabalho do G7 no Jap\u00e3o (Foto: Ricardo Stuckert\/Presid\u00eancia da Rep\u00fablica)&lt;\/p&gt;\n\" data-medium-file=\"https:\/\/www.infomoney.com.br\/wp-content\/uploads\/2023\/05\/lula-japao-g7-2.jpeg?fit=300%2C200&amp;quality=70&amp;strip=all\" data-large-file=\"https:\/\/www.infomoney.com.br\/wp-content\/uploads\/2023\/05\/lula-japao-g7-2.jpeg?fit=768%2C511&amp;quality=70&amp;strip=all\">Presidente brasileiro se sentou ao lado de Biden e afirmou que solu\u00e7\u00e3o n\u00e3o est\u00e1 em &#8216;respostas que contemplem apenas um n\u00famero pequeno de pa\u00edses&#8217;<\/p>\n<p>The post <a rel=\"nofollow\" href=\"https:\/\/www.infomoney.com.br\/politica\/lula-diz-no-g7-que-mundo-vive-multiplas-crises-critica-blocos-antagonicos-e-pede-reforma-da-onu\/\">Lula diz no G7 que mundo vive \u2018m\u00faltiplas crises\u2019, com \u2018blocos antag\u00f4nicos\u2019, e pede reforma da ONU<\/a> appeared first on <a rel=\"nofollow\" href=\"https:\/\/www.infomoney.com.br\/\">InfoMoney<\/a>.<\/p>\n","protected":false},"author":53,"featured_media":0,"comment_status":"closed","ping_status":"closed","sticky":false,"template":"","format":"standard","meta":{"advgb_blocks_editor_width":"","advgb_blocks_columns_visual_guide":"","footnotes":""},"categories":[115,34,2475,2476,110,47],"tags":[35],"class_list":["post-17315","post","type-post","status-publish","format-standard","hentry","category-brasil","category-g1","category-g7","category-japao","category-lula","category-politica","tag-g1"],"author_meta":{"display_name":"Lucas Sampaio","author_link":"https:\/\/sindaopcpb.org.br\/author\/lucas-sampaio\/"},"featured_img":null,"coauthors":[],"tax_additional":{"categories":{"linked":["<a href=\"https:\/\/sindaopcpb.org.br\/brasil\/\" class=\"advgb-post-tax-term\">Brasil<\/a>","<a href=\"https:\/\/sindaopcpb.org.br\/g1\/\" class=\"advgb-post-tax-term\">G1<\/a>","<a href=\"https:\/\/sindaopcpb.org.br\/g7\/\" class=\"advgb-post-tax-term\">g7<\/a>","<a href=\"https:\/\/sindaopcpb.org.br\/japao\/\" class=\"advgb-post-tax-term\">Jap\u00e3o<\/a>","<a href=\"https:\/\/sindaopcpb.org.br\/lula\/\" class=\"advgb-post-tax-term\">Lula<\/a>","<a href=\"https:\/\/sindaopcpb.org.br\/politica\/\" class=\"advgb-post-tax-term\">POLITICA<\/a>"],"unlinked":["<span class=\"advgb-post-tax-term\">Brasil<\/span>","<span class=\"advgb-post-tax-term\">G1<\/span>","<span class=\"advgb-post-tax-term\">g7<\/span>","<span class=\"advgb-post-tax-term\">Jap\u00e3o<\/span>","<span class=\"advgb-post-tax-term\">Lula<\/span>","<span class=\"advgb-post-tax-term\">POLITICA<\/span>"]},"tags":{"linked":["<a href=\"https:\/\/sindaopcpb.org.br\/politica\/\" class=\"advgb-post-tax-term\">g1<\/a>"],"unlinked":["<span class=\"advgb-post-tax-term\">g1<\/span>"]}},"comment_count":"0","relative_dates":{"created":"Publicado 3 anos atr\u00e1s","modified":"Atualizado 3 anos atr\u00e1s"},"absolute_dates":{"created":"Publicado em 20 de maio de 2023","modified":"Atualizado em 20 de maio de 2023"},"absolute_dates_time":{"created":"Publicado em 20 de maio de 2023 11:42","modified":"Atualizado em 20 de maio de 2023 11:42"},"featured_img_caption":"","series_order":"","_links":{"self":[{"href":"https:\/\/sindaopcpb.org.br\/index.php\/wp-json\/wp\/v2\/posts\/17315","targetHints":{"allow":["GET"]}}],"collection":[{"href":"https:\/\/sindaopcpb.org.br\/index.php\/wp-json\/wp\/v2\/posts"}],"about":[{"href":"https:\/\/sindaopcpb.org.br\/index.php\/wp-json\/wp\/v2\/types\/post"}],"author":[{"embeddable":true,"href":"https:\/\/sindaopcpb.org.br\/index.php\/wp-json\/wp\/v2\/users\/53"}],"replies":[{"embeddable":true,"href":"https:\/\/sindaopcpb.org.br\/index.php\/wp-json\/wp\/v2\/comments?post=17315"}],"version-history":[{"count":2,"href":"https:\/\/sindaopcpb.org.br\/index.php\/wp-json\/wp\/v2\/posts\/17315\/revisions"}],"predecessor-version":[{"id":17345,"href":"https:\/\/sindaopcpb.org.br\/index.php\/wp-json\/wp\/v2\/posts\/17315\/revisions\/17345"}],"wp:attachment":[{"href":"https:\/\/sindaopcpb.org.br\/index.php\/wp-json\/wp\/v2\/media?parent=17315"}],"wp:term":[{"taxonomy":"category","embeddable":true,"href":"https:\/\/sindaopcpb.org.br\/index.php\/wp-json\/wp\/v2\/categories?post=17315"},{"taxonomy":"post_tag","embeddable":true,"href":"https:\/\/sindaopcpb.org.br\/index.php\/wp-json\/wp\/v2\/tags?post=17315"}],"curies":[{"name":"wp","href":"https:\/\/api.w.org\/{rel}","templated":true}]}}