{"id":17261,"date":"2023-05-19T17:50:00","date_gmt":"2023-05-19T20:50:00","guid":{"rendered":"https:\/\/www.infomoney.com.br\/?p=2139395"},"modified":"2023-05-19T17:50:00","modified_gmt":"2023-05-19T20:50:00","slug":"todos-os-setores-da-fiesp-foram-convencidos-de-que-o-iva-dual-e-o-melhor-imposto-diz-josue","status":"publish","type":"post","link":"https:\/\/sindaopcpb.org.br\/index.php\/2023\/05\/19\/todos-os-setores-da-fiesp-foram-convencidos-de-que-o-iva-dual-e-o-melhor-imposto-diz-josue\/","title":{"rendered":"Todos os setores da Fiesp foram convencidos de que o IVA Dual \u00e9 o melhor imposto, diz Josu\u00e9"},"content":{"rendered":"<p><img loading=\"lazy\" width=\"300\" height=\"205\" src=\"https:\/\/www.infomoney.com.br\/wp-content\/uploads\/2019\/06\/josue-gomes-da-silva.jpg?fit=300%2C205&amp;quality=70&amp;strip=all\" class=\"attachment-medium size-medium wp-post-image\" alt=\"\" decoding=\"async\" style=\"float:right; margin:0 0 10px 10px;\" srcset=\"https:\/\/www.infomoney.com.br\/wp-content\/uploads\/2019\/06\/josue-gomes-da-silva.jpg?w=466&amp;quality=70&amp;strip=all 466w, https:\/\/www.infomoney.com.br\/wp-content\/uploads\/2019\/06\/josue-gomes-da-silva.jpg?w=300&amp;quality=70&amp;strip=all 300w, https:\/\/www.infomoney.com.br\/wp-content\/uploads\/2019\/06\/josue-gomes-da-silva.jpg?w=150&amp;quality=70&amp;strip=all 150w\" sizes=\"auto, (max-width: 300px) 100vw, 300px\" data-attachment-id=\"39348\" data-permalink=\"https:\/\/www.infomoney.com.br\/josue-gomes-da-silva\/\" data-orig-file=\"https:\/\/www.infomoney.com.br\/wp-content\/uploads\/2019\/06\/josue-gomes-da-silva.jpg?fit=466%2C318&amp;quality=70&amp;strip=all\" data-orig-size=\"466,318\" data-comments-opened=\"1\" data-image-meta=\"{&quot;aperture&quot;:&quot;0&quot;,&quot;credit&quot;:&quot;&quot;,&quot;camera&quot;:&quot;&quot;,&quot;caption&quot;:&quot;&quot;,&quot;created_timestamp&quot;:&quot;0&quot;,&quot;copyright&quot;:&quot;&quot;,&quot;focal_length&quot;:&quot;0&quot;,&quot;iso&quot;:&quot;0&quot;,&quot;shutter_speed&quot;:&quot;0&quot;,&quot;title&quot;:&quot;&quot;,&quot;orientation&quot;:&quot;0&quot;}\" data-image-title=\"josue-gomes-da-silva\" data-image-description=\"\" data-image-caption=\"\" data-medium-file=\"https:\/\/www.infomoney.com.br\/wp-content\/uploads\/2019\/06\/josue-gomes-da-silva.jpg?fit=300%2C205&amp;quality=70&amp;strip=all\" data-large-file=\"https:\/\/www.infomoney.com.br\/wp-content\/uploads\/2019\/06\/josue-gomes-da-silva.jpg?fit=466%2C318&amp;quality=70&amp;strip=all\" title=\"\"><\/p>\n<p>O presidente da Federa\u00e7\u00e3o das Ind\u00fastrias do Estado de S\u00e3o Paulo (Fiesp), Josu\u00e9 Gomes, disse nesta sexta-feira (19), durante evento sobre reforma tribut\u00e1ria organizado pelo Grupo de L\u00edderes Empresariais (Lide) que, depois de muita discuss\u00e3o interna, os 27 setores representados pela entidade chegou \u00e0 conclus\u00e3o de que o IVA Dual \u00e9 o melhor imposto para o Brasil.<\/p>\n<p>A entidade, defensora deste modelo de tributo, concedeu a entrevista ao <i>Broadcast<\/i> (sistema de not\u00edcias em tempo real do Grupo Estado) na semana passada em que seu economista-chefe, Igor Rocha, fez defesa enf\u00e1tica da implementa\u00e7\u00e3o de um IBS, ou IVA, de modelo dual, com a extin\u00e7\u00e3o de apenas cinco tributos (IPI, PIS, Cofins, ICMS e ISS) no lugar dos nove tributos originalmente previstos para substitui\u00e7\u00e3o por um \u00fanico IBS.<\/p>\n<p>Nesta sexta, no Lide, Josu\u00e9 Gomes refor\u00e7ou a predile\u00e7\u00e3o da casa por este modelo de impostos. &#8220;Desde que assumi a presid\u00eancia da Fiesp come\u00e7amos a discutir a reforma tribut\u00e1ria. Convencemos os 27 setores da casa de que o IVA Dual \u00e9 o melhor imposto&#8221;, disse.<\/p>\n<p>Ainda, de acordo com o presidente da Fiesp, o atual sistema tribut\u00e1rio do Brasil onera a produ\u00e7\u00e3o e o investimento. Na opini\u00e3o dele, trata-se de um sistema tribut\u00e1rio ultrapassado, que se esgotou.<\/p>\n<p>The post <a rel=\"nofollow noopener\" href=\"https:\/\/www.infomoney.com.br\/politica\/todos-os-setores-da-fiesp-foram-convencidos-de-que-o-iva-dual-e-o-melhor-imposto-diz-josue\/\" target=\"_blank\">Todos os setores da Fiesp foram convencidos de que o IVA Dual \u00e9 o melhor imposto, diz Josu\u00e9<\/a> appeared first on <a rel=\"nofollow noopener\" href=\"https:\/\/www.infomoney.com.br\/\" target=\"_blank\">InfoMoney<\/a>.<\/p>\n","protected":false},"excerpt":{"rendered":"<p><img loading=\"lazy\" decoding=\"async\" width=\"300\" height=\"205\" src=\"https:\/\/www.infomoney.com.br\/wp-content\/uploads\/2019\/06\/josue-gomes-da-silva.jpg?fit=300%2C205&amp;quality=70&amp;strip=all\" class=\"attachment-medium size-medium wp-post-image\" alt=\"\" data-attachment-id=\"39348\" data-permalink=\"https:\/\/www.infomoney.com.br\/josue-gomes-da-silva\/\" data-orig-file=\"https:\/\/www.infomoney.com.br\/wp-content\/uploads\/2019\/06\/josue-gomes-da-silva.jpg?fit=466%2C318&amp;quality=70&amp;strip=all\" data-orig-size=\"466,318\" data-comments-opened=\"1\" data-image-meta='{\"aperture\":\"0\",\"credit\":\"\",\"camera\":\"\",\"caption\":\"\",\"created_timestamp\":\"0\",\"copyright\":\"\",\"focal_length\":\"0\",\"iso\":\"0\",\"shutter_speed\":\"0\",\"title\":\"\",\"orientation\":\"0\"}' data-image-title=\"josue-gomes-da-silva\" data-image-description=\"\" data-image-caption=\"\" data-medium-file=\"https:\/\/www.infomoney.com.br\/wp-content\/uploads\/2019\/06\/josue-gomes-da-silva.jpg?fit=300%2C205&amp;quality=70&amp;strip=all\" data-large-file=\"https:\/\/www.infomoney.com.br\/wp-content\/uploads\/2019\/06\/josue-gomes-da-silva.jpg?fit=466%2C318&amp;quality=70&amp;strip=all\">Dirigente da Federa\u00e7\u00e3o das Ind\u00fastrias do Estado de S\u00e3o Paulo diz que o atual sistema tribut\u00e1rio do Brasil onera a produ\u00e7\u00e3o e o investimento<\/p>\n<p>The post <a rel=\"nofollow\" href=\"https:\/\/www.infomoney.com.br\/politica\/todos-os-setores-da-fiesp-foram-convencidos-de-que-o-iva-dual-e-o-melhor-imposto-diz-josue\/\">Todos os setores da Fiesp foram convencidos de que o IVA Dual \u00e9 o melhor imposto, diz Josu\u00e9<\/a> appeared first on <a rel=\"nofollow\" href=\"https:\/\/www.infomoney.com.br\/\">InfoMoney<\/a>.<\/p>\n","protected":false},"author":43,"featured_media":0,"comment_status":"closed","ping_status":"closed","sticky":false,"template":"","format":"standard","meta":{"advgb_blocks_editor_width":"","advgb_blocks_columns_visual_guide":"","footnotes":""},"categories":[2822,34,47,191],"tags":[35],"class_list":["post-17261","post","type-post","status-publish","format-standard","hentry","category-fiesp","category-g1","category-politica","category-reforma-tributaria","tag-g1"],"author_meta":{"display_name":"Estad\u00e3o Conte\u00fado","author_link":"https:\/\/sindaopcpb.org.br\/author\/estadao-conteudo\/"},"featured_img":null,"coauthors":[],"tax_additional":{"categories":{"linked":["<a href=\"https:\/\/sindaopcpb.org.br\/fiesp\/\" class=\"advgb-post-tax-term\">Fiesp<\/a>","<a href=\"https:\/\/sindaopcpb.org.br\/g1\/\" class=\"advgb-post-tax-term\">G1<\/a>","<a href=\"https:\/\/sindaopcpb.org.br\/politica\/\" class=\"advgb-post-tax-term\">POLITICA<\/a>","<a href=\"https:\/\/sindaopcpb.org.br\/reforma-tributaria\/\" class=\"advgb-post-tax-term\">reforma tribut\u00e1ria<\/a>"],"unlinked":["<span class=\"advgb-post-tax-term\">Fiesp<\/span>","<span class=\"advgb-post-tax-term\">G1<\/span>","<span class=\"advgb-post-tax-term\">POLITICA<\/span>","<span class=\"advgb-post-tax-term\">reforma tribut\u00e1ria<\/span>"]},"tags":{"linked":["<a href=\"https:\/\/sindaopcpb.org.br\/reforma-tributaria\/\" class=\"advgb-post-tax-term\">g1<\/a>"],"unlinked":["<span class=\"advgb-post-tax-term\">g1<\/span>"]}},"comment_count":"0","relative_dates":{"created":"Publicado 3 anos atr\u00e1s","modified":"Atualizado 3 anos atr\u00e1s"},"absolute_dates":{"created":"Publicado em 19 de maio de 2023","modified":"Atualizado em 19 de maio de 2023"},"absolute_dates_time":{"created":"Publicado em 19 de maio de 2023 17:50","modified":"Atualizado em 19 de maio de 2023 17:50"},"featured_img_caption":"","series_order":"","_links":{"self":[{"href":"https:\/\/sindaopcpb.org.br\/index.php\/wp-json\/wp\/v2\/posts\/17261","targetHints":{"allow":["GET"]}}],"collection":[{"href":"https:\/\/sindaopcpb.org.br\/index.php\/wp-json\/wp\/v2\/posts"}],"about":[{"href":"https:\/\/sindaopcpb.org.br\/index.php\/wp-json\/wp\/v2\/types\/post"}],"author":[{"embeddable":true,"href":"https:\/\/sindaopcpb.org.br\/index.php\/wp-json\/wp\/v2\/users\/43"}],"replies":[{"embeddable":true,"href":"https:\/\/sindaopcpb.org.br\/index.php\/wp-json\/wp\/v2\/comments?post=17261"}],"version-history":[{"count":1,"href":"https:\/\/sindaopcpb.org.br\/index.php\/wp-json\/wp\/v2\/posts\/17261\/revisions"}],"predecessor-version":[{"id":17262,"href":"https:\/\/sindaopcpb.org.br\/index.php\/wp-json\/wp\/v2\/posts\/17261\/revisions\/17262"}],"wp:attachment":[{"href":"https:\/\/sindaopcpb.org.br\/index.php\/wp-json\/wp\/v2\/media?parent=17261"}],"wp:term":[{"taxonomy":"category","embeddable":true,"href":"https:\/\/sindaopcpb.org.br\/index.php\/wp-json\/wp\/v2\/categories?post=17261"},{"taxonomy":"post_tag","embeddable":true,"href":"https:\/\/sindaopcpb.org.br\/index.php\/wp-json\/wp\/v2\/tags?post=17261"}],"curies":[{"name":"wp","href":"https:\/\/api.w.org\/{rel}","templated":true}]}}