{"id":17257,"date":"2023-05-19T17:31:30","date_gmt":"2023-05-19T20:31:30","guid":{"rendered":"https:\/\/g1.globo.com\/pb\/paraiba\/noticia\/2023\/05\/19\/condenado-por-morte-de-fernanda-ellen-deixa-a-prisao-10-anos-apos-o-crime.ghtml"},"modified":"2023-05-19T17:31:30","modified_gmt":"2023-05-19T20:31:30","slug":"condenado-por-morte-de-fernanda-ellen-deixa-a-prisao-10-anos-apos-o-crime","status":"publish","type":"post","link":"https:\/\/sindaopcpb.org.br\/index.php\/2023\/05\/19\/condenado-por-morte-de-fernanda-ellen-deixa-a-prisao-10-anos-apos-o-crime\/","title":{"rendered":"Condenado por morte de Fernanda Ellen deixa a pris\u00e3o 10 anos ap\u00f3s o crime"},"content":{"rendered":"   <img src=\"https:\/\/s2.glbimg.com\/-Bg-wytP8vRLJ7Sadx_V8JTEgiE=\/s.glbimg.com\/jo\/g1\/f\/original\/2017\/03\/07\/fernanda-ellen-desaparecida.jpg\" \/><br \/>     Fernanda Ellen foi morta em 2013 aos 11 anos. Assassino da jovem foi condenado a 31 anos pelo crime, e agora vai ser monitorado por tornozeleira eletr\u00f4nica.  Corpo de Fernanda Ellen foi encontrado enterrado no quintal do vizinho\nDivulga\u00e7\u00e3o\/Arquivo Pessoal\nAp\u00f3s 10 anos da morte da jovem Fernanda Ellen, em abril de 2013, o homem condenado pelo assassinato, Jefferson Lu\u00eds Oliveira Soares, deixou a pris\u00e3o. A Vara de Execu\u00e7\u00f5es Penais de Jo\u00e3o Pessoa determinou a progress\u00e3o da pena de 31 anos para o regime semiaberto. De acordo com a Secretaria  de Administra\u00e7\u00e3o Penitenci\u00e1ria da Para\u00edba (Seap-PB), Jefferson vai ser monitorado por tornozeleira eletr\u00f4nica. Fernanda tinha 11 anos quando foi morta.\nEm 12 de abril deste ano, a ju\u00edza Andr\u00e9a Arcoverde Cavalcanti, da Vara de Execu\u00e7\u00f5es Penais de Jo\u00e3o Pessoa, j\u00e1 havia determinado a remiss\u00e3o de 216 dias da pena total de 31 anos, estabelecida em 2013 pelo crime de latroc\u00ednio, roubo seguido de morte, no caso Fernanda Ellen. Dez anos da pena j\u00e1 foram cumpridos no regime fechado. \nA remiss\u00e3o aconteceu, conforme a lei, pelo fato de Jefferson Soares ter trabalhado na Penitenci\u00e1ria Romeu Gon\u00e7alves de Abrantes, conhecida como PB1, nos per\u00edodos de novembro de 2014; janeiro a maio de 2015; agosto a dezembro de 2016 e janeiro a novembro de 2017.  Jefferson deixou o PB1 na quinta (18).\nJefferson Soares foi condenado pelo assassinato de Fernanda Ellen em 2013\nWalter Paparazzo\/G1\nRelembre o caso Fernanda Ellen \nFernanda Ellen Miranda Cabral de Oliveira foi vista pela \u00faltima vez saindo da escola de blusa rosa e short azul, ap\u00f3s buscar o boletim e comemorando a aprova\u00e7\u00e3o. No dia seguinte, a fam\u00edlia da estudante registrou o desaparecimento de Fernanda na Delegacia da Crian\u00e7a e do Adolescente.\nNo dia 11 de janeiro, uma a\u00e7\u00e3o integrada envolvendo pelo menos 70 homens da Pol\u00edcia Militar, Corpo de Bombeiros e Fundac fez uma varredura em uma mata no Alto do Mateus e depois para a \u00e1rea da Ilha do Bispo, bairro vizinho.\nO suspeito, Jefferson Lu\u00eds Oliveira Soares, s\u00f3 veio a ser detido ap\u00f3s tr\u00eas meses do desaparecimento da estudante, no dia 8 de abril de 2013. Ele se parecia com o retrato falado feito por uma prostituta, com quem a pol\u00edcia encontrou o celular de Fernanda. Jefferson tentou fugir ao ver a mulher, que faria o reconhecimento, e foi detido.\nFernanda Ellen foi morta por estrangulamento ap\u00f3s o suspeito tentar conseguir dinheiro para consumir drogas. De acordo com a confiss\u00e3o, Jefferson Soares, de 25 anos, manteve o corpo da menina durante dois dias embaixo de sua cama at\u00e9 conseguir oportunidade de enterr\u00e1-la no quintal de casa, enrolada na piscina de pl\u00e1stico da sua filha.\nA estudante n\u00e3o tinha dinheiro, apenas o celular, que foi trocado por cinco pedras de crack.\nA Pol\u00edcia Civil e a Pol\u00edcia Militar iniciaram escava\u00e7\u00f5es em busca de um corpo, no mesmo dia. Apesar da confiss\u00e3o, o corpo encontrado estava em alto estado de decomposi\u00e7\u00e3o e s\u00f3 foi comprovado que o corpo encontrado era realmente de Fernanda Ellen, atrav\u00e9s da an\u00e1lise da arcada dent\u00e1ria e da reconstru\u00e7\u00e3o facial, realizado pelo Instituto de Pol\u00edcia Cient\u00edfica (IPC) da Para\u00edba.\nO corpo da estudante foi liberado pelo IPC no final de abril quando foi sepultado 112 dias depois da data do desaparecimento. A cerim\u00f4nia, que teve um culto e homenagens, foi curta devido ao estado em que o corpo foi encontrado.\nO resultado do julgamento saiu em setembro do mesmo ano do crime. Jefferson Soares foi condenado a 31 anos de pris\u00e3o em regime fechado pelo crime de latroc\u00ednio, roubo seguido de morte. A ju\u00edza Anna Carla Falc\u00e3o entendeu que o acusado matou a estudante para roubar o celular dela, por isso ele n\u00e3o foi a j\u00fari popular, como acontece nos casos de homic\u00eddio.\nFernanda Ellen sonhava em ser m\u00e9dica\nPais da estudante Fernanda Ellen\nJorge Machado\/G1\nA estudante Fernanda Ellen sonhava em ser m\u00e9dica. Gostava de se maquiar e fotografar, ent\u00e3o tamb\u00e9m desejava fazer um curso de modelo. Ela completaria 22 anos em maio de 2023. Mas aos 11 anos de idade, Fernanda foi encontrada morta, na casa de um vizinho da fam\u00edlia, em Jo\u00e3o Pessoa.\nNanda, como era chamada, era muito carinhosa, alegre e fazia amizade facilmente com todos que conhecia. O sonho da menina era fazer faculdade de medicina. A m\u00e3e da menina falou com o g1 quando o crime completou 10 anos. \n\u201cEla falava muito sobre isso, mas s\u00f3 para ter a experi\u00eancia. O sonho dela mesmo era ser m\u00e9dica. Hoje com certeza j\u00e1 estaria na faculdade, porque ela era muito dedicada, mas infelizmente esse sonho foi interrompido\u201d, relembra Eliz\u00e2ngela Miranda, m\u00e3e de Fernanda Ellen.\nA m\u00e3e de Nanda relata que seguir em frente sem a filha foi muito dif\u00edcil. Toda fam\u00edlia ficou abalada, mas precisaram criar for\u00e7as para continuar por causa do filho mais novo, que na \u00e9poca do crime tinha 3 anos. \u201c\u00c9 uma lacuna que n\u00e3o \u00e9 preenchida nunca\u201d, conta Elis\u00e2ngela.\nFazer as coisas rotineiras sem Fernanda foi um longo processo para a fam\u00edlia de Fernanda. Por muitas vezes o irm\u00e3o mais novo ia at\u00e9 o quarto da menina procurando por ela e a m\u00e3e at\u00e9 hoje acorda \u00e0s 5h da manh\u00e3, como fazia para organizar as coisas do col\u00e9gio. O pai, F\u00e1bio J\u00fanior, caminhoneiro, at\u00e9 hoje precisa tomar rem\u00e9dios e voltar para a estrada foi complicado.\n\u201cA gente passou muito tempo sem sair de casa porque a gente n\u00e3o conseguia ir a determinados lugares que lembravam ela. Eu n\u00e3o me sinto \u00e0 vontade em fazer feira ou a papelaria sem Fernanda\", relata Eliz\u00e2ngela, pois eram os locais que mais costumavam ir juntas.\nEliz\u00e2ngela escolheu lembrar dos momentos bons com a filha, como quando assistiam filmes juntas, para que essa saudade amenizasse um pouco. Dez anos j\u00e1 se passaram e muitas pessoas esqueceram, mas Eliz\u00e2ngela e F\u00e1bio convivem com as mem\u00f3rias diariamente.\nPerto do suspeito completar um ter\u00e7o da pena determinada pela justi\u00e7a, a m\u00e3e afirma que \u00e9 revoltante pensar na possibilidade de Jefferson Soares ganhar as ruas. \"Ser\u00e1 que a vida da minha filha vale s\u00f3 10 anos?\", se pergunta.\nV\u00eddeos mais assistidos do g1 Para\u00edba  ","protected":false},"excerpt":{"rendered":"<p>        Fernanda Ellen foi morta em 2013 aos 11 anos. Assassino da jovem foi condenado a 31 anos pelo crime, e agora vai ser monitorado por tornozeleira eletr\u00f4nica.  Corpo de Fernanda Ellen foi encontrado enterrado no quintal do vizinho<br \/>\nDivulga\u00e7\u00e3o\/Arqu&#8230;<\/p>\n","protected":false},"author":2,"featured_media":0,"comment_status":"closed","ping_status":"closed","sticky":false,"template":"","format":"standard","meta":{"advgb_blocks_editor_width":"","advgb_blocks_columns_visual_guide":"","footnotes":""},"categories":[34],"tags":[35],"class_list":["post-17257","post","type-post","status-publish","format-standard","hentry","category-g1","tag-g1"],"author_meta":{"display_name":"g1 &gt; Para\u00edba","author_link":"https:\/\/sindaopcpb.org.br\/author\/g1-paraiba\/"},"featured_img":null,"coauthors":[],"tax_additional":{"categories":{"linked":["<a href=\"https:\/\/sindaopcpb.org.br\/g1\/\" class=\"advgb-post-tax-term\">G1<\/a>"],"unlinked":["<span class=\"advgb-post-tax-term\">G1<\/span>"]},"tags":{"linked":["<a href=\"https:\/\/sindaopcpb.org.br\/g1\/\" class=\"advgb-post-tax-term\">g1<\/a>"],"unlinked":["<span class=\"advgb-post-tax-term\">g1<\/span>"]}},"comment_count":"0","relative_dates":{"created":"Publicado 3 anos atr\u00e1s","modified":"Atualizado 3 anos atr\u00e1s"},"absolute_dates":{"created":"Publicado em 19 de maio de 2023","modified":"Atualizado em 19 de maio de 2023"},"absolute_dates_time":{"created":"Publicado em 19 de maio de 2023 17:31","modified":"Atualizado em 19 de maio de 2023 17:31"},"featured_img_caption":"","series_order":"","_links":{"self":[{"href":"https:\/\/sindaopcpb.org.br\/index.php\/wp-json\/wp\/v2\/posts\/17257","targetHints":{"allow":["GET"]}}],"collection":[{"href":"https:\/\/sindaopcpb.org.br\/index.php\/wp-json\/wp\/v2\/posts"}],"about":[{"href":"https:\/\/sindaopcpb.org.br\/index.php\/wp-json\/wp\/v2\/types\/post"}],"author":[{"embeddable":true,"href":"https:\/\/sindaopcpb.org.br\/index.php\/wp-json\/wp\/v2\/users\/2"}],"replies":[{"embeddable":true,"href":"https:\/\/sindaopcpb.org.br\/index.php\/wp-json\/wp\/v2\/comments?post=17257"}],"version-history":[{"count":1,"href":"https:\/\/sindaopcpb.org.br\/index.php\/wp-json\/wp\/v2\/posts\/17257\/revisions"}],"predecessor-version":[{"id":17258,"href":"https:\/\/sindaopcpb.org.br\/index.php\/wp-json\/wp\/v2\/posts\/17257\/revisions\/17258"}],"wp:attachment":[{"href":"https:\/\/sindaopcpb.org.br\/index.php\/wp-json\/wp\/v2\/media?parent=17257"}],"wp:term":[{"taxonomy":"category","embeddable":true,"href":"https:\/\/sindaopcpb.org.br\/index.php\/wp-json\/wp\/v2\/categories?post=17257"},{"taxonomy":"post_tag","embeddable":true,"href":"https:\/\/sindaopcpb.org.br\/index.php\/wp-json\/wp\/v2\/tags?post=17257"}],"curies":[{"name":"wp","href":"https:\/\/api.w.org\/{rel}","templated":true}]}}