{"id":17233,"date":"2023-05-19T15:54:54","date_gmt":"2023-05-19T18:54:54","guid":{"rendered":"https:\/\/g1.globo.com\/pb\/paraiba\/noticia\/2023\/05\/19\/alunos-da-rede-municipal-de-joao-pessoa-vao-poder-ser-vacinados-contra-influenza-nas-escolas.ghtml"},"modified":"2023-05-19T15:54:54","modified_gmt":"2023-05-19T18:54:54","slug":"alunos-da-rede-municipal-de-joao-pessoa-vao-poder-ser-vacinados-contra-influenza-nas-escolas","status":"publish","type":"post","link":"https:\/\/sindaopcpb.org.br\/index.php\/2023\/05\/19\/alunos-da-rede-municipal-de-joao-pessoa-vao-poder-ser-vacinados-contra-influenza-nas-escolas\/","title":{"rendered":"Alunos da rede municipal de Jo\u00e3o Pessoa v\u00e3o poder ser vacinados contra Influenza nas escolas"},"content":{"rendered":"   <img src=\"https:\/\/s2.glbimg.com\/A5imRI2BHKi-lPmbQ841CK1Y4vc=\/i.s3.glbimg.com\/v1\/AUTH_59edd422c0c84a879bd37670ae4f538a\/internal_photos\/bs\/2023\/Y\/H\/7jnlyBR9CyP3qQ9oXbxw\/e6897096-8068-4037-b5c9-7c9514d7fc37.jpg\" \/><br \/>     Vacina\u00e7\u00e3o em creches e escolas inicia na segunda-feira. Pais precisam enviar o cart\u00e3o de vacina e assinar uma declara\u00e7\u00e3o autorizando a crian\u00e7a a se vacinar. Alunos da rede municipal de JP v\u00e3o ser vacinados contra influenza nas escolas\nReprodu\u00e7\u00e3o \/ Ag\u00eancia Bel\u00e9m\nAlunos da rede municipal de Jo\u00e3o Pessoa v\u00e3o poder ser vacinados contra a influenza nas escolas e creches a partir da pr\u00f3xima segunda-feira (22). A informa\u00e7\u00e3o foi dada pela diretora de Aten\u00e7\u00e3o \u00e0 Sa\u00fade de Jo\u00e3o Pessoa, Aline Grisi. A a\u00e7\u00e3o \u00e9 parte da estrat\u00e9gia para  atingir a meta de cobertura vacinal da campanha \nDe acordo com a Sa\u00fade de Jo\u00e3o Pessoa,  para as crian\u00e7as se vacinarem \u00e9 preciso que os pais assinem uma declara\u00e7\u00e3o dando a autoriza\u00e7\u00e3o e mandar o cart\u00e3o de vacina\u00e7\u00e3o para que sejam analisadas quais as  vacinas podem ser aplicadas. O foco, no entanto, \u00e9 a vacina contra a influenza, tendo em vista os casos de s\u00edndromes respirat\u00f3rias, que tem atingido as crian\u00e7as de forma mais forte.\nAline Grisi refor\u00e7ou que os pais precisam entender a import\u00e2ncia da vacina\u00e7\u00e3o dos filhos. \"A cobertura vacinal est\u00e1 muito baixa. E enquanto Secretaria Municipal de Sa\u00fade, a gente vem fazendo o nosso papel, e est\u00e1 nesta busca ativa\", afirmou. \nApesar de ser a capital do Nordeste com melhores \u00edndices de vacina\u00e7\u00e3o, Jo\u00e3o Pessoa tinha, at\u00e9 esta sexta-feira (19),  apenas 36,88% de doses de vacina contra Influenza aplicadas na popula\u00e7\u00e3o. A meta estabelecida \u00e9 de vacina\u00e7\u00e3o de 90% do p\u00fablico-alvo. n\u00famero muito abaixo da meta.\nAlunos da rede municipal de Jo\u00e3o Pessoa ser\u00e3o vacinados nas escolas a partir de segunda (22)\nV\u00eddeos mais assistidos da Para\u00edba  ","protected":false},"excerpt":{"rendered":"<p>        Vacina\u00e7\u00e3o em creches e escolas inicia na segunda-feira. Pais precisam enviar o cart\u00e3o de vacina e assinar uma declara\u00e7\u00e3o autorizando a crian\u00e7a a se vacinar. Alunos da rede municipal de JP v\u00e3o ser vacinados contra influenza nas escolas<br \/>\nReprodu\u00e7\u00e3&#8230;<\/p>\n","protected":false},"author":2,"featured_media":0,"comment_status":"closed","ping_status":"closed","sticky":false,"template":"","format":"standard","meta":{"advgb_blocks_editor_width":"","advgb_blocks_columns_visual_guide":"","footnotes":""},"categories":[34],"tags":[35],"class_list":["post-17233","post","type-post","status-publish","format-standard","hentry","category-g1","tag-g1"],"author_meta":{"display_name":"g1 &gt; Para\u00edba","author_link":"https:\/\/sindaopcpb.org.br\/author\/g1-paraiba\/"},"featured_img":null,"coauthors":[],"tax_additional":{"categories":{"linked":["<a href=\"https:\/\/sindaopcpb.org.br\/g1\/\" class=\"advgb-post-tax-term\">G1<\/a>"],"unlinked":["<span class=\"advgb-post-tax-term\">G1<\/span>"]},"tags":{"linked":["<a href=\"https:\/\/sindaopcpb.org.br\/g1\/\" class=\"advgb-post-tax-term\">g1<\/a>"],"unlinked":["<span class=\"advgb-post-tax-term\">g1<\/span>"]}},"comment_count":"0","relative_dates":{"created":"Publicado 3 anos atr\u00e1s","modified":"Atualizado 3 anos atr\u00e1s"},"absolute_dates":{"created":"Publicado em 19 de maio de 2023","modified":"Atualizado em 19 de maio de 2023"},"absolute_dates_time":{"created":"Publicado em 19 de maio de 2023 15:54","modified":"Atualizado em 19 de maio de 2023 15:54"},"featured_img_caption":"","series_order":"","_links":{"self":[{"href":"https:\/\/sindaopcpb.org.br\/index.php\/wp-json\/wp\/v2\/posts\/17233","targetHints":{"allow":["GET"]}}],"collection":[{"href":"https:\/\/sindaopcpb.org.br\/index.php\/wp-json\/wp\/v2\/posts"}],"about":[{"href":"https:\/\/sindaopcpb.org.br\/index.php\/wp-json\/wp\/v2\/types\/post"}],"author":[{"embeddable":true,"href":"https:\/\/sindaopcpb.org.br\/index.php\/wp-json\/wp\/v2\/users\/2"}],"replies":[{"embeddable":true,"href":"https:\/\/sindaopcpb.org.br\/index.php\/wp-json\/wp\/v2\/comments?post=17233"}],"version-history":[{"count":1,"href":"https:\/\/sindaopcpb.org.br\/index.php\/wp-json\/wp\/v2\/posts\/17233\/revisions"}],"predecessor-version":[{"id":17234,"href":"https:\/\/sindaopcpb.org.br\/index.php\/wp-json\/wp\/v2\/posts\/17233\/revisions\/17234"}],"wp:attachment":[{"href":"https:\/\/sindaopcpb.org.br\/index.php\/wp-json\/wp\/v2\/media?parent=17233"}],"wp:term":[{"taxonomy":"category","embeddable":true,"href":"https:\/\/sindaopcpb.org.br\/index.php\/wp-json\/wp\/v2\/categories?post=17233"},{"taxonomy":"post_tag","embeddable":true,"href":"https:\/\/sindaopcpb.org.br\/index.php\/wp-json\/wp\/v2\/tags?post=17233"}],"curies":[{"name":"wp","href":"https:\/\/api.w.org\/{rel}","templated":true}]}}