{"id":17219,"date":"2023-05-19T15:44:34","date_gmt":"2023-05-19T18:44:34","guid":{"rendered":"https:\/\/www.infomoney.com.br\/?p=2139239"},"modified":"2023-05-19T15:44:34","modified_gmt":"2023-05-19T18:44:34","slug":"comissao-dos-ianomamis-ouvira-simone-tebet-e-waldez-goes-sobre-o-desenvolvimento-de-roraima","status":"publish","type":"post","link":"https:\/\/sindaopcpb.org.br\/index.php\/2023\/05\/19\/comissao-dos-ianomamis-ouvira-simone-tebet-e-waldez-goes-sobre-o-desenvolvimento-de-roraima\/","title":{"rendered":"Comiss\u00e3o dos ianom\u00e2mis ouvir\u00e1 Simone Tebet e Waldez G\u00f3es sobre o desenvolvimento de Roraima"},"content":{"rendered":"<p><img loading=\"lazy\" width=\"300\" height=\"200\" src=\"https:\/\/www.infomoney.com.br\/wp-content\/uploads\/2023\/04\/52621591439_4403bdf32b_c.jpg?fit=300%2C200&amp;quality=70&amp;strip=all\" class=\"attachment-medium size-medium wp-post-image\" alt=\"\" decoding=\"async\" style=\"float:right; margin:0 0 10px 10px;\" srcset=\"https:\/\/www.infomoney.com.br\/wp-content\/uploads\/2023\/04\/52621591439_4403bdf32b_c.jpg?w=799&amp;quality=70&amp;strip=all 799w, https:\/\/www.infomoney.com.br\/wp-content\/uploads\/2023\/04\/52621591439_4403bdf32b_c.jpg?w=300&amp;quality=70&amp;strip=all 300w, https:\/\/www.infomoney.com.br\/wp-content\/uploads\/2023\/04\/52621591439_4403bdf32b_c.jpg?w=768&amp;quality=70&amp;strip=all 768w, https:\/\/www.infomoney.com.br\/wp-content\/uploads\/2023\/04\/52621591439_4403bdf32b_c.jpg?w=150&amp;quality=70&amp;strip=all 150w\" sizes=\"auto, (max-width: 300px) 100vw, 300px\" data-attachment-id=\"2109715\" data-permalink=\"https:\/\/www.infomoney.com.br\/politica\/simone-tebet-projeto-de-lei-diretrizes-orcamentarias-deficit-zero-2024-ao-vivo\/attachment\/52621591439_4403bdf32b_c\/\" data-orig-file=\"https:\/\/www.infomoney.com.br\/wp-content\/uploads\/2023\/04\/52621591439_4403bdf32b_c.jpg?fit=799%2C533&amp;quality=70&amp;strip=all\" data-orig-size=\"799,533\" data-comments-opened=\"0\" data-image-meta=\"{&quot;aperture&quot;:&quot;0&quot;,&quot;credit&quot;:&quot;&quot;,&quot;camera&quot;:&quot;&quot;,&quot;caption&quot;:&quot;&quot;,&quot;created_timestamp&quot;:&quot;0&quot;,&quot;copyright&quot;:&quot;&quot;,&quot;focal_length&quot;:&quot;0&quot;,&quot;iso&quot;:&quot;0&quot;,&quot;shutter_speed&quot;:&quot;0&quot;,&quot;title&quot;:&quot;&quot;,&quot;orientation&quot;:&quot;0&quot;}\" data-image-title=\"Simone Tebet\" data-image-description=\"\" data-image-caption=\"&lt;p&gt;A ministra do Planejamento e Or\u00e7amento, Simone Tebet (MDB), durante entrevista coletiva (FOTO: EDU ANDRADE\/Ascom\/MF)&lt;\/p&gt;\n\" data-medium-file=\"https:\/\/www.infomoney.com.br\/wp-content\/uploads\/2023\/04\/52621591439_4403bdf32b_c.jpg?fit=300%2C200&amp;quality=70&amp;strip=all\" data-large-file=\"https:\/\/www.infomoney.com.br\/wp-content\/uploads\/2023\/04\/52621591439_4403bdf32b_c.jpg?fit=799%2C533&amp;quality=70&amp;strip=all\" title=\"\"><\/p>\n<p>Est\u00e1 marcada para as 11h da ter\u00e7a-feira (23) a 13\u00aa reuni\u00e3o da comiss\u00e3o tempor\u00e1ria externa do Senado que acompanha a situa\u00e7\u00e3o dos ianom\u00e2mis e a sa\u00edda dos garimpeiros. Os parlamentares convidaram autoridades como o ministro da Integra\u00e7\u00e3o e do Desenvolvimento Regional, Waldez G\u00f3es, e a ministra do Planejamento e Or\u00e7amento, Simone Tebet, para discutir meios de promover o desenvolvimento socioecon\u00f4mico de Roraima. A inten\u00e7\u00e3o \u00e9 ajudar a diminuir, a m\u00e9dio e longo prazo, atividades ilegais de garimpo em terras ind\u00edgenas. O pedido para a audi\u00eancia p\u00fablica \u00e9 do presidente da comiss\u00e3o tempor\u00e1ria, senador Chico Rodrigues (PSB-RR).<\/p>\n<p>A reuni\u00e3o ser\u00e1 na sala 3 da Ala Senador Alexandre Costa. Tamb\u00e9m s\u00e3o esperados o secret\u00e1rio adjunto de Planejamento e Or\u00e7amento de Roraima, F\u00e1bio Rodrigues Martinez, e o ex-secret\u00e1rio da mesma pasta, Diego Prandino Alves.<\/p>\n<p>The post <a rel=\"nofollow noopener\" href=\"https:\/\/www.infomoney.com.br\/politica\/comissao-dos-ianomamis-ouvira-simone-tebet-e-waldez-goes-sobre-o-desenvolvimento-de-roraima\/\" target=\"_blank\">Comiss\u00e3o dos ianom\u00e2mis ouvir\u00e1 Simone Tebet e Waldez G\u00f3es sobre o desenvolvimento de Roraima<\/a> appeared first on <a rel=\"nofollow noopener\" href=\"https:\/\/www.infomoney.com.br\/\" target=\"_blank\">InfoMoney<\/a>.<\/p>\n","protected":false},"excerpt":{"rendered":"<p><img loading=\"lazy\" decoding=\"async\" width=\"300\" height=\"200\" src=\"https:\/\/www.infomoney.com.br\/wp-content\/uploads\/2023\/04\/52621591439_4403bdf32b_c.jpg?fit=300%2C200&amp;quality=70&amp;strip=all\" class=\"attachment-medium size-medium wp-post-image\" alt=\"\" data-attachment-id=\"2109715\" data-permalink=\"https:\/\/www.infomoney.com.br\/politica\/simone-tebet-projeto-de-lei-diretrizes-orcamentarias-deficit-zero-2024-ao-vivo\/attachment\/52621591439_4403bdf32b_c\/\" data-orig-file=\"https:\/\/www.infomoney.com.br\/wp-content\/uploads\/2023\/04\/52621591439_4403bdf32b_c.jpg?fit=799%2C533&amp;quality=70&amp;strip=all\" data-orig-size=\"799,533\" data-comments-opened=\"0\" data-image-meta='{\"aperture\":\"0\",\"credit\":\"\",\"camera\":\"\",\"caption\":\"\",\"created_timestamp\":\"0\",\"copyright\":\"\",\"focal_length\":\"0\",\"iso\":\"0\",\"shutter_speed\":\"0\",\"title\":\"\",\"orientation\":\"0\"}' data-image-title=\"Simone Tebet\" data-image-description=\"\" data-image-caption=\"&lt;p&gt;A ministra do Planejamento e Or\u00e7amento, Simone Tebet (MDB), durante entrevista coletiva (FOTO: EDU ANDRADE\/Ascom\/MF)&lt;\/p&gt;\n\" data-medium-file=\"https:\/\/www.infomoney.com.br\/wp-content\/uploads\/2023\/04\/52621591439_4403bdf32b_c.jpg?fit=300%2C200&amp;quality=70&amp;strip=all\" data-large-file=\"https:\/\/www.infomoney.com.br\/wp-content\/uploads\/2023\/04\/52621591439_4403bdf32b_c.jpg?fit=799%2C533&amp;quality=70&amp;strip=all\">Tamb\u00e9m \u00e9 esperada a participa\u00e7\u00e3o do secret\u00e1rio estadual adjunto de Planejamento e Or\u00e7amento, F\u00e1bio Rodrigues Martinez<\/p>\n<p>The post <a rel=\"nofollow\" href=\"https:\/\/www.infomoney.com.br\/politica\/comissao-dos-ianomamis-ouvira-simone-tebet-e-waldez-goes-sobre-o-desenvolvimento-de-roraima\/\">Comiss\u00e3o dos ianom\u00e2mis ouvir\u00e1 Simone Tebet e Waldez G\u00f3es sobre o desenvolvimento de Roraima<\/a> appeared first on <a rel=\"nofollow\" href=\"https:\/\/www.infomoney.com.br\/\">InfoMoney<\/a>.<\/p>\n","protected":false},"author":47,"featured_media":0,"comment_status":"closed","ping_status":"closed","sticky":false,"template":"","format":"standard","meta":{"advgb_blocks_editor_width":"","advgb_blocks_columns_visual_guide":"","footnotes":""},"categories":[34,47,403,360],"tags":[35],"class_list":["post-17219","post","type-post","status-publish","format-standard","hentry","category-g1","category-politica","category-senado","category-simone-tebet","tag-g1"],"author_meta":{"display_name":"luispereira","author_link":"https:\/\/sindaopcpb.org.br\/author\/luispereira\/"},"featured_img":null,"coauthors":[],"tax_additional":{"categories":{"linked":["<a href=\"https:\/\/sindaopcpb.org.br\/g1\/\" class=\"advgb-post-tax-term\">G1<\/a>","<a href=\"https:\/\/sindaopcpb.org.br\/politica\/\" class=\"advgb-post-tax-term\">POLITICA<\/a>","<a href=\"https:\/\/sindaopcpb.org.br\/senado\/\" class=\"advgb-post-tax-term\">Senado<\/a>","<a href=\"https:\/\/sindaopcpb.org.br\/simone-tebet\/\" class=\"advgb-post-tax-term\">Simone Tebet<\/a>"],"unlinked":["<span class=\"advgb-post-tax-term\">G1<\/span>","<span class=\"advgb-post-tax-term\">POLITICA<\/span>","<span class=\"advgb-post-tax-term\">Senado<\/span>","<span class=\"advgb-post-tax-term\">Simone Tebet<\/span>"]},"tags":{"linked":["<a href=\"https:\/\/sindaopcpb.org.br\/simone-tebet\/\" class=\"advgb-post-tax-term\">g1<\/a>"],"unlinked":["<span class=\"advgb-post-tax-term\">g1<\/span>"]}},"comment_count":"0","relative_dates":{"created":"Publicado 3 anos atr\u00e1s","modified":"Atualizado 3 anos atr\u00e1s"},"absolute_dates":{"created":"Publicado em 19 de maio de 2023","modified":"Atualizado em 19 de maio de 2023"},"absolute_dates_time":{"created":"Publicado em 19 de maio de 2023 15:44","modified":"Atualizado em 19 de maio de 2023 15:44"},"featured_img_caption":"","series_order":"","_links":{"self":[{"href":"https:\/\/sindaopcpb.org.br\/index.php\/wp-json\/wp\/v2\/posts\/17219","targetHints":{"allow":["GET"]}}],"collection":[{"href":"https:\/\/sindaopcpb.org.br\/index.php\/wp-json\/wp\/v2\/posts"}],"about":[{"href":"https:\/\/sindaopcpb.org.br\/index.php\/wp-json\/wp\/v2\/types\/post"}],"author":[{"embeddable":true,"href":"https:\/\/sindaopcpb.org.br\/index.php\/wp-json\/wp\/v2\/users\/47"}],"replies":[{"embeddable":true,"href":"https:\/\/sindaopcpb.org.br\/index.php\/wp-json\/wp\/v2\/comments?post=17219"}],"version-history":[{"count":1,"href":"https:\/\/sindaopcpb.org.br\/index.php\/wp-json\/wp\/v2\/posts\/17219\/revisions"}],"predecessor-version":[{"id":17220,"href":"https:\/\/sindaopcpb.org.br\/index.php\/wp-json\/wp\/v2\/posts\/17219\/revisions\/17220"}],"wp:attachment":[{"href":"https:\/\/sindaopcpb.org.br\/index.php\/wp-json\/wp\/v2\/media?parent=17219"}],"wp:term":[{"taxonomy":"category","embeddable":true,"href":"https:\/\/sindaopcpb.org.br\/index.php\/wp-json\/wp\/v2\/categories?post=17219"},{"taxonomy":"post_tag","embeddable":true,"href":"https:\/\/sindaopcpb.org.br\/index.php\/wp-json\/wp\/v2\/tags?post=17219"}],"curies":[{"name":"wp","href":"https:\/\/api.w.org\/{rel}","templated":true}]}}